{"id":162184,"date":"2025-06-09T01:49:25","date_gmt":"2025-06-09T01:49:25","guid":{"rendered":"https:\/\/www.europesays.com\/fr\/162184\/"},"modified":"2025-06-09T01:49:25","modified_gmt":"2025-06-09T01:49:25","slug":"les-grenoblois-maudits-vont-devoir-digerer-avant-le-barrage","status":"publish","type":"post","link":"https:\/\/www.europesays.com\/fr\/162184\/","title":{"rendered":"les Grenoblois \u00abmaudits\u00bb vont devoir \u00abdig\u00e9rer\u00bb avant le barrage"},"content":{"rendered":"<p>Leader de Pro D2, Grenoble s\u2019est fait surprendre en finale face \u00e0 Montauban ce samedi \u00e0 Ernest-Wallon. Les Grenoblois joueront un barrage contre le 13e de Top 14 samedi prochain.<\/p>\n<p class=\"fig-paragraph\">\u00abOn pourrait dire que nous sommes maudits\u00bb, a jug\u00e9 Antonin Burryer, capitaine de Grenoble,<a href=\"http:\/\/www.lefigaro.fr\/sports\/rugby\/top-14\/pro-d2-le-graal-pour-montauban-la-rechute-pour-grenoble-les-tops-et-les-flops-de-la-finale-20250607\" data-fig-type=\"NewsFlash\" data-gtm-custom-categorie=\"navigation\" data-gtm-custom-action=\"crossclick\" data-gtm-custom-label=\"Contextuel\" data-gtm-event=\"customEventSPE\" data-fig-domain=\"LEFIGARO\" rel=\"nofollow noopener\" target=\"_blank\">\u00a0battu par Montauban samedi pour la troisi\u00e8me fois d&rsquo;affil\u00e9e en finale de Pro D2<\/a>, et qui va devoir \u00abdig\u00e9rer\u00bb.<\/p>\n<p class=\"fig-paragraph\">\u00abOn n&rsquo;a pas \u00e9t\u00e9 assez bons. (&#8230;) On pourrait dire que nous sommes maudits mais c&rsquo;est surtout que nous n&rsquo;avons pas fait le match qu&rsquo;il fallait pour \u00eatre champion\u00bb, a admis le talonneur. Pour esp\u00e9rer rejoindre l&rsquo;\u00e9lite Grenoble devra donc s&rsquo;imposer lors du prochain \u00abAccess Match\u00bb qui l&rsquo;opposera samedi prochain au 13e de Top 14 \u00e0 domicile. Mais \u00abavant de se projeter il va falloir dig\u00e9rer\u00bb et \u00abce n&rsquo;est simple pour personne\u00bb, a d\u00e9clar\u00e9 Berruyer.<\/p>\n<p class=\"fig-paragraph\">Premier de la saison r\u00e9guli\u00e8re, Grenoble partait pourtant favori face au 6e mais pour la troisi\u00e8me fois cons\u00e9cutive le FCG a \u00e9chou\u00e9 \u00e0 ce stade de la comp\u00e9tition. \u00abTout le monde est tr\u00e8s malheureux, tr\u00e8s touch\u00e9\u00bb a reconnu l&rsquo;entra\u00eeneur Patrick Pezery qui estime toutefois ses ouailles \u00abcapables de r\u00e9silience\u00bb. \u00abOn a perdu ce match et il y a des raisons mais on va remobiliser les mecs et faire ce qu&rsquo;il faut car il nous reste encore une option\u00bb, a-t-il soulign\u00e9.<\/p>\n","protected":false},"excerpt":{"rendered":"Leader de Pro D2, Grenoble s\u2019est fait surprendre en finale face \u00e0 Montauban ce samedi \u00e0 Ernest-Wallon. Les&hellip;\n","protected":false},"author":2,"featured_media":162185,"comment_status":"","ping_status":"","sticky":false,"template":"","format":"standard","meta":{"footnotes":""},"categories":[9566],"tags":[1111,11,2430,525,4590,1981,2313,814,1777,674,1011,27,2731,955,12,4589,2308,2311,25,1980,479,2259,478,2310,2312],"class_list":{"0":"post-162184","1":"post","2":"type-post","3":"status-publish","4":"format-standard","5":"has-post-thumbnail","7":"category-grenoble","8":"tag-actu","9":"tag-actualites","10":"tag-auvergne-rhone-alpes","11":"tag-calendrier","12":"tag-championnat-france","13":"tag-classement","14":"tag-clermont","15":"tag-direct","16":"tag-eu","17":"tag-europe","18":"tag-fr","19":"tag-france","20":"tag-grenoble","21":"tag-match","22":"tag-news","23":"tag-phase-finale","24":"tag-pro-d2","25":"tag-racing","26":"tag-republique-francaise","27":"tag-resultats","28":"tag-rugby","29":"tag-score","30":"tag-top-14","31":"tag-toulon","32":"tag-toulouse"},"share_on_mastodon":{"url":"https:\/\/pubeurope.com\/@fr\/114650897624314123","error":""},"_links":{"self":[{"href":"https:\/\/www.europesays.com\/fr\/wp-json\/wp\/v2\/posts\/162184","targetHints":{"allow":["GET"]}}],"collection":[{"href":"https:\/\/www.europesays.com\/fr\/wp-json\/wp\/v2\/posts"}],"about":[{"href":"https:\/\/www.europesays.com\/fr\/wp-json\/wp\/v2\/types\/post"}],"author":[{"embeddable":true,"href":"https:\/\/www.europesays.com\/fr\/wp-json\/wp\/v2\/users\/2"}],"replies":[{"embeddable":true,"href":"https:\/\/www.europesays.com\/fr\/wp-json\/wp\/v2\/comments?post=162184"}],"version-history":[{"count":0,"href":"https:\/\/www.europesays.com\/fr\/wp-json\/wp\/v2\/posts\/162184\/revisions"}],"wp:featuredmedia":[{"embeddable":true,"href":"https:\/\/www.europesays.com\/fr\/wp-json\/wp\/v2\/media\/162185"}],"wp:attachment":[{"href":"https:\/\/www.europesays.com\/fr\/wp-json\/wp\/v2\/media?parent=162184"}],"wp:term":[{"taxonomy":"category","embeddable":true,"href":"https:\/\/www.europesays.com\/fr\/wp-json\/wp\/v2\/categories?post=162184"},{"taxonomy":"post_tag","embeddable":true,"href":"https:\/\/www.europesays.com\/fr\/wp-json\/wp\/v2\/tags?post=162184"}],"curies":[{"name":"wp","href":"https:\/\/api.w.org\/{rel}","templated":true}]}}