{"id":162186,"date":"2025-06-09T01:52:12","date_gmt":"2025-06-09T01:52:12","guid":{"rendered":"https:\/\/www.europesays.com\/fr\/162186\/"},"modified":"2025-06-09T01:52:12","modified_gmt":"2025-06-09T01:52:12","slug":"un-avant-gout-vibrant-de-strasbourg-avec-lonj-et-des-creations-inedites-2","status":"publish","type":"post","link":"https:\/\/www.europesays.com\/fr\/162186\/","title":{"rendered":"un avant-go\u00fbt vibrant de Strasbourg avec l\u2019ONJ et des cr\u00e9ations in\u00e9dites"},"content":{"rendered":"<p>Que de premi\u00e8res cr\u00e9ations\u00a0! Elles sont multiples les alliances musicales in\u00e9dites rassemblant des artistes originaires de France, d\u2019Allemagne, de Pologne,\u00a0etc. qui, dans un \u00e9lan artistique r\u00e9jouissant, ont \u00e9maill\u00e9 <a href=\"https:\/\/jazzdor.com\/fr\/time-machine-sleeping-animals\" target=\"_blank\" rel=\"nofollow noopener\">la derni\u00e8re \u00e9dition de Jazzdor \u00e0 Berlin<\/a> programm\u00e9e par <a href=\"https:\/\/www.dna.fr\/culture-loisirs\/2025\/06\/01\/philippe-ochem-l-esprit-de-jazzdor-en-images-et-musiques\" target=\"_blank\" rel=\"nofollow noopener\">Philippe Ochem<\/a>.<\/p>\n<p>En seize \u00e9ditions, le festival s\u2019est affirm\u00e9 comme exemplaire, seul \u00e9v\u00e9nement franco-allemand d\u00e9di\u00e9 au jazz en Allemagne. Et les hommages \u00e0 Philippe Ochem n\u2019ont pas manqu\u00e9 au long de ce 17e festival de la part des musiciens invit\u00e9s du 3 au 6\u00a0juin. Durant 36 ans, le futur retrait\u00e9 de Jazzdor a su accompagner et d\u00e9velopper les projets artistiques comme autant d\u2019\u00e9chapp\u00e9es libres.<\/p>\n<p>\u00abPhilippe Ochem m\u2019a accompagn\u00e9e toute ma vie\u00bb, Sarah Murcia<\/p>\n<p>Parmi les t\u00e9moignages le plus touchant, c\u2019est celui de Sarah Murcia. La contrebassiste affirmant simplement que Philippe Ochem \u00abl\u2019avait accompagn\u00e9e toute sa vie\u00a0\u00bb. Dans la salle du Kesselhaus \u00e0 Berlin, aux c\u00f4t\u00e9s de Mat Maneri au violon, Bruno Ducret au violoncelle et&#8230;<\/p>\n","protected":false},"excerpt":{"rendered":"Que de premi\u00e8res cr\u00e9ations\u00a0! Elles sont multiples les alliances musicales in\u00e9dites rassemblant des artistes originaires de France, d\u2019Allemagne,&hellip;\n","protected":false},"author":2,"featured_media":161643,"comment_status":"","ping_status":"","sticky":false,"template":"","format":"standard","meta":{"footnotes":""},"categories":[2820],"tags":[1111,11,2389,1687,1777,674,107,1011,27,775,873,12,25,3140,640],"class_list":{"0":"post-162186","1":"post","2":"type-post","3":"status-publish","4":"format-standard","5":"has-post-thumbnail","7":"category-strasbourg","8":"tag-actu","9":"tag-actualites","10":"tag-alsace","11":"tag-culture-loisirs","12":"tag-eu","13":"tag-europe","14":"tag-fil-info","15":"tag-fr","16":"tag-france","17":"tag-grand-est","18":"tag-musique","19":"tag-news","20":"tag-republique-francaise","21":"tag-spectacle","22":"tag-strasbourg"},"share_on_mastodon":{"url":"https:\/\/pubeurope.com\/@fr\/114650909449387372","error":""},"_links":{"self":[{"href":"https:\/\/www.europesays.com\/fr\/wp-json\/wp\/v2\/posts\/162186","targetHints":{"allow":["GET"]}}],"collection":[{"href":"https:\/\/www.europesays.com\/fr\/wp-json\/wp\/v2\/posts"}],"about":[{"href":"https:\/\/www.europesays.com\/fr\/wp-json\/wp\/v2\/types\/post"}],"author":[{"embeddable":true,"href":"https:\/\/www.europesays.com\/fr\/wp-json\/wp\/v2\/users\/2"}],"replies":[{"embeddable":true,"href":"https:\/\/www.europesays.com\/fr\/wp-json\/wp\/v2\/comments?post=162186"}],"version-history":[{"count":0,"href":"https:\/\/www.europesays.com\/fr\/wp-json\/wp\/v2\/posts\/162186\/revisions"}],"wp:featuredmedia":[{"embeddable":true,"href":"https:\/\/www.europesays.com\/fr\/wp-json\/wp\/v2\/media\/161643"}],"wp:attachment":[{"href":"https:\/\/www.europesays.com\/fr\/wp-json\/wp\/v2\/media?parent=162186"}],"wp:term":[{"taxonomy":"category","embeddable":true,"href":"https:\/\/www.europesays.com\/fr\/wp-json\/wp\/v2\/categories?post=162186"},{"taxonomy":"post_tag","embeddable":true,"href":"https:\/\/www.europesays.com\/fr\/wp-json\/wp\/v2\/tags?post=162186"}],"curies":[{"name":"wp","href":"https:\/\/api.w.org\/{rel}","templated":true}]}}