{"id":162194,"date":"2025-06-09T01:59:19","date_gmt":"2025-06-09T01:59:19","guid":{"rendered":"https:\/\/www.europesays.com\/fr\/162194\/"},"modified":"2025-06-09T01:59:19","modified_gmt":"2025-06-09T01:59:19","slug":"annecy-bordeaux-le-11-de-depart-des-girondines-pour-ce-match-decisif","status":"publish","type":"post","link":"https:\/\/www.europesays.com\/fr\/162194\/","title":{"rendered":"Annecy-Bordeaux : le 11 de d\u00e9part des Girondines pour ce match d\u00e9cisif"},"content":{"rendered":"<p>\n    08\/06 &#8211; 13:48 | Il y a<br \/>\n    14 heures\n  <\/p>\n<p><strong>Les Girondines de Bordeaux affrontent le FC Annecy, ce dimanche \u00e0 15h au Parc des Sports 2 d&rsquo;Annecy, en match de barrage retour d&rsquo;accession \u00e0 la Division 3. Lors du match aller, Bordeaux a gagn\u00e9 sur le score de 4 buts \u00e0 1. D\u00e9couvrez la composition d&rsquo;\u00e9quipe des Girondines.&#13;<br \/>\n<\/strong><\/p>\n<p><img decoding=\"async\" src=\"https:\/\/www.europesays.com\/fr\/wp-content\/uploads\/2025\/06\/671_112d3d46f8d85d5adb08add2910a2e7a.jpg\" alt=\"Annecy-Bordeaux : le 11 de d\u00e9part des Girondines pour ce match d\u00e9cisif\" class=\"img-responsive mt-3\"\/><\/p>\n<p class=\"text-center mb-3\" style=\"font-size: 14px\">\u00a9 Iconsport<\/p>\n<p>Le 11 de d\u00e9part :<\/p>\n<p><img decoding=\"async\" src=\"https:\/\/www.europesays.com\/fr\/wp-content\/uploads\/2025\/06\/4-4-2 (14).jpg\" alt=\"4-4-2 (14).jpg (79 KB)\" style=\"width:700px;max-width:100%;\"\/><\/p>\n<p>Le banc : Lambret, Wong, Dufau, Ribeiro, Baylet.<\/p>\n<p>Le coup d&rsquo;envoi est \u00e0 15h. Le match n&rsquo;est pas diffus\u00e9 en vid\u00e9o. Nous ferons un live texte du match sur WebGirondins d\u00e8s 14h55.<\/p>\n<p>INTERVIEW &gt;&gt;<strong><a href=\"https:\/\/www.webgirondins.com\/actualite-girondins-romain-vitry-girondins-feminines-on-va-a-annecy-pour-gagner-129345\" target=\"_blank\" rel=\"noopener nofollow\">\u00a0Romain Vitry (Girondins f\u00e9minines) : \u00ab\u00a0On va \u00e0 Annecy pour gagner\u00a0\u00bb<\/a><\/strong><\/p>\n<p style=\"text-align: justify;\">\u00c0 lire aussi &gt;&gt; <strong><a href=\"https:\/\/www.webgirondins.com\/actualite-girondins-mercato-shelton-guillaume-officiellement-au-fc-versailles-n1-129350\" target=\"_blank\" rel=\"noopener nofollow\">Mercato : Shelton Guillaume officiellement au FC Versailles (N1)<\/a><\/strong><\/p>\n<p style=\"text-align: justify;\">Notre podcast court :<\/p>\n<p style=\"text-align: justify;\">\u00a0<\/p>\n<p>\u00a0<\/p>\n<p>\u00a0<\/p>\n<p>  COMMENTAIRES<br \/>\n  ()<\/p>\n","protected":false},"excerpt":{"rendered":"08\/06 &#8211; 13:48 | Il y a 14 heures Les Girondines de Bordeaux affrontent le FC Annecy, ce&hellip;\n","protected":false},"author":2,"featured_media":158476,"comment_status":"","ping_status":"","sticky":false,"template":"","format":"standard","meta":{"footnotes":""},"categories":[2817],"tags":[8369,1111,11,7684,3853,14760,1997,7685,3985,6664,8374,1777,674,1011,27,8366,955,12,2219,153,471,25,8133,60],"class_list":{"0":"post-162194","1":"post","2":"type-post","3":"status-publish","4":"format-standard","5":"has-post-thumbnail","7":"category-bordeaux","8":"tag-accession","9":"tag-actu","10":"tag-actualites","11":"tag-affrontent","12":"tag-annecy","13":"tag-barrage","14":"tag-bordeaux","15":"tag-decisif","16":"tag-depart","17":"tag-dimanche","18":"tag-division","19":"tag-eu","20":"tag-europe","21":"tag-fr","22":"tag-france","23":"tag-girondines","24":"tag-match","25":"tag-news","26":"tag-nouvelle-aquitaine","27":"tag-parc","28":"tag-pour","29":"tag-republique-francaise","30":"tag-retour","31":"tag-sports"},"share_on_mastodon":{"url":"https:\/\/pubeurope.com\/@fr\/114650937334534507","error":""},"_links":{"self":[{"href":"https:\/\/www.europesays.com\/fr\/wp-json\/wp\/v2\/posts\/162194","targetHints":{"allow":["GET"]}}],"collection":[{"href":"https:\/\/www.europesays.com\/fr\/wp-json\/wp\/v2\/posts"}],"about":[{"href":"https:\/\/www.europesays.com\/fr\/wp-json\/wp\/v2\/types\/post"}],"author":[{"embeddable":true,"href":"https:\/\/www.europesays.com\/fr\/wp-json\/wp\/v2\/users\/2"}],"replies":[{"embeddable":true,"href":"https:\/\/www.europesays.com\/fr\/wp-json\/wp\/v2\/comments?post=162194"}],"version-history":[{"count":0,"href":"https:\/\/www.europesays.com\/fr\/wp-json\/wp\/v2\/posts\/162194\/revisions"}],"wp:featuredmedia":[{"embeddable":true,"href":"https:\/\/www.europesays.com\/fr\/wp-json\/wp\/v2\/media\/158476"}],"wp:attachment":[{"href":"https:\/\/www.europesays.com\/fr\/wp-json\/wp\/v2\/media?parent=162194"}],"wp:term":[{"taxonomy":"category","embeddable":true,"href":"https:\/\/www.europesays.com\/fr\/wp-json\/wp\/v2\/categories?post=162194"},{"taxonomy":"post_tag","embeddable":true,"href":"https:\/\/www.europesays.com\/fr\/wp-json\/wp\/v2\/tags?post=162194"}],"curies":[{"name":"wp","href":"https:\/\/api.w.org\/{rel}","templated":true}]}}