{"id":162203,"date":"2025-06-09T02:05:19","date_gmt":"2025-06-09T02:05:19","guid":{"rendered":"https:\/\/www.europesays.com\/fr\/162203\/"},"modified":"2025-06-09T02:05:19","modified_gmt":"2025-06-09T02:05:19","slug":"marches-blanches-dans-le-var-et-a-marseille-pour-hichem-miraoui-tue-parce-quetranger-08-06-2025-a-1801","status":"publish","type":"post","link":"https:\/\/www.europesays.com\/fr\/162203\/","title":{"rendered":"Marches blanches dans le Var et \u00e0 Marseille pour Hichem Miraoui, tu\u00e9 parce qu&rsquo;\u00e9tranger &#8211; 08\/06\/2025 \u00e0 18:01"},"content":{"rendered":"<p>        <img fetchpriority=\"high\" decoding=\"async\" src=\"https:\/\/www.europesays.com\/fr\/wp-content\/uploads\/2025\/06\/dcf7cacd0a7b5012ebaccf8232d07838-760x507.jpg\" alt=\"Une marche blanche en hommage au Tunisien Hichem Miraoui, le 8 juin 2025 \u00e0 Puget-sur-Argens, dans le Var ( AFP \/ Miguel MEDINA )\" loading=\"eager\" width=\"760\" height=\"507\" style=\"max-width: 100%!important; height: auto;\"\/><\/p>\n<p class=\"c-image-news__legend\">Une marche blanche en hommage au Tunisien Hichem Miraoui, le 8 juin 2025 \u00e0 Puget-sur-Argens, dans le Var ( AFP \/ Miguel MEDINA )<\/p>\n<p>\n Quelque 2.000 personnes ont particip\u00e9 dimanche \u00e0 deux \u00ab\u00a0marches blanches\u00a0\u00bb \u00e0 Puget-sur-Argens (Var) et Marseille en hommage \u00e0 Hichem Miraoui, quadrag\u00e9naire tunisien tu\u00e9 dans le Var le 31 mai par un voisin fran\u00e7ais, un crime qualifi\u00e9 de terroriste et raciste par la justice.\n<\/p>\n<p>\n A Puget-sur-Argens, l\u00e0 o\u00f9 s&rsquo;est produit le crime, 1.600 personnes, selon la police, ont march\u00e9 du salon de coiffure o\u00f9 travaillait la victime jusqu&rsquo;\u00e0 la mairie, derri\u00e8re une banderole blanche o\u00f9 \u00e9tait \u00e9crit en vert \u00ab\u00a0Repose en paix Hichem, un enfant au grand coeur adopt\u00e9 par le village\u00a0\u00bb.\n<\/p>\n<p>\n \u00ab\u00a0C&rsquo;est une marche apolitique, un moment de recueillement\u00a0\u00bb, a soulign\u00e9 Majid Ellili, employ\u00e9 municipal de cette commune de 1.000 habitants, proche de la victime \u00e0 l&rsquo;origine de l&rsquo;hommage.\n<\/p>\n<\/p>\n<p>\n \u00ab\u00a0Il est hors de question qu&rsquo;un tel crime raciste se reproduise sur le territoire fran\u00e7ais. Arr\u00eatez de parler de l&rsquo;immigration maghr\u00e9bine, revenez sur vos bases, arr\u00eatez de vous \u00e9parpiller sur les musulmans ou les Juifs, qu&rsquo;on arr\u00eate tout \u00e7a et qu&rsquo;on remette l\u2019\u00e9glise au milieu du village\u00a0\u00bb, a-t-il exhort\u00e9.\n<\/p>\n<p>\n \u00ab\u00a0C&rsquo;est un acte raciste et aujourd\u2019hui on a de plus en plus de personnes qui pensent \u00e7a, les politiques doivent prendre leurs responsabilit\u00e9s\u00a0\u00bb, pointait La\u00efd Bouzetit, pr\u00e9sident d\u2019une association de Cannes La Bocca.\n<\/p>\n<p>        <img decoding=\"async\" src=\"https:\/\/www.europesays.com\/fr\/wp-content\/uploads\/2025\/06\/6fa9126241e289793fb128142f0ff58e-760x507.jpg\" alt=\"Une marche blanche en hommage au Tunisien Hichem Miraoui, le 8 juin 2025 \u00e0 Marseille ( AFP \/ Christophe SIMON )\" loading=\"eager\" width=\"760\" height=\"507\" style=\"max-width: 100%!important; height: auto;\"\/><\/p>\n<p class=\"c-image-news__legend\">Une marche blanche en hommage au Tunisien Hichem Miraoui, le 8 juin 2025 \u00e0 Marseille ( AFP \/ Christophe SIMON )<\/p>\n<p>\n \u00ab\u00a0On n&rsquo;a jamais eu un probl\u00e8me comme \u00e7a ici, je ne voudrais pas qu&rsquo;on pense que Puget est un village raciste. C&rsquo;est un acte raciste, oui, mais c&rsquo;est un acte isol\u00e9. Ce n&rsquo;est pas parce que tu votes RN que tu souhaites la mort de quelqu&rsquo;un\u00a0\u00bb, s&rsquo;indignait le docteur Lionel Courouge, m\u00e9decin g\u00e9n\u00e9raliste \u00e0 la retraite apr\u00e8s 40 ann\u00e9es d&rsquo;exercice dans la localit\u00e9.\n<\/p>\n<p>\n Julie Lechanteux, d\u00e9put\u00e9 RN de la circonscription, qui a obtenu pr\u00e8s de 60% des voix dans la commune, avait fait le d\u00e9placement, ainsi que Dominique Sopo, pr\u00e9sident de SOS Racisme, ou encore les d\u00e9put\u00e9s LFI de Marseille Manuel Bompard et S\u00e9bastien Delogu, et d&rsquo;Avignon Rapha\u00ebl Arnault.\n<\/p>\n<p>\n Ces trois derniers avait d\u00e9j\u00e0 particip\u00e9 \u00e0 une premi\u00e8re marche blanche dans la matin\u00e9e \u00e0 Marseille, o\u00f9 450 personnes, selon la police, ont d\u00e9fil\u00e9 derri\u00e8re une banderole \u00ab\u00a0le racisme a de nouveau tu\u00e9. Justice pour Hichem\u00a0\u00bb.\n<\/p>\n<p>        <img decoding=\"async\" src=\"https:\/\/www.europesays.com\/fr\/wp-content\/uploads\/2025\/06\/2726fc1d765d68f41311c3389979e41b-760x507.jpg\" alt=\"Des personnes rassembl\u00e9es devant le salon de coiffure o\u00f9 le Tunisien Hichem Miraoui travaillait, avant une marche blanche pour lui rendre hommage, le 8 juin 2025 \u00e0 Puget-sur-Argens, dans le Var ( AFP \/ Miguel MEDINA )\" loading=\"eager\" width=\"760\" height=\"507\" style=\"max-width: 100%!important; height: auto;\"\/><\/p>\n<p class=\"c-image-news__legend\">Des personnes rassembl\u00e9es devant le salon de coiffure o\u00f9 le Tunisien Hichem Miraoui travaillait, avant une marche blanche pour lui rendre hommage, le 8 juin 2025 \u00e0 Puget-sur-Argens, dans le Var ( AFP \/ Miguel MEDINA )<\/p>\n<p>\n Parmi les marcheurs, un voisin de Hichem Miraoui, de nationalit\u00e9 turque, bless\u00e9 par balles par l&rsquo;assaillant \u00e0 Puget-sur-Argens (Var) et qui portait un bandage \u00e0 la main droite, ou encore Mouna Miraoui, cousine de la victime.\n<\/p>\n<p>\n \u00ab\u00a0C&rsquo;est ignoble ce qu&rsquo;ils ont fait, ce qu&rsquo;il a commis. On demande justice\u00a0\u00bb, a-t-elle dit, retenant difficilement ses larmes.\n<\/p>\n<p>\n \u00ab\u00a0Ce n&rsquo;est pas parce qu&rsquo;on n&rsquo;a pas la m\u00eame nationalit\u00e9 ou la m\u00eame religion qu&rsquo;on doit d\u00e9tester quelqu&rsquo;un ou se permettre de le tuer. C&rsquo;est un \u00eatre humain qu&rsquo;on a tu\u00e9. Qui \u00e9tait en plus tr\u00e8s bien int\u00e9gr\u00e9 l\u00e0-bas\u00a0\u00bb, a-t-elle poursuivi.\n<\/p>\n<p>\n \u00ab\u00a0Nous m\u00e8nerons le combat jusqu&rsquo;au bout pour que toutes les responsabilit\u00e9s soient tir\u00e9es, jusqu&rsquo;au plus haut sommet de l&rsquo;Etat, parce que ce racisme d&rsquo;atmosph\u00e8re, ce qui a vis\u00e9 Hichem, c&rsquo;est un racisme, c&rsquo;est une islamophobie, c&rsquo;est une x\u00e9nophobie\u00a0\u00bb, a d\u00e9nonc\u00e9un avocat de membres de la famille d&rsquo;Hichem Miraoui, Sefen Guez Guez.\n<\/p>\n<p>        <img decoding=\"async\" src=\"https:\/\/www.europesays.com\/fr\/wp-content\/uploads\/2025\/06\/abba3c71058bb5e3c4d5f7a74e526460-760x507.jpg\" alt=\"Des fleurs et des messages de condol\u00e9ances d\u00e9pos\u00e9s devant le salon de coiffure o\u00f9 le Tunisien Hichem Miraoui travaillait, avant une marche blanche pour lui rendre hommage, le 8 juin 2025 \u00e0 Puget-sur-Argens, dans le Var ( AFP \/ Miguel MEDINA )\" loading=\"eager\" width=\"760\" height=\"507\" style=\"max-width: 100%!important; height: auto;\"\/><\/p>\n<p class=\"c-image-news__legend\">Des fleurs et des messages de condol\u00e9ances d\u00e9pos\u00e9s devant le salon de coiffure o\u00f9 le Tunisien Hichem Miraoui travaillait, avant une marche blanche pour lui rendre hommage, le 8 juin 2025 \u00e0 Puget-sur-Argens, dans le Var ( AFP \/ Miguel MEDINA )<\/p>\n<p>\n Le 31 mai, vers 22H00, le suspect de nationalit\u00e9 fran\u00e7aise, Christophe B., 53 ans, a, selon le parquet antiterroriste (Pnat), \u00ab\u00a0tir\u00e9 \u00e0 plusieurs reprises\u00a0\u00bb sur son voisin, Hichem Miraoui, depuis sa voiture. Il avait publi\u00e9 avant et apr\u00e8s son acte plusieurs vid\u00e9os sur Facebook \u00e0 caract\u00e8re raciste.\n<\/p>\n<p>\n Incarc\u00e9r\u00e9, il a reconnu son crime tout en contestant son caract\u00e8re raciste et a \u00e9t\u00e9 mis en examen jeudi pour assassinat terroriste en raison de l&rsquo;origine.<\/p>\n","protected":false},"excerpt":{"rendered":"Une marche blanche en hommage au Tunisien Hichem Miraoui, le 8 juin 2025 \u00e0 Puget-sur-Argens, dans le Var&hellip;\n","protected":false},"author":2,"featured_media":162204,"comment_status":"","ping_status":"","sticky":false,"template":"","format":"standard","meta":{"footnotes":""},"categories":[2814],"tags":[400,1111,11,398,408,405,1777,674,1011,27,403,402,399,404,884,12,882,25,401,406,407],"class_list":{"0":"post-162203","1":"post","2":"type-post","3":"status-publish","4":"format-standard","5":"has-post-thumbnail","7":"category-marseille","8":"tag-action-cac-40","9":"tag-actu","10":"tag-actualites","11":"tag-bourse-de-paris","12":"tag-boursorama","13":"tag-cotations","14":"tag-eu","15":"tag-europe","16":"tag-fr","17":"tag-france","18":"tag-indices-devises","19":"tag-investir","20":"tag-investissement","21":"tag-marche-boursier","22":"tag-marseille","23":"tag-news","24":"tag-provence-alpes-cote-dazur","25":"tag-republique-francaise","26":"tag-sicav","27":"tag-trackers","28":"tag-warrants"},"share_on_mastodon":{"url":"https:\/\/pubeurope.com\/@fr\/114650960740677786","error":""},"_links":{"self":[{"href":"https:\/\/www.europesays.com\/fr\/wp-json\/wp\/v2\/posts\/162203","targetHints":{"allow":["GET"]}}],"collection":[{"href":"https:\/\/www.europesays.com\/fr\/wp-json\/wp\/v2\/posts"}],"about":[{"href":"https:\/\/www.europesays.com\/fr\/wp-json\/wp\/v2\/types\/post"}],"author":[{"embeddable":true,"href":"https:\/\/www.europesays.com\/fr\/wp-json\/wp\/v2\/users\/2"}],"replies":[{"embeddable":true,"href":"https:\/\/www.europesays.com\/fr\/wp-json\/wp\/v2\/comments?post=162203"}],"version-history":[{"count":0,"href":"https:\/\/www.europesays.com\/fr\/wp-json\/wp\/v2\/posts\/162203\/revisions"}],"wp:featuredmedia":[{"embeddable":true,"href":"https:\/\/www.europesays.com\/fr\/wp-json\/wp\/v2\/media\/162204"}],"wp:attachment":[{"href":"https:\/\/www.europesays.com\/fr\/wp-json\/wp\/v2\/media?parent=162203"}],"wp:term":[{"taxonomy":"category","embeddable":true,"href":"https:\/\/www.europesays.com\/fr\/wp-json\/wp\/v2\/categories?post=162203"},{"taxonomy":"post_tag","embeddable":true,"href":"https:\/\/www.europesays.com\/fr\/wp-json\/wp\/v2\/tags?post=162203"}],"curies":[{"name":"wp","href":"https:\/\/api.w.org\/{rel}","templated":true}]}}