{"id":162205,"date":"2025-06-09T02:06:20","date_gmt":"2025-06-09T02:06:20","guid":{"rendered":"https:\/\/www.europesays.com\/fr\/162205\/"},"modified":"2025-06-09T02:06:20","modified_gmt":"2025-06-09T02:06:20","slug":"la-qualite-de-lair-sameliore-a-lyon-grace-aux-vents-forts","status":"publish","type":"post","link":"https:\/\/www.europesays.com\/fr\/162205\/","title":{"rendered":"La qualit\u00e9 de l&rsquo;air s&rsquo;am\u00e9liore \u00e0 Lyon gr\u00e2ce aux vents forts"},"content":{"rendered":"<p>                            <img loading=\"lazy\" width=\"1200\" height=\"800\" class=\"attachment-article size-article wp-post-image lazyload\" alt=\"Quais de Rh\u00f4ne \u00e0 Lyon @ Cheyenne Gabrelle\" decoding=\"async\" src=\"https:\/\/www.europesays.com\/fr\/wp-content\/uploads\/2025\/06\/DS105959.jpg\" data-eio-rwidth=\"1200\" data-eio-rheight=\"800\"\/><\/p>\n<p>Quais de Rh\u00f4ne \u00e0 Lyon @ Cheyenne Gabrelle<\/p>\n<p class=\"content\" style=\"font-size:1.2em;font-weight:700\">Le retour du vent du nord et d\u2019un bon ensoleillement devrait favoriser la dispersion des polluants et am\u00e9liorer la qualit\u00e9 de l&rsquo;air ce dimanche \u00e0 Lyon.<\/p>\n<p>La <a href=\"https:\/\/www.lyoncapitale.fr\/actualite\/pollution-a-lyon-une-qualite-de-l-air-globalement-bonne-ce-jeudi\" target=\"_blank\" rel=\"noreferrer noopener nofollow\">qualit\u00e9 de l\u2019air<\/a> devrait rester globalement satisfaisante ce dimanche 8 juin \u00e0 Lyon. Le vent du nord, parfois soutenu, contribuera \u00e0 un bon ensoleillement et \u00e0 une dispersion efficace des polluants, dans une ambiance plus fra\u00eeche. Les concentrations en ozone (O3) devraient rester stables et \u00eatre qualifi\u00e9es de moyennes, tandis que les niveaux de particules fines (PM10 et PM2.5) sont annonc\u00e9s bons, selon les derni\u00e8res donn\u00e9es d&rsquo;Atmo, mises \u00e0 jour ce samedi 7 juin.<\/p>\n<p>Sur les autres polluants mesur\u00e9s, le dioxyde de soufre (SO2) affiche \u00e9galement un indice bon, et le dioxyde d\u2019azote (NO2) se maintient \u00e0 un niveau moyen. Globalement, la situation reste favorable pour les d\u00e9placements en ext\u00e9rieur ce week-end. \u00c0 noter que sur les 12 derniers mois, cet indice de qualit\u00e9 de l\u2019air moyen a \u00e9t\u00e9 constat\u00e9 63 % du temps sur l\u2019agglom\u00e9ration lyonnaise.<\/p>\n<p><strong>Lire aussi : <a href=\"https:\/\/www.lyoncapitale.fr\/politique\/suppression-de-la-zfe-a-lyon-passe-d-arme-entre-lfi-et-les-ecologistes\" target=\"_blank\" rel=\"noreferrer noopener nofollow\">\u00ab\u00a0Ridicule et dangereux\u00a0\u00bb : la d\u00e9put\u00e9e LFI Belouassa Cherifi r\u00e9pond aux critiques de Doucet et Bernard\u00a0apr\u00e8s le vote contre la ZFE<\/a><\/strong><\/p>\n","protected":false},"excerpt":{"rendered":"Quais de Rh\u00f4ne \u00e0 Lyon @ Cheyenne Gabrelle Le retour du vent du nord et d\u2019un bon ensoleillement&hellip;\n","protected":false},"author":2,"featured_media":162206,"comment_status":"","ping_status":"","sticky":false,"template":"","format":"standard","meta":{"footnotes":""},"categories":[1889],"tags":[1111,11,2430,51,436,1777,674,1011,27,2428,12,2434,25],"class_list":{"0":"post-162205","1":"post","2":"type-post","3":"status-publish","4":"format-standard","5":"has-post-thumbnail","7":"category-lyon","8":"tag-actu","9":"tag-actualites","10":"tag-auvergne-rhone-alpes","11":"tag-ecologie","12":"tag-environnement","13":"tag-eu","14":"tag-europe","15":"tag-fr","16":"tag-france","17":"tag-lyon","18":"tag-news","19":"tag-qualite-de-lair","20":"tag-republique-francaise"},"share_on_mastodon":{"url":"https:\/\/pubeurope.com\/@fr\/114650964566912465","error":""},"_links":{"self":[{"href":"https:\/\/www.europesays.com\/fr\/wp-json\/wp\/v2\/posts\/162205","targetHints":{"allow":["GET"]}}],"collection":[{"href":"https:\/\/www.europesays.com\/fr\/wp-json\/wp\/v2\/posts"}],"about":[{"href":"https:\/\/www.europesays.com\/fr\/wp-json\/wp\/v2\/types\/post"}],"author":[{"embeddable":true,"href":"https:\/\/www.europesays.com\/fr\/wp-json\/wp\/v2\/users\/2"}],"replies":[{"embeddable":true,"href":"https:\/\/www.europesays.com\/fr\/wp-json\/wp\/v2\/comments?post=162205"}],"version-history":[{"count":0,"href":"https:\/\/www.europesays.com\/fr\/wp-json\/wp\/v2\/posts\/162205\/revisions"}],"wp:featuredmedia":[{"embeddable":true,"href":"https:\/\/www.europesays.com\/fr\/wp-json\/wp\/v2\/media\/162206"}],"wp:attachment":[{"href":"https:\/\/www.europesays.com\/fr\/wp-json\/wp\/v2\/media?parent=162205"}],"wp:term":[{"taxonomy":"category","embeddable":true,"href":"https:\/\/www.europesays.com\/fr\/wp-json\/wp\/v2\/categories?post=162205"},{"taxonomy":"post_tag","embeddable":true,"href":"https:\/\/www.europesays.com\/fr\/wp-json\/wp\/v2\/tags?post=162205"}],"curies":[{"name":"wp","href":"https:\/\/api.w.org\/{rel}","templated":true}]}}