{"id":162207,"date":"2025-06-09T02:07:13","date_gmt":"2025-06-09T02:07:13","guid":{"rendered":"https:\/\/www.europesays.com\/fr\/162207\/"},"modified":"2025-06-09T02:07:13","modified_gmt":"2025-06-09T02:07:13","slug":"deux-nouvelles-boutiques-pralus-vont-ouvrir-dans-le-rhone","status":"publish","type":"post","link":"https:\/\/www.europesays.com\/fr\/162207\/","title":{"rendered":"Deux nouvelles boutiques Pralus vont ouvrir dans le Rh\u00f4ne"},"content":{"rendered":"<p>                            <img loading=\"lazy\" width=\"1200\" height=\"800\" class=\"attachment-article size-article wp-post-image lazyload\" alt=\"boutique pralus \u00e0 Lyon, praluline\" decoding=\"async\" src=\"https:\/\/www.europesays.com\/fr\/wp-content\/uploads\/2025\/06\/AFP__20230614__HL_ABOUREAU_2087416__v1__HighRes__FranceIllustrationOfLyonFood.jpg\" data-eio-rwidth=\"1200\" data-eio-rheight=\"800\"\/><\/p>\n<p>Deux nouvelles boutiques Pralus vont prochainement ouvrir. (Photo Antoine Boureau \/ Hans Lucas via AFP)<\/p>\n<p class=\"content\" style=\"font-size:1.2em;font-weight:700\">Le c\u00e9l\u00e8bre chocolatier roannais poursuit son d\u00e9veloppement dans l\u2019agglom\u00e9ration lyonnaise, avec deux ouvertures pr\u00e9vues dans les prochains mois.<\/p>\n<p>Le r\u00e9seau des boutiques Pralus va encore s\u2019\u00e9toffer dans la m\u00e9tropole de Lyon. D\u2019apr\u00e8s les informations de nos confr\u00e8res de <a href=\"https:\/\/tribunedelyon.fr\/restaurants-gastronomie\/exclusif-pralus-ouvre-deux-nouvelles-boutiques\/\" target=\"_blank\" rel=\"noreferrer noopener nofollow\">Tribune de Lyon<\/a>, deux nouvelles adresses devraient ouvrir prochainement : l\u2019une dans le 6e arrondissement de Lyon, l\u2019autre \u00e0 Villeurbanne.<\/p>\n<p>Dans le 6e, c\u2019est au 26 cours Vitton, \u00e0 l\u2019emplacement de l\u2019ancienne boutique de lingerie Cupidon, que les amateurs de pralulines et de chocolats Pralus pourront bient\u00f4t retrouver les cr\u00e9ations du ma\u00eetre chocolatier. Les travaux ont d\u2019ores et d\u00e9j\u00e0 d\u00e9but\u00e9 et l\u2019ouverture est attendue dans les prochaines semaines.<\/p>\n<p>Une implantation \u00e0 Villeurbanne pr\u00e9vue pour la rentr\u00e9e<\/p>\n<p>La seconde ouverture est annonc\u00e9e pour Villeurbanne, avec une inauguration pr\u00e9vue \u00e0 la rentr\u00e9e prochaine. Apr\u00e8s ses boutiques de Monplaisir (8e), du Vieux Lyon (5e), de la Croix-Rousse (4e), de la Presqu\u2019\u00eele (2e), ainsi que celles de Tassin-la-Demi-Lune et Oullins-Pierre-B\u00e9nite, Fran\u00e7ois Pralus continue ainsi \u00e0 renforcer sa pr\u00e9sence dans l\u2019agglom\u00e9ration.<\/p>\n<p>Pour rappel, le chocolatier p\u00e2tissier, originaire de Roanne et d\u00e9cor\u00e9 de l\u2019Ordre national du M\u00e9rite en 2021, conna\u00eet un fort succ\u00e8s \u00e0 Lyon, notamment gr\u00e2ce \u00e0 sa c\u00e9l\u00e8bre praluline, qui attire une client\u00e8le fid\u00e8le et toujours plus nombreuse.<\/p>\n","protected":false},"excerpt":{"rendered":"Deux nouvelles boutiques Pralus vont prochainement ouvrir. (Photo Antoine Boureau \/ Hans Lucas via AFP) Le c\u00e9l\u00e8bre chocolatier&hellip;\n","protected":false},"author":2,"featured_media":162208,"comment_status":"","ping_status":"","sticky":false,"template":"","format":"standard","meta":{"footnotes":""},"categories":[1889],"tags":[1111,11,2430,1777,674,1011,27,2428,12,29201,25,2429],"class_list":{"0":"post-162207","1":"post","2":"type-post","3":"status-publish","4":"format-standard","5":"has-post-thumbnail","7":"category-lyon","8":"tag-actu","9":"tag-actualites","10":"tag-auvergne-rhone-alpes","11":"tag-eu","12":"tag-europe","13":"tag-fr","14":"tag-france","15":"tag-lyon","16":"tag-news","17":"tag-pralus","18":"tag-republique-francaise","19":"tag-rhone"},"share_on_mastodon":{"url":"https:\/\/pubeurope.com\/@fr\/114650968474470926","error":""},"_links":{"self":[{"href":"https:\/\/www.europesays.com\/fr\/wp-json\/wp\/v2\/posts\/162207","targetHints":{"allow":["GET"]}}],"collection":[{"href":"https:\/\/www.europesays.com\/fr\/wp-json\/wp\/v2\/posts"}],"about":[{"href":"https:\/\/www.europesays.com\/fr\/wp-json\/wp\/v2\/types\/post"}],"author":[{"embeddable":true,"href":"https:\/\/www.europesays.com\/fr\/wp-json\/wp\/v2\/users\/2"}],"replies":[{"embeddable":true,"href":"https:\/\/www.europesays.com\/fr\/wp-json\/wp\/v2\/comments?post=162207"}],"version-history":[{"count":0,"href":"https:\/\/www.europesays.com\/fr\/wp-json\/wp\/v2\/posts\/162207\/revisions"}],"wp:featuredmedia":[{"embeddable":true,"href":"https:\/\/www.europesays.com\/fr\/wp-json\/wp\/v2\/media\/162208"}],"wp:attachment":[{"href":"https:\/\/www.europesays.com\/fr\/wp-json\/wp\/v2\/media?parent=162207"}],"wp:term":[{"taxonomy":"category","embeddable":true,"href":"https:\/\/www.europesays.com\/fr\/wp-json\/wp\/v2\/categories?post=162207"},{"taxonomy":"post_tag","embeddable":true,"href":"https:\/\/www.europesays.com\/fr\/wp-json\/wp\/v2\/tags?post=162207"}],"curies":[{"name":"wp","href":"https:\/\/api.w.org\/{rel}","templated":true}]}}