{"id":162209,"date":"2025-06-09T02:09:23","date_gmt":"2025-06-09T02:09:23","guid":{"rendered":"https:\/\/www.europesays.com\/fr\/162209\/"},"modified":"2025-06-09T02:09:23","modified_gmt":"2025-06-09T02:09:23","slug":"victoire-du-psg-une-boulangerie-de-boulogne-billancourt-vend-des-eclairs-au-chocolat-aux-couleurs-du-club","status":"publish","type":"post","link":"https:\/\/www.europesays.com\/fr\/162209\/","title":{"rendered":"Victoire du PSG\u00a0: une boulangerie de Boulogne-Billancourt vend des \u00e9clairs au chocolat aux couleurs du club"},"content":{"rendered":"<p>La boulangerie-p\u00e2tisserie &lsquo;La fromentine&rsquo;, \u00e0 Boulogne-Billancourt (Hauts-de-Seine) a d\u00e9cid\u00e9 de c\u00e9l\u00e9brer le sacre du PSG en Ligue des champions, avec gourmandise. Depuis le week-end dernier, elle vend des \u00e9clairs au chocolat aux couleurs du Paris Saint-Germain.<\/p>\n<p>Les clients fid\u00e8les de &lsquo;La fromentine&rsquo; sont habitu\u00e9s aux dr\u00f4les d&rsquo;id\u00e9es de la patronne, mais l\u00e0, St\u00e9phanie les a quand m\u00eame tous surpris, au matin du\u00a0<a class=\"IciLink ici-link IciArticleLink g-ici-body-regular-1 underline brand svelte-lu7k6w\" href=\"https:\/\/www.francebleu.fr\/sports\/football\/ligue-des-champions-le-psg-ecrase-l-inter-milan-en-finale-et-remporte-son-premier-sacre-5353328\" rel=\"nofollow noopener\" target=\"_blank\">sacre du PSG en finale de la Ligue des champions<\/a>\u00a0! \u00ab\u00a0Ca nous a pris vendredi apr\u00e8s-midi, vers 18h\u00a0\u00bb, raconte la g\u00e9rante de cette\u00a0<a target=\"_blank\" rel=\"nofollow noopener noreferrer\" class=\"IciLink ici-link IciArticleLink g-ici-body-regular-1 underline brand svelte-lu7k6w\" href=\"https:\/\/www.la-fromentine.com\/?fbclid=IwY2xjawKtL-5leHRuA2FlbQIxMAABHvZq4ohtHmRG8THm81-kM6c_IsFmlRTuLHRZwP9ii6Ct-LuTywMpBA0AhXgB_aem_Xv_bghO0hGoEhmIb5Y99jg\">boulangerie-p\u00e2tisserie de la rue de Silly \u00e0 Boulogne-Billancourt<\/a>\u00a0(Hauts-de-Seine). J&rsquo;ai d\u00e9cid\u00e9 de faire une d\u00e9coration du PSG donc je suis all\u00e9e chercher tout ce qu&rsquo;il y avait dans la chambre de mes gar\u00e7ons, en une heure j&rsquo;avais d\u00e9cor\u00e9 le magasin. J&rsquo;ai aussi un ami d&rsquo;une entreprise d&rsquo;article de f\u00eate qui m&rsquo;a fait des grappes de ballons.\u00a0\u00bb<\/p>\n<p>Mais surtout, c&rsquo;est dans l&rsquo;atelier de p\u00e2tisserie que la vraie bonne id\u00e9e a germ\u00e9\u00a0: \u00ab\u00a0je me suis dit aussi &lsquo;on va faire des \u00e9clairs PSG&rsquo; avec de la p\u00e2te \u00e0 sucre rouge et bleu\u00a0\u00bb, se souvient encore la patronne. Il faut dire que cette boulangerie est sp\u00e9cialis\u00e9e dans les g\u00e2teaux d&rsquo;anniversaire pour enfants, avec des d\u00e9cors \u00e0 l&rsquo;effigie des dessins anim\u00e9s pr\u00e9f\u00e9r\u00e9s des petits. C&rsquo;\u00e9tait donc facile d&rsquo;imaginer une p\u00e2tisserie aux couleurs du club. \u00ab\u00a0Samedi matin, les \u00e9clairs \u00e9taient \u00e0 la vanille-fraise, avec un gla\u00e7age rouge et bleu et juste les lettres &lsquo;P.S.G&rsquo; sur le dessus. On avait pr\u00e9vu une quantit\u00e9 raisonnable mais tout est parti en 30 minutes\u00a0! R\u00e9sultat, mes p\u00e2tissiers ont pass\u00e9 la matin\u00e9e \u00e0 refaire des \u00e9clairs PSG.\u00a0\u00bb<\/p>\n<p> \u00c0 lire aussi   <img decoding=\"async\" src=\"https:\/\/www.europesays.com\/fr\/wp-content\/uploads\/2025\/06\/560x315_sc_capture-d-ecran-2025-06-03-192937.jpg\" alt=\"Parmi les nombreux objets d\u00e9riv\u00e9s pens\u00e9s depuis la victoire du PSG en Ligue des champions, ce T-shirt de tourn\u00e9e.\" style=\"--_image-preview:url('data:image\/jpeg;base64,\/9j\/2wBDACgcHiMeGSgjISMtKygwPGRBPDc3PHtYXUlkkYCZlo+AjIqgtObDoKrarYqMyP\/L2u71\/\/\/\/m8H\/\/\/\/6\/+b9\/\/j\/2wBDASstLTw1PHZBQXb4pYyl+Pj4+Pj4+Pj4+Pj4+Pj4+Pj4+Pj4+Pj4+Pj4+Pj4+Pj4+Pj4+Pj4+Pj4+Pj4+Pj4+Pj\/wAARCAAXACoDASIAAhEBAxEB\/8QAFwAAAwEAAAAAAAAAAAAAAAAAAAIDAf\/EABcQAQEBAQAAAAAAAAAAAAAAAAABAhH\/xAAWAQEBAQAAAAAAAAAAAAAAAAAAAQL\/xAAUEQEAAAAAAAAAAAAAAAAAAAAA\/9oADAMBAAIRAxEAPwCt2nrad2S6QUuhKl00oq0reklb1BC0vQGkEPAEFI0AH\/\/Z');\" loading=\"lazy\" fetchpriority=\"low\" aria-hidden=\"true\" class=\"svelte-1pnmlwx rounded\" onload=\"this.__e=event\" onerror=\"this.__e=event\"\/>La premi\u00e8re fourn\u00e9e est partie en 30 minutes<\/p>\n<p>Depuis, les \u00e9clairs sont au chocolat &#8211; \u00ab\u00a0on avait beaucoup de demandes pour du chocolat alors maintenant ils sont au chocolat\u00a0\u00bb, explique St\u00e9phanie &#8211; et les p\u00e2tissiers ont rajout\u00e9 le score. \u00ab\u00a05-0, on est trop fiers\u00a0!\u00a0\u00bb, rigole encore la g\u00e9rante, supportrice en famille du Paris Saint-Germain. Et le produit attire les curieux, comme Fabien, fan du PSG mais pas gourmand puisqu&rsquo;il a admir\u00e9 les \u00e9clairs sans se laisser tenter. \u00ab\u00a0J&rsquo;ai vu les \u00e9clairs sur les r\u00e9seaux sociaux, je connaissais cette boulangerie car j&rsquo;\u00e9tais d\u00e9j\u00e0 venu mais ce n&rsquo;est pas pour autant que j&rsquo;en ai achet\u00e9 un. Il est tr\u00e8s beau \u00e0 regarder, c&rsquo;est une tr\u00e8s bonne id\u00e9e, c&rsquo;est tr\u00e8s sympa\u00a0\u00bb, r\u00e9agit ce Francilien.<\/p>\n<p>Tous les employ\u00e9s en maillot du PSG<\/p>\n<p>Mais ce n&rsquo;est pas tout. En plus de la d\u00e9co et des g\u00e2teaux, tous les membres de l&rsquo;\u00e9quipe de la boulangerie donnent carr\u00e9ment de leur personne, en arborant fi\u00e8rement chacun un maillot du PSG. David, vendeur, n&rsquo;a pas \u00e9t\u00e9 dur \u00e0 convaincre, c&rsquo;est un grand supporter lui aussi. \u00ab\u00a0Depuis longtemps et on attendait tellement cette victoire qu&rsquo;on est sur un nuage. Pour tous les fans du PSG c&rsquo;est une semaine de r\u00eave, l&rsquo;ambiance est tr\u00e8s bonne, les clients sont ravis, c&rsquo;est top\u00a0!\u00a0\u00bb<\/p>\n<p>Et cette ambiance PSG \u00e0 &lsquo;La fromentine&rsquo; va flotter jusqu&rsquo;\u00e0 dimanche 8 inclus.<\/p>\n<p>A Marcoussis, le p\u00e2tissier des joueurs du PSG fait des pains au chocolat \u00e0 l&rsquo;effigie du club<\/p>\n<p>Mais ce n&rsquo;est pas la seule maison fan du PSG qui s&rsquo;est mise aux couleurs du club cette semaine, apr\u00e8s la victoire des Parisiens en Ligue des champions. A Marcoussis en Essonne, Fabrice Pottier confectionne et vend depuis ce week-end, des pains au chocolat rouges et bleus d\u00e9cor\u00e9s d&rsquo;une \u00e9toile dor\u00e9e. Le champion de France 2024 de pain au chocolat est un immense fan du Paris Saint-Germain il faut dire. Et c&rsquo;est m\u00eame lui qui fabrique r\u00e9guli\u00e8rement les g\u00e2teaux d&rsquo;anniversaire des joueurs. Pas plus tard que ce mardi, il a apport\u00e9 son g\u00e2teau d&rsquo;anniversaire \u00e0 D\u00e9sir\u00e9 Dou\u00e9\u00a0! Le jeune joueur f\u00eatait ses 20 ans, en rassemblement pour l&rsquo;\u00e9quipe de France \u00e0 Clairefontaine.<\/p>\n<p><img loading=\"lazy\" decoding=\"async\" class=\"VisualPreview svelte-1rldrkz\" src=\"data:image\/jpeg;base64,\/9j\/2wBDACgcHiMeGSgjISMtKygwPGRBPDc3PHtYXUlkkYCZlo+AjIqgtObDoKrarYqMyP\/L2u71\/\/\/\/m8H\/\/\/\/6\/+b9\/\/j\/2wBDASstLTw1PHZBQXb4pYyl+Pj4+Pj4+Pj4+Pj4+Pj4+Pj4+Pj4+Pj4+Pj4+Pj4+Pj4+Pj4+Pj4+Pj4+Pj4+Pj4+Pj\/wAARCAAfACoDASIAAhEBAxEB\/8QAFwABAQEBAAAAAAAAAAAAAAAAAQADAv\/EABgQAQEBAQEAAAAAAAAAAAAAAAABEQIS\/8QAFQEBAQAAAAAAAAAAAAAAAAAAAAH\/xAAWEQEBAQAAAAAAAAAAAAAAAAAAARH\/2gAMAwEAAhEDEQA\/ANEFoCs+o0FgMby58trB5XB3q0Uag60udOrBBWjVH\/\/Z\" alt=\"Fabrice Pottier, p\u00e2tissier \u00e0 Marcoussis (Essonne) vend des pains au chocolat aux couleurs du PSG.\" width=\"600\" height=\"450\"\/>  Fabrice Pottier, p\u00e2tissier \u00e0 Marcoussis (Essonne) vend des pains au chocolat aux couleurs du PSG. \u00a9 Radio France &#8211; Romain Bruneau<\/p>\n","protected":false},"excerpt":{"rendered":"La boulangerie-p\u00e2tisserie &lsquo;La fromentine&rsquo;, \u00e0 Boulogne-Billancourt (Hauts-de-Seine) a d\u00e9cid\u00e9 de c\u00e9l\u00e9brer le sacre du PSG en Ligue des&hellip;\n","protected":false},"author":2,"featured_media":162210,"comment_status":"","ping_status":"","sticky":false,"template":"","format":"standard","meta":{"footnotes":""},"categories":[1592],"tags":[1111,11,1777,674,1011,27,662,12,626,25],"class_list":{"0":"post-162209","1":"post","2":"type-post","3":"status-publish","4":"format-standard","5":"has-post-thumbnail","7":"category-ile-de-france","8":"tag-actu","9":"tag-actualites","10":"tag-eu","11":"tag-europe","12":"tag-fr","13":"tag-france","14":"tag-ile-de-france","15":"tag-news","16":"tag-paris","17":"tag-republique-francaise"},"share_on_mastodon":{"url":"https:\/\/pubeurope.com\/@fr\/114650976434156519","error":""},"_links":{"self":[{"href":"https:\/\/www.europesays.com\/fr\/wp-json\/wp\/v2\/posts\/162209","targetHints":{"allow":["GET"]}}],"collection":[{"href":"https:\/\/www.europesays.com\/fr\/wp-json\/wp\/v2\/posts"}],"about":[{"href":"https:\/\/www.europesays.com\/fr\/wp-json\/wp\/v2\/types\/post"}],"author":[{"embeddable":true,"href":"https:\/\/www.europesays.com\/fr\/wp-json\/wp\/v2\/users\/2"}],"replies":[{"embeddable":true,"href":"https:\/\/www.europesays.com\/fr\/wp-json\/wp\/v2\/comments?post=162209"}],"version-history":[{"count":0,"href":"https:\/\/www.europesays.com\/fr\/wp-json\/wp\/v2\/posts\/162209\/revisions"}],"wp:featuredmedia":[{"embeddable":true,"href":"https:\/\/www.europesays.com\/fr\/wp-json\/wp\/v2\/media\/162210"}],"wp:attachment":[{"href":"https:\/\/www.europesays.com\/fr\/wp-json\/wp\/v2\/media?parent=162209"}],"wp:term":[{"taxonomy":"category","embeddable":true,"href":"https:\/\/www.europesays.com\/fr\/wp-json\/wp\/v2\/categories?post=162209"},{"taxonomy":"post_tag","embeddable":true,"href":"https:\/\/www.europesays.com\/fr\/wp-json\/wp\/v2\/tags?post=162209"}],"curies":[{"name":"wp","href":"https:\/\/api.w.org\/{rel}","templated":true}]}}