{"id":162213,"date":"2025-06-09T02:11:58","date_gmt":"2025-06-09T02:11:58","guid":{"rendered":"https:\/\/www.europesays.com\/fr\/162213\/"},"modified":"2025-06-09T02:11:58","modified_gmt":"2025-06-09T02:11:58","slug":"lemploi-de-journalistes-professionnels-par-un-media-doit-rester-une-condition-dobtention-des-aides-publiques-a-la-presse-liberation","status":"publish","type":"post","link":"https:\/\/www.europesays.com\/fr\/162213\/","title":{"rendered":"L\u2019emploi de journalistes professionnels par un m\u00e9dia doit rester une condition d\u2019obtention des aides publiques \u00e0 la presse \u2013 Lib\u00e9ration"},"content":{"rendered":"<p class=\"sc-ksZaOG ehjQrN text-element\">Faut-il des journalistes dans les r\u00e9dactions ? Et d\u2019ailleurs, \u00e0 quoi les reconna\u00eet-on ? La r\u00e9ponse que dessine un d\u00e9cret \u00e0 para\u00eetre dans les prochains jours nous a d\u2019autant plus surpris et inqui\u00e9t\u00e9s que son histoire est intimement li\u00e9e \u00e0 la n\u00f4tre. Il sera d\u00e9sormais possible pour un m\u00e9dia de percevoir des aides publiques m\u00eame si son contenu n\u2019est pas produit par des journalistes professionnels.<\/p>\n<p class=\"sc-ksZaOG ehjQrN text-element\">Nous sommes journalistes. En 2019, nous travaillons tous ensemble \u00e0 Science et Vie depuis cinq, dix, quinze, ou vingt-cinq ans, lorsque <a href=\"https:\/\/www.liberation.fr\/france\/2020\/09\/23\/a-sciences-vie-la-crainte-d-une-demission-collective-de-la-redaction_1800289\/\" target=\"_blank\" rel=\"noreferrer noopener\" title=\"https:\/\/www.liberation.fr\/france\/2020\/09\/23\/a-sciences-vie-la-crainte-d-une-demission-collective-de-la-redaction_1800289\/\">Reworld Media<\/a> rach\u00e8te ce titre, avec beaucoup d\u2019autres. Un an apr\u00e8s, le nouvel actionnaire d\u00e9cide de remplacer les journalistes responsables du site internet, par des \u00abcharg\u00e9s de contenus\u00bb ne relevant plus de l\u2019autorit\u00e9 de la r\u00e9daction en chef. Nous protestons, nous nous mobilisons, nous faisons gr\u00e8ve, nous faisons conna\u00eetre notre combat en dehors de la r\u00e9daction, soulignant que l\u2019ind\u00e9pendance \u00e9ditoriale d\u2019un m\u00e9dia repose en partie sur la protection du statut de journaliste professionnel, garantie par la loi fran\u00e7aise, qui permet de r\u00e9sister aux pressions des actionnaires, des annonceurs.<\/p>\n<p class=\"sc-ksZaOG ehjQrN text-element\">Mais nous voyons rapidement sur notre site appara\u00eetre des a<\/p>\n","protected":false},"excerpt":{"rendered":"Faut-il des journalistes dans les r\u00e9dactions ? Et d\u2019ailleurs, \u00e0 quoi les reconna\u00eet-on ? La r\u00e9ponse que dessine&hellip;\n","protected":false},"author":2,"featured_media":162214,"comment_status":"","ping_status":"","sticky":false,"template":"","format":"standard","meta":{"footnotes":""},"categories":[1888],"tags":[1111,1928,11,1927,1777,674,1011,27,1227,12,1926,626,1925,25],"class_list":{"0":"post-162213","1":"post","2":"type-post","3":"status-publish","4":"format-standard","5":"has-post-thumbnail","7":"category-paris","8":"tag-actu","9":"tag-actu-paris","10":"tag-actualites","11":"tag-actualites-paris","12":"tag-eu","13":"tag-europe","14":"tag-fr","15":"tag-france","16":"tag-horizontal","17":"tag-news","18":"tag-news-paris","19":"tag-paris","20":"tag-paris-news","21":"tag-republique-francaise"},"share_on_mastodon":{"url":"https:\/\/pubeurope.com\/@fr\/114650988078922982","error":""},"_links":{"self":[{"href":"https:\/\/www.europesays.com\/fr\/wp-json\/wp\/v2\/posts\/162213","targetHints":{"allow":["GET"]}}],"collection":[{"href":"https:\/\/www.europesays.com\/fr\/wp-json\/wp\/v2\/posts"}],"about":[{"href":"https:\/\/www.europesays.com\/fr\/wp-json\/wp\/v2\/types\/post"}],"author":[{"embeddable":true,"href":"https:\/\/www.europesays.com\/fr\/wp-json\/wp\/v2\/users\/2"}],"replies":[{"embeddable":true,"href":"https:\/\/www.europesays.com\/fr\/wp-json\/wp\/v2\/comments?post=162213"}],"version-history":[{"count":0,"href":"https:\/\/www.europesays.com\/fr\/wp-json\/wp\/v2\/posts\/162213\/revisions"}],"wp:featuredmedia":[{"embeddable":true,"href":"https:\/\/www.europesays.com\/fr\/wp-json\/wp\/v2\/media\/162214"}],"wp:attachment":[{"href":"https:\/\/www.europesays.com\/fr\/wp-json\/wp\/v2\/media?parent=162213"}],"wp:term":[{"taxonomy":"category","embeddable":true,"href":"https:\/\/www.europesays.com\/fr\/wp-json\/wp\/v2\/categories?post=162213"},{"taxonomy":"post_tag","embeddable":true,"href":"https:\/\/www.europesays.com\/fr\/wp-json\/wp\/v2\/tags?post=162213"}],"curies":[{"name":"wp","href":"https:\/\/api.w.org\/{rel}","templated":true}]}}