{"id":162219,"date":"2025-06-09T02:15:11","date_gmt":"2025-06-09T02:15:11","guid":{"rendered":"https:\/\/www.europesays.com\/fr\/162219\/"},"modified":"2025-06-09T02:15:11","modified_gmt":"2025-06-09T02:15:11","slug":"quand-la-grece-antique-eclaire-la-guerre-entre-lukraine-et-la-russie","status":"publish","type":"post","link":"https:\/\/www.europesays.com\/fr\/162219\/","title":{"rendered":"Quand la Gr\u00e8ce antique \u00e9claire la guerre entre l\u2019Ukraine et la Russie"},"content":{"rendered":"<p><strong>TRIBUNE &#8211; <\/strong>Un livre remarquable (1) raconte la trag\u00e9die d\u2019Eschyle, qui vit en 480 avant J\u00e9sus-Christ la victoire d\u2019Ath\u00e8nes sur les Perses \u00e0 Salamine. Les parall\u00e8les avec le conflit entre l\u2019Ukraine et la Russie sont saisissants, explique l\u2019historien St\u00e9phane Ratti.<\/p>\n<p class=\"fig-paragraph\">St\u00e9phane Ratti est professeur \u00e9m\u00e9rite d\u2019histoire de l\u2019antiquit\u00e9 tardive \u00e0 l\u2019universit\u00e9 de Bourgogne-Franche-Comt\u00e9. Dernier ouvrage paru\u00a0: Histoire Auguste et autres historiens pa\u00efens (\u00ab\u00a0Biblioth\u00e8que de la Pl\u00e9iade\u00a0\u00bb, Gallimard, 2022, traduction et pr\u00e9sentation du texte)<\/p>\n<p class=\"fig-paragraph\">En 480 avant J.-C. Ath\u00e8nes vainquit les Perses \u00e0 Salamine. C\u2019est le sujet de la\u00a0<a href=\"https:\/\/www.lefigaro.fr\/vox\/histoire\/eschyle-a-salamine-face-aux-perses-20220724\" data-fig-type=\"Article\" data-gtm-custom-categorie=\"navigation\" data-gtm-custom-action=\"crossclick\" data-gtm-custom-label=\"Contextuel\" data-gtm-event=\"customEventSPE\" data-fig-domain=\"LEFIGARO\" target=\"_blank\" rel=\"noopener\">trag\u00e9die d\u2019Eschyle, Les Perses<\/a>, la plus ancienne pi\u00e8ce de th\u00e9\u00e2tre conserv\u00e9e de l\u2019histoire de la litt\u00e9rature. Financ\u00e9e par P\u00e9ricl\u00e8s, elle a \u00e9t\u00e9 repr\u00e9sent\u00e9e en 472 avant J.-C., moins de huit ans apr\u00e8s les \u00e9v\u00e9nements. C\u2019est une pi\u00e8ce de guerre dont le sujet est la d\u00e9faite navale de Xerx\u00e8s face \u00e0 la flotte ath\u00e9nienne dans le d\u00e9troit de Salamine. C\u2019est aussi une source documentaire de premier ordre sur les rapports entre la Gr\u00e8ce et la Perse et qui a nourri les r\u00e9cits d\u2019H\u00e9rodote, de Diodore et de Plutarque. Depuis lors chaque \u00e9poque a eu sa lecture de cette pi\u00e8ce en relation avec son propre contexte historique.<\/p>\n<p class=\"fig-paragraph\">Mais quel rapport avec le conflit\u2026<\/p>\n<p class=\"fig-premium-paywall__infos\">\n        Cet article est r\u00e9serv\u00e9 aux abonn\u00e9s.        Il vous reste 83% \u00e0 d\u00e9couvrir.\n    <\/p>\n<p>                <img  data- alt=\"Le Figaro\" class=\"fig-img--complete fig-img\"\/><\/p>\n<p class=\"fig-premium-paywall__title\">Vente Flash<\/p>\n<p class=\"fig-premium-paywall__subtitle\">3,99\u20ac par mois pendant 12 mois. Sans engagement.<\/p>\n<p class=\"fig-premium-paywall__connect\">\n                D\u00e9j\u00e0 abonn\u00e9\u00a0?                <a class=\"fig-premium-paywall__connect-link\" href=\"https:\/\/connect.lefigaro.fr\/login?client=horizon_web&amp;type=main&amp;redirect_uri=https%3A%2F%2Fwww.lefigaro.fr%2Fvox%2Fmonde%2Fquand-la-grece-antique-eclaire-la-guerre-entre-l-ukraine-et-la-russie-20250608\" data-js-gtm=\"{&quot;customCategorie&quot;: &quot;conversion&quot;, &quot;customAction&quot;: &quot;before_Landing_Connexion_paywall_auto&quot;, &quot;customLabel&quot;: &quot;bGVmaWdhcm8uZnJfXzFmMDQ0OGI4LTIyZGYtNmY1Mi05MDg4LTczNjdlMDAyMTQwZl9fQXJ0aWNsZQ==_Quand la Gr\u00e8ce antique \u00e9claire la guerre entre l\u2019Ukraine et la Russie_28&quot;, &quot;customIDSPE&quot;: &quot;bGVmaWdhcm8uZnJfXzFmMDQ0OGI4LTIyZGYtNmY1Mi05MDg4LTczNjdlMDAyMTQwZl9fQXJ0aWNsZQ==&quot;, &quot;event&quot;: &quot;customEventSPE&quot;}\" target=\"_blank\" rel=\"noopener\"><br \/>\n                    Connectez-vous<br \/>\n                <\/a>\n            <\/p>\n","protected":false},"excerpt":{"rendered":"TRIBUNE &#8211; Un livre remarquable (1) raconte la trag\u00e9die d\u2019Eschyle, qui vit en 480 avant J\u00e9sus-Christ la victoire&hellip;\n","protected":false},"author":2,"featured_media":162220,"comment_status":"","ping_status":"","sticky":false,"template":"","format":"standard","meta":{"footnotes":""},"categories":[1591],"tags":[11,16910,1428,1292,2198,2197,1887,1429,8906,131,14,12,1427,1426,1885,1886,132],"class_list":{"0":"post-162219","1":"post","2":"type-post","3":"status-publish","4":"format-standard","5":"has-post-thumbnail","7":"category-russie","8":"tag-actualites","9":"tag-athenes","10":"tag-chroniqueurs","11":"tag-debat","12":"tag-debat-monde","13":"tag-debats-international","14":"tag-federation-de-russie","15":"tag-figarovox","16":"tag-grece","17":"tag-guerre-en-ukraine","18":"tag-international","19":"tag-news","20":"tag-opinions","21":"tag-questions","22":"tag-russia","23":"tag-russian-federation","24":"tag-russie"},"share_on_mastodon":{"url":"https:\/\/pubeurope.com\/@fr\/114650999924129042","error":""},"_links":{"self":[{"href":"https:\/\/www.europesays.com\/fr\/wp-json\/wp\/v2\/posts\/162219","targetHints":{"allow":["GET"]}}],"collection":[{"href":"https:\/\/www.europesays.com\/fr\/wp-json\/wp\/v2\/posts"}],"about":[{"href":"https:\/\/www.europesays.com\/fr\/wp-json\/wp\/v2\/types\/post"}],"author":[{"embeddable":true,"href":"https:\/\/www.europesays.com\/fr\/wp-json\/wp\/v2\/users\/2"}],"replies":[{"embeddable":true,"href":"https:\/\/www.europesays.com\/fr\/wp-json\/wp\/v2\/comments?post=162219"}],"version-history":[{"count":0,"href":"https:\/\/www.europesays.com\/fr\/wp-json\/wp\/v2\/posts\/162219\/revisions"}],"wp:featuredmedia":[{"embeddable":true,"href":"https:\/\/www.europesays.com\/fr\/wp-json\/wp\/v2\/media\/162220"}],"wp:attachment":[{"href":"https:\/\/www.europesays.com\/fr\/wp-json\/wp\/v2\/media?parent=162219"}],"wp:term":[{"taxonomy":"category","embeddable":true,"href":"https:\/\/www.europesays.com\/fr\/wp-json\/wp\/v2\/categories?post=162219"},{"taxonomy":"post_tag","embeddable":true,"href":"https:\/\/www.europesays.com\/fr\/wp-json\/wp\/v2\/tags?post=162219"}],"curies":[{"name":"wp","href":"https:\/\/api.w.org\/{rel}","templated":true}]}}