{"id":162231,"date":"2025-06-09T02:21:19","date_gmt":"2025-06-09T02:21:19","guid":{"rendered":"https:\/\/www.europesays.com\/fr\/162231\/"},"modified":"2025-06-09T02:21:19","modified_gmt":"2025-06-09T02:21:19","slug":"guerre-en-ukraine-genocide-a-gaza-20-ans-dunion-europeenne-illegitime-ecrasant-les-travailleurs-collaboration-macron-bayrou-le-pen-entretien-avec-georges-gastaud","status":"publish","type":"post","link":"https:\/\/www.europesays.com\/fr\/162231\/","title":{"rendered":"Guerre en Ukraine, g\u00e9nocide \u00e0 Gaza, 20 ans d&rsquo;Union Europ\u00e9enne ill\u00e9gitime \u00e9crasant les travailleurs, collaboration Macron Bayrou Le Pen&#8230; &#8211; Entretien avec Georges Gastaud"},"content":{"rendered":"<p><img fetchpriority=\"high\" decoding=\"async\" width=\"1465\" height=\"1023\" src=\"https:\/\/www.europesays.com\/fr\/wp-content\/uploads\/2025\/06\/20250604-GeorgesGastaud-interview.jpeg\" alt=\"\" class=\"wp-image-211754\" style=\"width:579px;height:auto\"  \/><\/p>\n<p> <strong>Georges Gastaud dirige le secteur Etudes et prospective du PRCF. Initiative Communiste lui a demand\u00e9 de commenter ce tumultueux d\u00e9but d\u2019\u00e9t\u00e9 politique et g\u00e9opolitique.<\/strong><\/p>\n<p><strong>Initiative Communiste : Comment vois-tu l\u2019\u00e9volution de la situation internationale apr\u00e8s les multiples actions men\u00e9es par Kiev sur le sol russe ?<\/strong><\/p>\n<p><strong>Georges Gastaud : <\/strong>En raison m\u00eame des avanc\u00e9es russes de plus en plus rapides sur le terrain et des actes d\u00e9sesp\u00e9r\u00e9s tent\u00e9s par le camp ukro-otanien aux abois, la situation est h\u00e9las plus grave qu\u2019elle ne l\u2019a jamais \u00e9t\u00e9.\u00a0D\u2019une part les pourparlers d\u2019Istambul sont bloqu\u00e9s, non par l\u2019 \u00ab\u00a0intransigeance russe\u00a0\u00bb, comme le serinent les m\u00e9dias, mais par le fait que le r\u00e9gime jusqu\u2019au-boutiste de Kiev, vassal de l\u2019UE-OTAN et otage volontaire des milices nazies qui pullulent en Ukraine, fait tout pour saboter la paix avec l\u2019engagement de plus en plus d\u00e9raisonnable des Starmer, Macron et autre Merz. Tr\u00e8s vraisemblablement avec l\u2019aide active des services secrets europ\u00e9ens (et\/ou fran\u00e7ais? Un d\u00e9put\u00e9 digne de ce nom osera-t-il poser la question au gouvernement?), l\u2019op\u00e9ration \u00ab\u00a0Toile d\u2019Araign\u00e9e\u00a0\u00bb assortie de multiples attentats clairement terroristes (Pont de Crim\u00e9e, tentative d\u2019abattre l\u2019h\u00e9licopt\u00e8re de Poutine, attentats \u00e0 la voiture pi\u00e9g\u00e9e, d\u00e9raillement de trains transportant des civils, etc.) vise \u00e0 ridiculiser les pourparlers d\u2019Istambul.\u00a0Plus gravement encore, la destruction au sol d\u2019avions russe de la flotte nucl\u00e9aire strat\u00e9gique constitue une tentative de sabotage d\u00e9lib\u00e9r\u00e9, quoiqu\u2019indirect, du Trait\u00e9 russo-am\u00e9ricain faisant obligation aux deux superpuissances de parquer leurs avions strat\u00e9giques \u00e0 l\u2019air libre pour qu\u2019ils soient rep\u00e9rables \u00e0 tout moment par les satellites-espions de l\u2019adversaire. Si les Am\u00e9ricains sont impliqu\u00e9s dans ces op\u00e9rations de sabotage \u00e0 grande \u00e9chelle, cela prouve le double jeu de Trump et m\u00eame sa f\u00e9lonie car il a alors viol\u00e9\u00a0d\u00e9lib\u00e9r\u00e9ment\u00a0un trait\u00e9 dont il ne s\u2019\u00e9tait pas retir\u00e9. Si Trump n\u2019\u00e9tait m\u00eame pas au courant, qu\u2019il le dise et le prouve tr\u00e8s vite car avec ce mode de fonctionnement, les nerfs de chacun sont chauff\u00e9s au rouge. Ce ne serait du reste qu\u2019\u00e0 demi rassurant que le Ma\u00eetre supr\u00eame de l\u2019axe euro-otano-kievi\u00e9n n\u2019e\u00fbt pas \u00e9t\u00e9 inform\u00e9, car cela prouverait que, incapable de contr\u00f4ler ses vassaux ukro-europ\u00e9ens, il ne domine plus rien et qu\u2019il est donc un interlocuteur de moins en moins fiable pour les Russes, les Chinois, les Iraniens, les Cor\u00e9ens, etc.<\/p>\n<\/p>\n<p>La pire des situations, du moins pour ceux des Fran\u00e7ais qui s\u2019int\u00e9ressent \u00e0 autre chose qu\u2019\u00e0 leurs affaires priv\u00e9es et qui ne sont pas candidats au suicide national, ce serait qu\u2019il f\u00fbt \u00e9tabli que les services fran\u00e7ais ont pr\u00eat\u00e9 la main de pr\u00e8s ou de loin \u00e0 cet acte de guerre majeur contre la Russie (l\u2019op\u00e9ration Araign\u00e9e) alors m\u00eame que le Parlement fran\u00e7ais n\u2019a jamais \u00e9t\u00e9 saisi d\u2019une d\u00e9claration de guerre \u00e0 la Russie et que, dans sa masse, le peuple fran\u00e7ais ne veut \u00e0 aucun prix d\u2019une guerre n\u00e9cessairement mondiale et exterminatrice entre nos deux peuples, alli\u00e9s en 1914 et en 1945. En un sens, on peut dire que l\u2019\u00e9picentre du bellicisme-exterminisme s\u2019est d\u00e9cal\u00e9 vers notre pays, dont l\u2019euro-dissolution en cours d\u00e9gage de mortelles toxines, d\u2019autant plus que Macron ne se survit plus politiquement que par la guerre et pour la guerre. Cette situation est pour nous une honte et un danger majeurs car les agissements de Macron \u00e0 l\u2019\u00e9chelle mondiale feraient \u00e9videmment de l\u2019Hexagone la cible prioritaire des armes strat\u00e9giques russes si un conflit s\u2019embrasait officiellement entre Paris et Moscou.\u00a0<\/p>\n<p>L\u2019heure n\u2019est pourtant pas \u00e0 trembler, ni \u00e0 s\u2019occuper de n\u2019importe quoi sauf d\u2019agir pour la paix, mais il faut, dans toutes nos discussions, s\u2019engager personnellement pour la paix mondiale, associer centralement cette cause d\u00e9cisive \u00e0 toutes nos actions de terrain, montrer le lien de chacune d\u2019elles avec l\u2019ensemble des sujets sociopolitiques du jour, salaires, services publics, produire en France, etc. Si la paix mondiale est pr\u00e9serv\u00e9e, l\u2019h\u00e9g\u00e9monisme euro-atlantique d\u00e9j\u00e0 tr\u00e8s \u00e9branl\u00e9 (d\u2019o\u00f9 son extr\u00eame agressivit\u00e9!) sera d\u00e9fait \u00e0 moyen termes et les luttes anti-imp\u00e9rialistes des peuples deviendront irr\u00e9sistibles de m\u00eame que les luttes anticapitalistes de la classe ouvri\u00e8re et des classes populaires. Si ce n\u2019\u00e9taient finalement pas le cas, les horreurs de la Seconde Guerre mondiale seraient surpass\u00e9es par celles qui nous menacent, y compris par la perspective d\u2019une \u00ab\u00a0guerre d\u2019an\u00e9antissement g\u00e9n\u00e9ral\u00a0\u00bb que l\u2019ex-Premi\u00e8re Ministre anglaise Liz Truss, disait envisager froidement pour prix d\u2019une victoire sur la Russie: au fond, ne l\u2019oublions jamais, derri\u00e8re leurs allures hyper-polic\u00e9es, les gens qui nous gouvernent sont majoritairement des fanatiques : et ils s\u2019en vantent ouvertement puisqu\u2019ils se flattent de n\u2019avoir pas de \u00ab\u00a0lignes rouges\u00a0\u00bb !<\/p>\n<p><strong>Initiative Communiste : Gaza est actuellement en proie \u00e0 un g\u00e9nocide de moins en moins dissimulable. Comment mieux mobiliser les travailleurs pour sauver le peuple palestinien de l\u2019\u00e9norme purge ethnique assortie de famine organis\u00e9e qu\u2019il endure ?\u00a0<\/strong><\/p>\n<p><strong>Georges Gastaud : <\/strong>L\u2019horreur est devenue si grave et visible que tout un tas de sales types qui, chez nous, avaient d\u2019abord soutenu le m\u00e9ga-tortionnaire Netanhyahou, commencent \u00e0 dire hypocritement en public: \u00ab\u00a0trop c\u2019est trop!\u00a0\u00bb. Non parce que les massacres de femmes, d\u2019enfants, de personnes malades, de travailleurs humanitaires, de journalistes, d\u2019\u00e9crivains, les horrifient r\u00e9ellement, mais parce que cette engeance comprend soudain que, plus t\u00f4t que tard, on parlera dans les livres d\u2019histoire du \u00ab\u00a0g\u00e9nocide isra\u00e9lien de Gaza\u00a0\u00bb et qu\u2019alors, ceux qui se seront tus jusqu\u2019au bout, ceux m\u00eame qui, comme le c\u00e9l\u00e8bre \u00ab\u00a0mendiant de l\u2019amour\u00a0\u00bb Enrico Macias, auront appel\u00e9 \u00e0 \u00ab\u00a0d\u00e9gommer\u00a0\u00bb les militants de gauche pro-palestiniens en France, appara\u00eetront pour la post\u00e9rit\u00e9 comme ce qu\u2019ils sont: des complices de crimes de masse contre l\u2019humanit\u00e9.\u00a0<\/p>\n<p>J\u2019ai r\u00e9cemment commis une vid\u00e9o parue sur le site du PRCF et intitul\u00e9e \u00ab\u00a0Gaza, ce Guernica des temps modernes\u00a0\u00bb. A Guernica, qu\u2019a jadis immortalis\u00e9e la fresque de Picasso, les fascistes allemands alli\u00e9s \u00e0 Franco contre la R\u00e9publique espagnole ont an\u00e9anti un village basque pro-r\u00e9publicain; ce faisant, ils ont affich\u00e9 l\u2019exterminisme nazi \u00e0 l\u2019international tout en pr\u00e9parant \u00e0 la face du monde l\u2019agression mondiale de 39\/45, avec \u00e0 la cl\u00e9 les camps d\u2019extermination et les milliers d\u2019Oradours commis par la Wehrmacht et autres milices de Bandera contre les populations russe, polonaise et bi\u00e9lorusse. A l\u2019\u00e9poque d\u00e9j\u00e0, le \u00ab\u00a0socialiste\u00a0\u00bb L\u00e9on Blum qui dirigeait la France a opt\u00e9 pour la \u00ab\u00a0non-intervention en Espagne\u00a0\u00bb, la Banque de France refusant m\u00eame de rendre son or \u00e0 la R\u00e9publique espagnole \u00e9trangl\u00e9e et l\u2019Union sovi\u00e9tique \u00e9tant la seule \u00e0 livrer des armes aux R\u00e9publicains pendant que l\u2019Internationale communiste mettait en place les Brigades d\u2019Espagne*. Eh bien ce qui se passe \u00e0 Gaza ne concerne pas seulement le peuple palestinien, ni m\u00eame la cause plus globale de l\u2019anti-imp\u00e9rialisme au Proche-Orient. Non, ce qui se d\u00e9cide \u00e0 Gaza aujourd\u2019hui comme ce qui se jouait avant-hier \u00e0 Guernica, c\u2019est bien le sort global de l\u2019humanit\u00e9\u00a0: Gaza est un banc d\u2019essai de cet exterminisme largement caract\u00e9ristique de l\u2019Axe euro-atlantique (dont le r\u00e9gime isra\u00e9lien est l\u2019un des fers de lance avec l\u2019Ukraine) qui, demain, menacera\u00a0 toute l\u2019Humanit\u00e9 et qui, d\u00e8s aujourd\u2019hui, sape l\u2019humanit\u00e9 de chacun puisqu\u2019une humanit\u00e9 qui laisse froidement \u00ab\u00a0faire \u00e7a\u00a0\u00bb \u00e0 des milliers de gens sans d\u00e9fense, renonce \u00e0 toute dignit\u00e9 pour elle-m\u00eame et se placera demain veulement sous le couteau du boucher imp\u00e9rialiste global.\u00a0C\u2019est pourquoi il ne suffit plus de se dire \u00ab\u00a0solidaire des Palestiniens\u00a0\u00bb, si n\u00e9cessaire que ce soit; il faut clamer que laisser \u00e9gorger le peuple palestinien aujourd\u2019hui, c\u2019est pr\u00e9parer l\u2019an\u00e9antissement de l\u2019Humanit\u00e9 demain. Il ne s\u2019agit pas seulement d\u2019une question morale,\u00a0\u00e0 Gaza se joue l\u2019autoconservation du genre humain tout entier. En effet, g\u00e9opolitiquement, c\u2019est un seul et m\u00eame front mondial \u2013 celui qui serpente de la Baltique \u00e0 la P\u00e9ninsule cor\u00e9enne en passant par le Donbass, le Proche-Orient et l\u2019Iran, le D\u00e9troit de Taiwan et la Mer de Chine, voire le Cachemire o\u00f9 certains sont s\u00fbrement tr\u00e8s content de voir s\u2019entred\u00e9chirer des Etats membre ou sympathisant des BRICS. Partout, ce jusqu\u2019au-boutisme oppose directement ou indirectement (y compris, en strangulant Cuba socialiste et le Venezuela bolivarien, ou en favorisant les pratiques g\u00e9nocidaires du sieur Kagam\u00e9 \u00e0 l\u2019encontre du Congo d\u00e9mocratique) l\u2019h\u00e9g\u00e9monisme euro-atlantique, ce fauteur de guerre mondiale, \u00e0 l\u2019ensemble des peuples d\u00e9sireux de vivre une \u00e8re nouvelle de coop\u00e9ration internationale et de respect des souverainet\u00e9s. De m\u00eame que nous nous d\u00e9fendons nous-m\u00eames en d\u00e9fendant Cuba socialiste, de m\u00eame d\u00e9fendre Gaza contre l\u2019odieuse \u00ab\u00a0Tsahal\u00a0\u00bb (sic), c\u2019est d\u00e9fendre toute l\u2019humanit\u00e9 et l\u2019humanit\u00e9 de chacun. Y compris la m\u00e9moire toujours hurlante de millions d\u2019enfants juifs, tziganes, russes, etc. extermin\u00e9s jadis par les nazis.\u00a0<\/p>\n<\/p>\n<p>De ce point de vue, combien sont incons\u00e9quents les d\u00e9fenseurs fran\u00e7ais de Gaza qui, tout en d\u00e9non\u00e7ant le m\u00e9ga-tortionnaire Netanyahou, encensent son grand ami Zelensky sans comprendre que c\u2019est la m\u00eame \u00ab\u00a0ligne de front\u00a0\u00bb, le m\u00eame grand Rift g\u00e9opolitique mondial, qui traverse le Donbass, qui d\u00e9chiqu\u00e8te le Proche-Orient et qui menace demain d\u2019embraser l\u2019Asie-Pacifique.<\/p>\n<p>A cet \u00e9gard, l\u2019annonce par les dockers de Fos qu\u2019ils ne chargeraient pas les armes destin\u00e9es \u00e0 Haifa pour massacrer les Palestiniens est d\u2019une extr\u00eame importance car l\u2019arme principale pour d\u00e9fendre la paix s\u2019appelle le combat de classe internationaliste.\u00a0<\/p>\n<p><strong>Initiative Communiste : Comment vois-tu le devenir de l\u2019Union europ\u00e9enne en ce 20\u00e8me anniversaire du Non fran\u00e7ais \u00e0 la Constitution europ\u00e9enne?<\/strong><\/p>\n<p><strong>Georges Gastaud : <\/strong>D\u00e9finitivement arrim\u00e9e \u00e0 l\u2019OTAN au moyen de la funeste \u00ab\u00a0arm\u00e9e europ\u00e9enne\u00a0\u00bb en gestation, fr\u00e9n\u00e9tiquement surexcit\u00e9e par Charlemagne Macron qui se voit d\u00e9j\u00e0 en premier pr\u00e9sident du futur Etat f\u00e9d\u00e9ral europ\u00e9en, offerte en r\u00e9alit\u00e9 \u00e0 la domination r\u00e9gionale aggrav\u00e9e de l\u2019imp\u00e9rialisme allemand massivement r\u00e9arm\u00e9, l\u2019UE est d\u2019autant plus belliciste et fascisante qu\u2019elle est de plus en plus rejet\u00e9e par les peuples europ\u00e9ens comme on le voit, de mani\u00e8res tr\u00e8s diverses et souvent tr\u00e8s d\u00e9form\u00e9e h\u00e9las, au fil des derni\u00e8res \u00e9lections en Europe de l\u2019Est: les candidats europ\u00e9istes y sont battus ou \u00ab\u00a0r\u00e9\u00e9lus\u00a0\u00bb dans des conditions hautement suspectes (Moldavie, Roumanie, Pologne\u2026).<\/p>\n<p>Agressivit\u00e9 sans \u00ab\u00a0lignes rouges\u00a0\u00bb d\u2019une part, car les dirigeants europ\u00e9ens conduits par le trio l\u00e9tal Starmer\/Merz\/Macron sont d\u00e9sormais plus atlantistes que les Am\u00e9ricains eux-m\u00eames: en Ukraine, ils poussent au torpillage des n\u00e9gociations d\u2019Istambul (hormis les m\u00e9chantes gens de quelques salles de r\u00e9daction, chacun comprend que le \u00ab\u00a0cessez-le-feu inconditionnel\u00a0\u00bb voulu par Zelensky et par les dirigeants europ\u00e9ens signifie seulement: stopper l\u2019offensive russe dans le Donbass pendant que Kiev se r\u00e9arme pour contre-attaquer), appeler \u00e0 la guerre \u00e0 outrance, aider Kiev \u00e0 frapper en profondeur le territoire russe, provoquer la guerre totale avec la Russie, voire avec la Chine populaire comme l\u2019a d\u00e9clar\u00e9 la \u00ab\u00a0diplomate\u00a0\u00bb europ\u00e9enne Kaja Kallas (2). C\u2019est aussi marcher objectivement, qu\u2019on le veuille ou pas consciemment, vers la guerre d\u2019extermination en esp\u00e9rant que les Am\u00e9ricains seront forc\u00e9s de d\u00e9fendre leur provoquants alli\u00e9s europ\u00e9ens, pour ne pas dire les euro-provocateurs. Mais bien entendu, les Russes, les Iraniens, les Nord-Cor\u00e9ens ne resteraient pas l\u2019arme au pied dans cette hypoth\u00e8se et l\u2019on assisterait alors \u00e0 une tout autre \u00ab\u00a0lutte finale\u00a0\u00bb qu\u2019\u00e0 celle qu\u2019annonce le fraternel refrain universaliste de l\u2019Internationale\u2026\u00a0<\/p>\n<p>Si irrationnelle qu\u2019elle d\u2019un point de vue simplement humain, cette agressivit\u00e9 europ\u00e9enne est profond\u00e9ment politique et \u00ab\u00a0rationnelle\u00a0\u00bb d\u2019un point de vue\u2026 capitaliste et imp\u00e9rialiste. En effet, les dirigeants de la France oligarchique et de la RFA imp\u00e9riale en voie de r\u00e9armement acc\u00e9l\u00e9r\u00e9 se voient d\u00e9j\u00e0 en \u00ab\u00a0Europe-Puissance\u00a0\u00bb mondiale; or c\u2019est d\u2019autant plus absurde que, pour se r\u00e9armer, les Etats europ\u00e9ens se sont engag\u00e9s aupr\u00e8s de Washington \u00e0 d\u00e9penser jusqu\u2019\u00e0 5% de leur PIB\u2026 pour acheter\u2026 des armes am\u00e9ricaines, bien \u00e9videmment! En r\u00e9alit\u00e9, la triade Starmer-Macron-Merz pr\u00e9tend s\u2019affranchir des USA par l\u2019acte m\u00eame qui accro\u00eetra finalement sa d\u00e9pendance \u00e0 l\u2019\u00e9gard de l\u2019Oncle Sam !<\/p>\n<blockquote class=\"twitter-tweet\" data-width=\"550\" data-dnt=\"true\">\n<p lang=\"fr\" dir=\"ltr\"><a href=\"https:\/\/twitter.com\/hashtag\/29mai?src=hash&amp;ref_src=twsrc%5Etfw\" target=\"_blank\" rel=\"noopener\">#29mai<\/a> : depuis 20 ans le peuple fran\u00e7ais souverain est viol\u00e9, \u00e9cras\u00e9 sous le joug de l&#39;Union Europ\u00e9enne et de ses trait\u00e9s antid\u00e9mocratiques, ill\u00e9gitimes, totalitaires !<br \/>Vite pour la d\u00e9mocratie, la justice, la fraternit\u00e9 et la paix : <a href=\"https:\/\/twitter.com\/hashtag\/Frexit?src=hash&amp;ref_src=twsrc%5Etfw\" target=\"_blank\" rel=\"noopener\">#Frexit<\/a> progressiste<\/p>\n<p>Rendez vous dans la rue\u2026 <a href=\"https:\/\/t.co\/N61pdYfg07\">pic.twitter.com\/N61pdYfg07<\/a><\/p>\n<p>&mdash; PRCF (@PRCF_) <a href=\"https:\/\/twitter.com\/PRCF_\/status\/1928042991488323799?ref_src=twsrc%5Etfw\" target=\"_blank\" rel=\"noopener\">May 29, 2025<\/a><\/p><\/blockquote>\n<p><script async src=\"https:\/\/platform.twitter.com\/widgets.js\" charset=\"utf-8\"><\/script>\n<\/p>\n<p>Quelle absurdit\u00e9 que tout cela, alors que le mouvement des BRICS en extension rapide, que la fin probable, voire imminente, de la domination plan\u00e9taire du dollar (et, par la m\u00eame occasion, de la domination continentale de l\u2019actuelle zone euro-mark?), que la mise en place des \u00ab\u00a0Routes de la soie\u00a0\u00bb ouvertes par principe \u00e0 tout Etat de la plan\u00e8te qui le souhaiterait (y compris \u00e0 la France!), permettraient au contraire \u00e0 l\u2019humanit\u00e9\u00a0 de r\u00e9gler de mani\u00e8re coop\u00e9rative les probl\u00e8mes sociaux, culturels et environnementaux qui menacent sa survie et qui plombent son d\u00e9veloppement! S\u2019agissant de la France, qui se d\u00e9lite \u00e0 l\u2019int\u00e9rieur du carcan europ\u00e9en, cette prise en compte bien comprise des tendances plan\u00e9taires aux multilat\u00e9ralisme permettrait \u00e0 notre pays de rompre enfin avec son t\u00eate-\u00e0-t\u00eate \u00e9conomique d\u00e9l\u00e9t\u00e8re avec la RFA pour, de nouveau, produire en France\u00a0pour commercer \u00e0 \u00e9galit\u00e9 avec tous les pays de tous les continents !<\/p>\n<p>Pour autant il ne faut pas perdre de vue l\u2019autre aspect de la contradiction: le rejet populaire de la \u00ab\u00a0construction\u00a0\u00bb europ\u00e9enne. Parce que le climat id\u00e9ologique mondial est actuellement r\u00e9actionnaire (depuis la chute de l\u2019URSS, \u00ab\u00a0le vent d\u2019Ouest domine le vent d\u2019Est\u00ab\u00a0, pour inverser une formule de Mao), et plus encore parce que le lamentable antisovi\u00e9tisme de confort (3) r\u00e9gnant \u00e0 gauche a rendu nombre de PC morbidement arrim\u00e9s \u00e0 la social-d\u00e9mocratie (dont le PCF, h\u00e9las!) totalement impuissants \u00e0 assumer le patriotisme populaire\u00a0<\/p>\n<p>sur des bases de classe, ce sont souvent les mouvements populistes de droite ou d\u2019ultra-droite fascin\u00e9s par Trump qui portent (et d\u00e9voient) pour le moment la protestation anti-UE. Sur des bases totalement inad\u00e9quates, faut-il le dire, et plus ou moins empreintes de x\u00e9nophobie glauque, de misogynie rance, voire de haine antimusulmane assum\u00e9e selon les pays. Il n\u2019emp\u00eache que, en Moldavie, en G\u00e9orgie, en Roumanie, en Pologne, les partisans de l\u2019UE essuient de lourdes d\u00e9faites (ou de tr\u00e8s forts reculs) et que le moins qu\u2019on puisse dire, c\u2019est que les peuples, principalement les classes populaires, NE CONSENTENT PAS \u00e0 la marche vers une guerre antirusse continentale \u00e0 laquelle voudraient les livrer les eurocrates, Macron en t\u00eate. En France m\u00eame, un sondage r\u00e9cent r\u00e9v\u00e8le que, si les Fran\u00e7ais devaient voter \u00e0 nouveau sur la constitution europ\u00e9enne, ils seraient encore plus nombreux qu\u2019en 2005 \u00e0 voter Non\u2026 Il reste certes encore beaucoup \u00e0 faire pour expliquer \u00e0 la jeunesse, que l\u2019\u00e9cole et les m\u00e9dias euro-formatent et am\u00e9ricanisent de 100 fa\u00e7ons depuis l\u2019enfance (avec en particulier le gavage au tout-anglais sur tous les plans), que, non, l\u2019UE n\u2019est pas une \u00ab\u00a0belle opportunit\u00e9\u00a0\u00bb pour les jeunes: sur le fond, elle est une marche au suicide collectif! De m\u00eame, l\u2019euro ne nous \u00ab\u00a0prot\u00e8ge\u00a0\u00bb de rien, et surtout pas des euro-privatisations en marche (SNCF, Poste, EDF\u2026), de l\u2019aust\u00e9rit\u00e9 salariale et des d\u00e9localisations. De m\u00eame, la marche vers un monde de coop\u00e9rations internationalistes et \u00e9galitaires ne passe aucunement par l\u2019introuvable \u00ab\u00a0Europe sociale, pacifique et \u00e9cologique\u00a0\u00bb ch\u00e8re \u00e0 la social-d\u00e9mocratie en d\u00e9clin continental, mais par un Frexit progressiste rouvrant \u00e0 la France, et \u00e0 tout pays qui voudrait la suivre, l\u2019accompagner ou la pr\u00e9c\u00e9der, la perspective d\u2019un socialisme-communisme de nouvelle g\u00e9n\u00e9ration. Un socialisme que l\u2019Etat f\u00e9d\u00e9ral europ\u00e9en d\u2019essence fascisante et contre-r\u00e9volutionnaire port\u00e9 par l\u2019hyper-dangereux Macron aurait au contraire pour fonction principale de forclore !<\/p>\n<p><img loading=\"lazy\" decoding=\"async\" width=\"1920\" height=\"1080\" src=\"https:\/\/www.europesays.com\/fr\/wp-content\/uploads\/2025\/06\/20250418-economie-guerre-bayrou.jpeg\" alt=\"\" class=\"wp-image-210748\" style=\"width:547px;height:auto\"  \/><\/p>\n<p><strong>Initiative Communiste : Comment caract\u00e9riser le gouvernement Bayrou en termes sociopolitiques ?\u00a0<\/strong><\/p>\n<p><strong>Georges Gastaud : <\/strong>C\u2019est un gouvernement \u00ab\u00a0r\u00e9actionnaire sur toute la ligne\u00a0\u00bb pour emprunter une expression de L\u00e9nine. Hyst\u00e9riquement belliqueux et euro-f\u00e9d\u00e9raliste (sur quel mandat du peuple, d\u2019ailleurs?), grossi\u00e8rement x\u00e9nophobe et antimusulman, antisocial au dernier degr\u00e9 comme le montrent \u00e0 la fois le projet de \u00ab\u00a0TVA (ANTI-)sociale\u00a0\u00bb visant les couches populaires, la passivit\u00e9 dont il fait montre \u00e0 propos des d\u00e9localisations et les coupes claires dans les budgets sociaux. En r\u00e9alit\u00e9, ce gouvernement est domin\u00e9 par la personnalit\u00e9 inqui\u00e9tante d\u2019un Retailleau qui, derri\u00e8re son \u00e9tiquette mensong\u00e8re de \u00ab\u00a0R\u00e9publicain\u00a0\u00bb, se comporte en variante \u00e0 peine modernis\u00e9e de la Chouannerie, son projet \u00e9tant de \u00ab\u00a0faire du RN sans le RN\u00a0\u00bb en attendant d\u2019ouvrir son offre politique, d\u00e8s qu\u2019il le sentira possible, \u00e0 toute la droite de Macron \u00e0 Marion Mar\u00e9chal en passant par Bardella et Le Pen. L\u2019avenir dira vite s\u2019il est exag\u00e9r\u00e9 de qualifier le climat politique install\u00e9 par ce gouvernement de \u00ab\u00a0pr\u00e9fasciste\u00a0\u00bb (h\u00e9las, on peut craindre que non!), mais chacun peut d\u00e9j\u00e0 constater la nature ultrar\u00e9actionnaire d\u2019un gouvernement qui, \u00e0 d\u00e9faut de revenir si peu que ce soit sur la contre-r\u00e9forme des retraites, d\u2019instituer la proportionnelle aux \u00e9lections et d\u2019en finir avec les privil\u00e8ges dangereux de l\u2019enseignement priv\u00e9 (<a href=\"https:\/\/www.initiative-communiste.fr\/articles\/luttes\/affaire-betharram-bayrou-doit-degager\/\" target=\"_blank\" rel=\"noopener\">terrifiante affaire B\u00e9tharam !<\/a>), passe son temps \u00e0 \u00e9dicter des mesures d\u2019exception contre les mouvements de d\u00e9fense de la Palestine tout en stigmatisant directement ou insidieusement \u00ab\u00a0les musulmans\u00a0\u00bb.<\/p>\n<p><img loading=\"lazy\" decoding=\"async\" width=\"1167\" height=\"592\" src=\"https:\/\/www.europesays.com\/fr\/wp-content\/uploads\/2025\/06\/20241226-BayrouMacronValls-UE-MEDEF.jpeg\" alt=\"\" class=\"wp-image-209108\" style=\"width:544px;height:auto\"  \/><\/p>\n<p><strong>Initiative Communiste : Comment combattre efficacement ce gouvernement de la r\u00e9action ?<\/strong><\/p>\n<p><strong>Georges Gastaud : <\/strong>Tout d\u2019abord, en faisant l\u2019exact contraire de ce qu\u2019a fait la Gauche \u00e9tablie en gaspillant tr\u00e8s l\u2019\u00e9lan r\u00e9sultant de sa surprenante semi-victoire aux l\u00e9gislatives.\u00a0D\u2019abord en effet, LFI qui \u00e9tait la force motrice \u00e0 gauche n\u2019a rien trouv\u00e9 de mieux \u00e0 faire que de recycler\u00a0<\/p>\n<p>le PS moribond\u00a0au moyen d\u2019un pr\u00e9tendu \u00ab\u00a0nouveau Front populaire\u00a0\u00bb. Bien \u00e9videment, ledit PS n\u2019a eu de cesse, une fois qu\u2019il fut revenu en force au Parlement, de torpiller le projet LFI de destitution de Macron, de participer \u00e0 la criminalisation de son ex-partenaire \u00e9lectoral et de rel\u00e9gitimer ce pr\u00e9sident d\u00e9mon\u00e9tis\u00e9 en allant\u00a0<\/p>\n<p>\u00e0 tout moment\u00a0dialoguer avec lui. De m\u00eame le PS a-t-il plusieurs fois sauv\u00e9 Bayrou en boudant (\u00e0 l\u2019unisson du RN\u2026) les motions de censure d\u00e9pos\u00e9es par LFI, qu\u2019on peut au moins cr\u00e9diter de sa combativit\u00e9. Ne parlons pas des Verts, pass\u00e9s du neutralisme pacifiste des ann\u00e9es 80 \u00e0 l\u2019ultra-bellicisme antirusse actuel (le nucl\u00e9aire civil, c\u2019est crade, mais quoi de plus \u00e9colo que la guerre nucl\u00e9aire, n\u2019est-ce pas?). Ni de la clique du dangereux Rapha\u00ebl Glucksmann, ce digne rejeton du d\u00e9funt \u00ab\u00a0philosophe\u00a0\u00bb exterministe Andr\u00e9 Glucksmann qui, fanatiquement oppos\u00e9 au camp socialiste des ann\u00e9es 80, et \u00e0 l\u2019unisson de Ronald Reagan, pr\u00eachait d\u00e9j\u00e0 la guerre nucl\u00e9aire antisovi\u00e9tique au risque assum\u00e9 de risquer une \u00ab\u00a0seconde mort de l\u2019humanit\u00e9\u00a0\u00bb dans un livre de 1984 justifiant l\u2019implantation en Europe des fus\u00e9es Pershing II am\u00e9ricains. Jusqu\u2019\u00e0 la disparition \u00ab\u00a0exhaustive\u00a0\u00bb de l\u2019humanit\u00e9 dans \u00ab\u00a0un \u00e9change de Pershings et de SS 20\u2033\u2026 Et dire que des gens qui se croient de gauche, et qui parfois citent Jaur\u00e8s (\u00e0 contresens!), soutiennent ce va-t-en-guerre sans scrupules qu\u2019un Rufin croit m\u00eame d\u00e9cent d\u2019inclure dans une future \u00ab\u00a0primaire de la gauche de Poutou \u00e0 Hollande\u00a0\u00bb\u2026<\/p>\n<p><img loading=\"lazy\" decoding=\"async\" width=\"1594\" height=\"1200\" src=\"https:\/\/www.europesays.com\/fr\/wp-content\/uploads\/2025\/06\/20250508-marseille-PRCF13-3-F-1-1594x1200.jpg\" alt=\"\" class=\"wp-image-211232\" style=\"width:487px;height:auto\"  \/><\/p>\n<p>Soumis sur sa gauche \u00e0 la pression des militants syndicaux de classe qui reprennent le juste slogan du PRCF \u00ab\u00a0l\u2019argent pour les salaires, pas pour la guerre!\u00ab\u00a0, le PCF de Roussel d\u00e9clare enfin lancer une grande campagne pour la paix. Acceptons-en l\u2019augure, mais <a href=\"https:\/\/www.initiative-communiste.fr\/articles\/luttes\/quand-le-pcf-de-roussel-vote-a-lassemblee-pour-la-guerre-donc-contre-les-salaires-les-communistes-condamnent-et-appelle-a-agir-pour-la-paix-et-pour-les-travailleurs-les-declarations-du-prcf-et\/\" target=\"_blank\" rel=\"noopener\">rappelons qu\u2019il n\u2019en a pas moins vot\u00e9 les cr\u00e9dits de guerre pour l\u2019Ukraine le 30 novembre 2023 en tant que d\u00e9put\u00e9.<\/a> Il faudrait en outre qu\u2019il nous explique comment il pourra nationaliser la sid\u00e9rurgie fran\u00e7aise en difficult\u00e9 (d\u00e9truite par l\u2019UE depuis des d\u00e9cennies), pr\u00e9server les acquis sociaux et augmenter les revenus du Travail (tous comprim\u00e9s au nom de l\u2019euro: salaires, retraites, remboursements maladie, indemnit\u00e9s ch\u00f4mage\u2026) sans sortir de l\u2019UE et de sa maudite monnaie unique synonyme d\u2019aust\u00e9rit\u00e9 \u00e0 perp\u00e9tuit\u00e9.\u00a0\u00a0<\/p>\n<p>Quel d\u00e9sastre par ailleurs que ces \u00e9tats-majors conf\u00e9d\u00e9raux totalement impotents\u00a0qui,\u00a0tous affili\u00e9s \u00e0 la Conf\u00e9d\u00e9ration Europ\u00e9enne des Syndicats (cette courroie de transmission \u00ab\u00a0syndicale\u00a0\u00bb de Bruxelles), se montrent incapables de rompre avec la CFDT jaune ! Elle a pourtant men\u00e9 au d\u00e9sastre le mouvement pour les retraites et elle continue de cautionner le \u00ab\u00a0conclave\u00a0\u00bb gouvernemental bidon alors m\u00eame que les hauts fonctionnaires du \u00ab\u00a0COR\u00a0\u00bb (qui ne risquent certes pas de se tuer au boulot!) pr\u00e9tendent m\u00eame d\u00e9sormais aller plus loin encore que la retraite \u00e0 64 ans ! Mais apr\u00e8s tout, dans cette belle Europe d\u00e9mocratique que nous chante \u00e0 divers degr\u00e9 la gauche \u00e9tablie, n\u2019avons-nous pas l\u2019exemple du Danemark, dont les d\u00e9put\u00e9s viennent de reporter l\u2019\u00e2ge de d\u00e9part \u00e0 70 ans? A ce rythme, ce n\u2019est plus la retraite des vieux qu\u2019on nous annonce, mais la retraite des morts comme on disait au d\u00e9but du XX\u00e8me si\u00e8cle !<\/p>\n<p>A l\u2019inverse, le PRCF et les militants syndicaux qu\u2019il fr\u00e9quente, cheminots, m\u00e9tallos, chauffeurs de car, dockers, hospitaliers, enseignants, \u00e9tudiants, oeuvrent \u00e0 la relance du syndicalisme de combat et pr\u00f4nent la construction d\u2019un grand mouvement \u00ab\u00a0tous ensemble en m\u00eame temps\u00a0\u00bb sur la base de la construction d\u00e9mocratique d\u2019une plateforme revendicative nationale f\u00e9d\u00e9ratrice. Un mouvement capable de bloquer le profit capitaliste, de stopper l\u2019\u00e9conomie europ\u00e9enne \u00e0 flux tendus transitant par l\u2019Hexagone, d\u2019organiser une gr\u00e8ve reconductible d\u00e9termin\u00e9e, interprofessionnelle et digne de ce nom. Tout cela sans \u00e9pargner ni Macron, ni l\u2019 \u00ab\u00a0\u00e9conomie de guerre\u00a0\u00bb imp\u00e9rialiste, ni la \u00ab\u00a0construction\u00a0\u00bb europ\u00e9enne dont la vraie signification de classe est de d\u00e9tricoter les acquis populaires de 1906, 1936, 45 et 68 !<\/p>\n<p><img loading=\"lazy\" decoding=\"async\" width=\"1600\" height=\"1200\" src=\"https:\/\/www.europesays.com\/fr\/wp-content\/uploads\/2025\/06\/20250931-29mai2005-20ans-meeting-Paris-1600x1200.jpg\" alt=\"\" class=\"wp-image-211715\" style=\"width:640px;height:auto\"  \/><\/p>\n<p>Il faut notamment que le lien soit syst\u00e9matiquement fait dans les luttes entre la d\u00e9fense des conqu\u00eates sociales, celle de l\u2019ind\u00e9pendance nationale et celle de la paix mondiale. En ce sens, redisons que le slogan de masse soumis au mouvement ouvrier par le PRCF \u00ab\u00a0L\u2019argent pour les salaires, pas pour la guerre!\u00a0\u00bb est appel\u00e9 \u00e0 retentir de plus en plus fort dans les manifs ouvri\u00e8res.\u00a0<\/p>\n<p><strong>Initiative Communiste : Quelles perspectives pour le PRCF ?<\/strong><\/p>\n<p><strong>Georges Gastaud : <\/strong> On peut dire, sans \u00ab\u00a0gonflette\u00a0\u00bb aucune, que\u00a0le PRCF et la JRCF sont en dynamique ;\u00a0chose rassurante pour les v\u00e9t\u00e9rans communistes dont je fais d\u00e9sormais partie, la majorit\u00e9 des adh\u00e9sions qui parviennent au P\u00f4le (et, par d\u00e9finition, \u00e0 la JRCF!) \u00e9mane de plus en plus de la jeunesse. D\u2019ores et d\u00e9j\u00e0, le PRCF est fort d\u2019une analyse th\u00e9orique, philosophique, historique, \u00e9conomique, g\u00e9opolitique, \u00e9conomique, politique, syndicale, effectu\u00e9e \u00e0 la lumi\u00e8re du mat\u00e9rialisme dialectique et affin\u00e9e par sa direction nationale, par ses organisations locales et par ses commissions nationales de travail (Luttes, International, Philo, \u00e9conomie, Histoire, Culture, Condition f\u00e9minine, Sant\u00e9, Education\u2026). Le P\u00f4le a r\u00e9cemment\u00a0<br \/>r\u00e9nov\u00e9 de fond en comble son journal Initiative communiste, il\u00a0publie une revue th\u00e9orique de qualit\u00e9 (Etincelles), anime quotidiennement la bataille politique sur son site national, a fortement dynamis\u00e9 et approfondi son travail organisationnel avec l\u2019aide de tous, jeunes et anciens et il soutient les activit\u00e9s des \u00ab\u00a0Caf\u00e9s marxistes\u00a0\u00bb et de l\u2019Universit\u00e9 Ch\u2019ti Guevara du Nord-Pas-de-Calais. Le PRCF a aussi aid\u00e9 la JRCF \u00e0 devenir r\u00e9cemment une organisation de plein exercice. Il a particip\u00e9\u00a0r\u00e9cemment\u00e0 d\u2019importantes r\u00e9unions internationalistes \u00e0 Cuba, en Russie, en Allemagne, en Irlande, en Afrique et en Grande-Bretagne et il pr\u00e9pare d\u00e9mocratiquement sa VII\u00e8me conf\u00e9rence nationale pr\u00e9vue pour le printemps 2026 en Bourgogne. Tout r\u00e9cemment, le P\u00f4le a dynamiquement organis\u00e9 ou coorganis\u00e9 des rassemblements pluriels pour un 8 mai 2025 de lutte (Paris, Lens, Marseille, Toulouse, Bordeaux) ou pour un combatif anniversaire du Non \u00e0 la constitution europ\u00e9enne (Paris) avec ses partenaires du PARDEM, du RPS-FIERS et de la Dynamique constituante.<\/p>\n<blockquote class=\"wp-block-quote is-layout-flow wp-block-quote-is-layout-flow\">\n<p>Porteur d\u2019un grand projet de socialisme-communisme de nouvelle g\u00e9n\u00e9ration indissociable de la d\u00e9fense \u00e9clair\u00e9e du legs de l\u2019Internationale communiste, des pays socialistes, de la R\u00e9sistance antifasciste et des luttes anticoloniales du PCF marxiste-l\u00e9niniste de nagu\u00e8re, le PRCF entretient des relations constructives avec des organisations d\u00e9mocratiques favorables au Frexit progressiste.<\/p>\n<\/blockquote>\n<p><img loading=\"lazy\" decoding=\"async\" width=\"1600\" height=\"1200\" src=\"https:\/\/www.europesays.com\/fr\/wp-content\/uploads\/2025\/06\/20250508-Paris-cafe-croissant-paix-prcf-2-1600x1200.jpg\" alt=\"\" class=\"wp-image-211247\" style=\"width:628px;height:auto\"  \/><\/p>\n<blockquote class=\"wp-block-quote is-layout-flow wp-block-quote-is-layout-flow\">\n<p>Le PRCF tend aussi la main aux communistes qui, quel que soit leur (non-) appartenance organisationnelle actuelle, veulent loyalement construire une Convergence d\u2019Action Communiste.\u00a0\u00a0Avec l\u2019approfondissement de la recherche th\u00e9orique, cela est n\u00e9cessaire pour que renaisse au plus vite le Parti communiste de combat dont les travailleurs de France, la Nation et la paix ont le plus grand besoin depuis que, h\u00e9las, le PCF actuel, d\u00e9sormais encha\u00een\u00e9 par ses chefs au PGE social-europ\u00e9iste, s\u2019est irr\u00e9versiblement engag\u00e9 dans la voie d\u00e9l\u00e9t\u00e8re de sa \u00ab\u00a0mutation\u00a0\u00bb antil\u00e9niniste, socialo-d\u00e9pendante et euro-compatible.<\/p>\n<\/blockquote>\n<p><strong>ENTRETIEN AVEC GEORGES GASTAUD, DIRECTEUR D\u2019INITIATIVE COMMUNISTE<\/strong> \u2013 r\u00e9alis\u00e9 le 4 juin 2025<\/p>\n<p>Cr\u00e9dit Entretien avec Georges Gastaud \u2013 image d\u2019illustration \u2013 IC \u2013 d\u2019apr\u00e8s IA.<\/p>\n<p>\t\t\t\t\t\t\t\t\t\t\t\t\t\t\t<script async src=\"https:\/\/platform.twitter.com\/widgets.js\" charset=\"utf-8\"><\/script><\/p>\n","protected":false},"excerpt":{"rendered":"Georges Gastaud dirige le secteur Etudes et prospective du PRCF. Initiative Communiste lui a demand\u00e9 de commenter ce&hellip;\n","protected":false},"author":2,"featured_media":162232,"comment_status":"","ping_status":"","sticky":false,"template":"","format":"standard","meta":{"footnotes":""},"categories":[1586],"tags":[29467,11,214,27530,13150,3259,29468,2956,1777,674,1779,29469,1011,27,15501,15502,29470,3535,29471,29472,29473,15503,29474,15504,14,2173,29475,11229,11514,1272,1916,12,29476,29477,136,3518,8387,12869,29478,25,23172,11876,29479,29480,15508,29482,29481,25146,1778,220,364,308],"class_list":{"0":"post-162231","1":"post","2":"type-post","3":"status-publish","4":"format-standard","5":"has-post-thumbnail","7":"category-europe","8":"tag-20-ans-du-non","9":"tag-actualites","10":"tag-chomage","11":"tag-communiste","12":"tag-communistes","13":"tag-conflit-israelo-palestinien","14":"tag-desindustrialisation","15":"tag-entretien","16":"tag-eu","17":"tag-europe","18":"tag-european-union","19":"tag-fascisation","20":"tag-fr","21":"tag-france","22":"tag-frexit","23":"tag-frexit-progressiste","24":"tag-geopolique","25":"tag-geopolitique","26":"tag-georges-gastaud","27":"tag-geostrategie","28":"tag-guerre-mondiale","29":"tag-ic","30":"tag-imperialisme-americain","31":"tag-initiative-communiste","32":"tag-international","33":"tag-interview","34":"tag-jrcf","35":"tag-kiev","36":"tag-macron","37":"tag-manifestations","38":"tag-moscou","39":"tag-news","40":"tag-non-au-tce","41":"tag-organisation-communiste","42":"tag-otan","43":"tag-palestine","44":"tag-parti-communiste","45":"tag-prcf","46":"tag-renaissance-communiste","47":"tag-republique-francaise","48":"tag-revolution","49":"tag-revolutionnaire","50":"tag-revolutionnaires","51":"tag-sortie-de-leuro","52":"tag-sortie-de-lue","53":"tag-sortir-de-lotan","54":"tag-sortir-de-lu-e","55":"tag-tel-aviv","56":"tag-ue","57":"tag-ukraine","58":"tag-union-europeenne","59":"tag-usa"},"share_on_mastodon":{"url":"","error":"Validation failed: Text character limit of 500 exceeded"},"_links":{"self":[{"href":"https:\/\/www.europesays.com\/fr\/wp-json\/wp\/v2\/posts\/162231","targetHints":{"allow":["GET"]}}],"collection":[{"href":"https:\/\/www.europesays.com\/fr\/wp-json\/wp\/v2\/posts"}],"about":[{"href":"https:\/\/www.europesays.com\/fr\/wp-json\/wp\/v2\/types\/post"}],"author":[{"embeddable":true,"href":"https:\/\/www.europesays.com\/fr\/wp-json\/wp\/v2\/users\/2"}],"replies":[{"embeddable":true,"href":"https:\/\/www.europesays.com\/fr\/wp-json\/wp\/v2\/comments?post=162231"}],"version-history":[{"count":0,"href":"https:\/\/www.europesays.com\/fr\/wp-json\/wp\/v2\/posts\/162231\/revisions"}],"wp:featuredmedia":[{"embeddable":true,"href":"https:\/\/www.europesays.com\/fr\/wp-json\/wp\/v2\/media\/162232"}],"wp:attachment":[{"href":"https:\/\/www.europesays.com\/fr\/wp-json\/wp\/v2\/media?parent=162231"}],"wp:term":[{"taxonomy":"category","embeddable":true,"href":"https:\/\/www.europesays.com\/fr\/wp-json\/wp\/v2\/categories?post=162231"},{"taxonomy":"post_tag","embeddable":true,"href":"https:\/\/www.europesays.com\/fr\/wp-json\/wp\/v2\/tags?post=162231"}],"curies":[{"name":"wp","href":"https:\/\/api.w.org\/{rel}","templated":true}]}}