{"id":162242,"date":"2025-06-09T02:28:18","date_gmt":"2025-06-09T02:28:18","guid":{"rendered":"https:\/\/www.europesays.com\/fr\/162242\/"},"modified":"2025-06-09T02:28:18","modified_gmt":"2025-06-09T02:28:18","slug":"roland-garros-francois-civil-avec-une-autre-femme-adele-exarchopoulos-veille-au-grain","status":"publish","type":"post","link":"https:\/\/www.europesays.com\/fr\/162242\/","title":{"rendered":"Roland-Garros : Fran\u00e7ois Civil avec une autre femme, Ad\u00e8le Exarchopoulos veille au grain"},"content":{"rendered":"<p>Ce dimanche 8 juin marque la <strong>grande finale de<br \/>\nRoland-Garros<\/strong>. Il s\u2019agit notamment de<br \/>\nl\u2019affrontement entre <strong>Carlos Alcaraz<\/strong> et<br \/>\n<strong>Jannik Sinner<\/strong>, le num\u00e9ro 2 et 1 mondial. Un<br \/>\nrendez-vous qui a, comme \u00e0 l\u2019accoutum\u00e9, a attir\u00e9 de nombreuses<br \/>\npersonnalit\u00e9s. Des couples comme <a href=\"https:\/\/www.closermag.fr\/people\/iris-mittenaere-et-antoine-dupont-chabadabada-a-roland-garros-leur-complicite-creve-les-yeux-3552636\" target=\"_blank\" rel=\"noopener\"><br \/>\nIris Mittenaere et Antoine Dupont<\/a> ont affich\u00e9 une grande<br \/>\ncomplicit\u00e9 dans les tribunes.<\/p>\n<p>D\u2019ailleurs, tous les couples ont pass\u00e9 un moment tr\u00e8s complice<br \/>\nensemble sauf un. Il s\u2019agit de <a href=\"https:\/\/www.closermag.fr\/people\/adele-exarchopoulos-et-francois-civil-en-couple-adele-et-moi-avons-le-meme-ces-mots-tendres-de-lacteur-3475181\" target=\"_blank\" rel=\"noopener\"><br \/>\nFran\u00e7ois Civil<\/a> et <strong>Adele Exarchopoulos<\/strong>. En<br \/>\neffet, le couple a pr\u00e9f\u00e9r\u00e9 jou\u00e9 la distance avant et pendant le<br \/>\nmatch. Sublime, l\u2019actrice de 31 ans s\u2019est pr\u00e9sent\u00e9e seule pour les<br \/>\nphotos dans un <strong>total look jean<\/strong>. Une tenue qu\u2019elle<br \/>\na accompagn\u00e9 de talons hauts.<\/p>\n<p>Roland-Garros : un rang d\u2019\u00e9cart entre Fran\u00e7ois Civil et Adele<br \/>\nExarchopoulos<\/p>\n<p>Etonnamment, <a href=\"https:\/\/www.closermag.fr\/people\/adele-exarchopoulos-et-francois-civil-aux-cesar-en-couple-ils-ont-vecu-une-soiree-infernale-3524980\" target=\"_blank\" rel=\"noopener\"><br \/>\nAdele Exarchopoulos et Fran\u00e7ois Civil<\/a> n\u2019ont pas pos\u00e9 ensemble<br \/>\nlors du photocall. Les deux acteurs ont plut\u00f4t <strong>pos\u00e9 l\u2019un<br \/>\napr\u00e8s l\u2019autre<\/strong>. Ainsi, l\u2019acteur de 35 ans a \u00e9galement pos\u00e9<br \/>\nseul dans son bomber m\u00e9tallis\u00e9 et son jean pour les photos. Le<br \/>\ncouple a compl\u00e9t\u00e9 la tenue de lunettes de soleil et l\u2019acteur de<br \/>\nL\u2019amour ouf a choisi une casquette comme accessoire.<\/p>\n<p>D\u2019ailleurs, dans les tribunes, Fran\u00e7ois Civil et Adele<br \/>\nExarchopoulos ne se sont pas assis l\u2019un \u00e0 c\u00f4t\u00e9 de l\u2019autre non plus.<br \/>\nIl y avait <strong>un rang d\u2019\u00e9cart<\/strong> entre les tourtereaux.<br \/>\nC\u2019est aux c\u00f4t\u00e9s d\u2019une autre femme, <strong>Marie Civil<\/strong>,<br \/>\nque l\u2019acteur s\u2019\u00e9tait assis.<\/p>\n<blockquote class=\"instagram-media\" style=\"background: #ffffff;border: 0;margin: 1px;width: 100%;padding: 0;max-width: 500px;\" data-instgrm-permalink=\"https:\/\/www.instagram.com\/p\/DKoxbC1ohPo\/?utm_source=ig_web_copy_link&amp;igsh=MzRlODBiNWFlZA==\" data-instgrm-version=\"14\"\/><p>\nRoland-Garros : les couples \u00e0 l\u2019honneur<br \/>\npour la finale Messieurs<\/p>\n<p>Pour cette finale Messieurs de <a href=\"https:\/\/www.telestar.fr\/sport\/roland-garros-encore-un-probleme-en-direct-laurent-luyat-sort-les-rames-face-a-carlos-alcaraz-1726052\" target=\"_blank\" rel=\"noopener\"><br \/>\nRoland-Garros<\/a>, les couples sont \u00e0 l\u2019honneur. En effet, de beaux<br \/>\nduos comme <strong>Stromae<\/strong> et sa femme, <strong>Coralie<br \/>\nBarbier<\/strong>, \u00e9taient \u00e9galement pr\u00e9sents. Pour l\u2019occasion, le<br \/>\ncouple a opt\u00e9 pour les couleurs ! Pantalon rouge et polo rose clair<br \/>\npour le chanteur, sa compagne s\u2019est pr\u00e9sent\u00e9e dans un ensemble<br \/>\nshort et pull orange.<\/p>\n<p>Parmi les nombreuses stars venues voir le match, il y a<br \/>\n\u00e9galement <strong>Natalie Portman<\/strong>, <strong>Clovis<br \/>\nCornillac<\/strong> et son \u00e9pouse, <strong>Lilou Fogli<\/strong>,<br \/>\n<strong>Gad Elmaleh<\/strong>, avec son fils, <strong>Camille<br \/>\nCottin<\/strong> et <strong>G\u00e9raldine Nakache<\/strong>. Une tr\u00e8s<br \/>\nbelle affiche.<\/p>\n<p>Diaporama<br \/>\n<img decoding=\"async\" class=\"diapo_img img-responsive lazy-load\" loading=\"lazy\" src=\"https:\/\/www.europesays.com\/fr\/wp-content\/uploads\/2025\/06\/bestimage_00710128_000085.jpg\"\/><\/p>\n<p>Cyril Moreau\/Bestimage<\/p>\n<p>1\/6 La grande finale de Roland-Garros<\/p>\n<p>Ce dimanche 8 juin marque la grande finale de<br \/>\nRoland-Garros. Il s\u2019agit notamment de l\u2019affrontement entre Carlos<br \/>\nAlcaraz et Jannik Sinner, le num\u00e9ro 2 et 1 mondial.<\/p>\n<p><img decoding=\"async\" class=\"diapo_img img-responsive lazy-load\" loading=\"lazy\" src=\"https:\/\/www.europesays.com\/fr\/wp-content\/uploads\/2025\/06\/bestimage_00710128_000047.jpg\"\/><\/p>\n<p>Cyril Moreau\/Bestimage<\/p>\n<p>2\/6 Roland-Garros : de nombreux couples<br \/>\npr\u00e9sents !<\/p>\n<p>Des couples comme Iris Mittenaere et Antoine<br \/>\nDupont ont affich\u00e9 une grande complicit\u00e9 dans les<br \/>\ntribunes.<\/p>\n<p><img decoding=\"async\" class=\"diapo_img img-responsive lazy-load\" loading=\"lazy\" src=\"https:\/\/www.europesays.com\/fr\/wp-content\/uploads\/2025\/06\/bestimage_00710128_000086.jpg\"\/><\/p>\n<p>Cyril Moreau\/Bestimage<\/p>\n<p>3\/6 Roland-Garros : Iris Mittenaere et<br \/>\nAntoine Dupont ont jou\u00e9 la distance !<\/p>\n<p>D\u2019ailleurs, tous les couples ont pass\u00e9 un<br \/>\nmoment tr\u00e8s complice ensemble sauf un. Il s\u2019agit de Fran\u00e7ois Civil<br \/>\net Adele Exarchopoulos.<\/p>\n<p><img decoding=\"async\" class=\"diapo_img img-responsive lazy-load\" loading=\"lazy\" src=\"https:\/\/www.europesays.com\/fr\/wp-content\/uploads\/2025\/06\/bestimage_00710128_000061.jpg\"\/><\/p>\n<p>Cyril Moreau\/Bestimage<\/p>\n<p>4\/6 Iris Mittenaere et Antoine Dupont n\u2019ont<br \/>\npas pos\u00e9 ensemble \u00e0 Roland-Garros<\/p>\n<p>Etonnamment, Adele Exarchopoulos et Fran\u00e7ois<br \/>\nCivil n\u2019ont pas pos\u00e9 ensemble lors du photocall. Les deux acteurs<br \/>\nont plut\u00f4t pos\u00e9 l\u2019un apr\u00e8s l\u2019autre.<\/p>\n<p><img decoding=\"async\" class=\"diapo_img img-responsive lazy-load\" loading=\"lazy\" src=\"https:\/\/www.europesays.com\/fr\/wp-content\/uploads\/2025\/06\/bestimage_00710098_000121.jpg\"\/><\/p>\n<p>Cyril Moreau\/Bestimage<\/p>\n<p>5\/6 Iris Mittenaere et Antoine Dupont ne se<br \/>\nsont pas assis ensemble \u00e0 Roland-Garros<\/p>\n<p>D\u2019ailleurs, dans les tribunes, Fran\u00e7ois Civil<br \/>\net Adele Exarchopoulos ne se sont pas assis l\u2019un \u00e0 c\u00f4t\u00e9 de l\u2019autre<br \/>\nnon plus. Il y avait un rang d\u2019\u00e9cart entre les<br \/>\ntourtereaux.<\/p>\n<p><img decoding=\"async\" class=\"diapo_img img-responsive lazy-load\" loading=\"lazy\" src=\"https:\/\/www.europesays.com\/fr\/wp-content\/uploads\/2025\/06\/bestimage_00710098_000119.jpg\"\/><\/p>\n<p>Cyril Moreau\/Bestimage<\/p>\n<p>6\/6 Roland-Garros 2025 : les couples \u00e0<br \/>\nl\u2019honneur !<\/p>\n<p>Pour cette finale Messieurs de Roland-Garros,<br \/>\nles couples sont \u00e0 l\u2019honneur. En effet, de beaux duos comme<br \/>\nStromae et sa femme, Coralie Barbier,<br \/>\n\u00e9taient \u00e9galement pr\u00e9sents.<\/p>\n<p><script async src=\"\/\/www.instagram.com\/embed.js\"><\/script><\/p>\n","protected":false},"excerpt":{"rendered":"Ce dimanche 8 juin marque la grande finale de Roland-Garros. Il s\u2019agit notamment de l\u2019affrontement entre Carlos Alcaraz&hellip;\n","protected":false},"author":2,"featured_media":162243,"comment_status":"","ping_status":"","sticky":false,"template":"","format":"standard","meta":{"footnotes":""},"categories":[1415],"tags":[6053,1011,27,22659,1638,60,1467],"class_list":{"0":"post-162242","1":"post","2":"type-post","3":"status-publish","4":"format-standard","5":"has-post-thumbnail","7":"category-tennis","8":"tag-diapo-infini","9":"tag-fr","10":"tag-france","11":"tag-francois-civil","12":"tag-has_diapo","13":"tag-sports","14":"tag-tennis"},"share_on_mastodon":{"url":"https:\/\/pubeurope.com\/@fr\/114651051310504091","error":""},"_links":{"self":[{"href":"https:\/\/www.europesays.com\/fr\/wp-json\/wp\/v2\/posts\/162242","targetHints":{"allow":["GET"]}}],"collection":[{"href":"https:\/\/www.europesays.com\/fr\/wp-json\/wp\/v2\/posts"}],"about":[{"href":"https:\/\/www.europesays.com\/fr\/wp-json\/wp\/v2\/types\/post"}],"author":[{"embeddable":true,"href":"https:\/\/www.europesays.com\/fr\/wp-json\/wp\/v2\/users\/2"}],"replies":[{"embeddable":true,"href":"https:\/\/www.europesays.com\/fr\/wp-json\/wp\/v2\/comments?post=162242"}],"version-history":[{"count":0,"href":"https:\/\/www.europesays.com\/fr\/wp-json\/wp\/v2\/posts\/162242\/revisions"}],"wp:featuredmedia":[{"embeddable":true,"href":"https:\/\/www.europesays.com\/fr\/wp-json\/wp\/v2\/media\/162243"}],"wp:attachment":[{"href":"https:\/\/www.europesays.com\/fr\/wp-json\/wp\/v2\/media?parent=162242"}],"wp:term":[{"taxonomy":"category","embeddable":true,"href":"https:\/\/www.europesays.com\/fr\/wp-json\/wp\/v2\/categories?post=162242"},{"taxonomy":"post_tag","embeddable":true,"href":"https:\/\/www.europesays.com\/fr\/wp-json\/wp\/v2\/tags?post=162242"}],"curies":[{"name":"wp","href":"https:\/\/api.w.org\/{rel}","templated":true}]}}