{"id":162252,"date":"2025-06-09T02:34:10","date_gmt":"2025-06-09T02:34:10","guid":{"rendered":"https:\/\/www.europesays.com\/fr\/162252\/"},"modified":"2025-06-09T02:34:10","modified_gmt":"2025-06-09T02:34:10","slug":"les-confidences-dolivier-minne-sur-sa-decision-de-quitter-france-2-pour-m6","status":"publish","type":"post","link":"https:\/\/www.europesays.com\/fr\/162252\/","title":{"rendered":"Les confidences d&rsquo;Olivier Minne sur sa d\u00e9cision de quitter France 2 pour M6"},"content":{"rendered":"<p>Olivier Minne est un homme libre. Apr\u00e8s trente cinq ans de bons et loyaux services sur France T\u00e9l\u00e9visions, l\u2019animateur de 58 ans rejoindra le groupe M6 \u00e0 la rentr\u00e9e de septembre. D\u2019ici l\u00e0, le ma\u00eetre de \u00ab\u00a0Fort Boyard\u00a0\u00bb accueillera tout l\u2019\u00e9t\u00e9 les candidats du divertissement familial, alors qu\u2019il a d\u00e9j\u00e0 tourn\u00e9 les derniers num\u00e9ros de son \u00e9mission quotidienne \u00ab\u00a0Tout le monde a son mot \u00e0 dire\u00a0\u00bb, le jeudi 5 juin. Digne, il a transmis le relais \u00e0 son successeur Bruno Guillon, qui accompagnera d\u00e9sormais une Sidonie Bonnec chamboul\u00e9e par le d\u00e9part de son habituel bin\u00f4me.<\/p>\n<p>\u00ab\u00a0Tr\u00e8s joyeux de partir vers de nouvelles aventures\u00a0\u00bb<\/p>\n<p>Touch\u00e9 par les surprises r\u00e9serv\u00e9es par la production pour cette derni\u00e8re journ\u00e9e d\u2019enregistrement, le colosse natif de Belgique n\u2019a pas flanch\u00e9. \u00ab\u00a0Je d\u00e9sirais vraiment que la toute derni\u00e8re soit comme tout ce qu\u2019on avait v\u00e9cu auparavant, c\u2019est-\u00e0-dire qu\u2019il y ait de l\u2019\u00e9motion &#8211; \u00e7a, je savais bien qu\u2019on ne pouvait pas l\u2019\u00e9viter &#8211; mais qu\u2019il y ait surtout beaucoup de rire quand m\u00eame. Et c\u2019est ce qui s\u2019est pass\u00e9, donc j\u2019\u00e9tais tr\u00e8s heureux de \u00e7a\u00a0\u00bb, s\u2019est r\u00e9joui Olivier Minne face \u00e0 nos confr\u00e8res de \u00ab\u00a0TV Mag\u00a0\u00bb.<\/p>\n<p>De mani\u00e8re g\u00e9n\u00e9rale, son \u00e9tat d\u2019esprit reste positif \u00e0 l\u2019heure de quitter son employeur de (presque) toujours : \u00ab\u00a0Je suis dans un \u00e9tat d\u2019esprit joyeux et en m\u00eame temps tr\u00e8s \u00e9mu aussi bien s\u00fbr. Je suis tr\u00e8s joyeux de partir vers de nouvelles aventures. Dans &lsquo;Fort Boyard&rsquo;, \u00e0 chaque fois je terminais en criant : &lsquo;\u00c0&#8230;<\/p>\n<p><a data-i13n=\"cpos:1;pos:1\" href=\"https:\/\/www.ozap.com\/actu\/36-ans-sur-le-service-public-c-est-quand-meme-une-tranche-de-vie-les-confidences-d-olivier-minne-sur-sa-decision-de-quitter-france-2-pour-m6\/650275\" rel=\"nofollow noopener\" target=\"_blank\" data-ylk=\"slk:Lire la suite;cpos:1;pos:1;elm:context_link;itc:0;sec:content-canvas\" class=\"link \">Lire la suite<\/a><\/p>\n<p>\u00c0 lire aussi<\/p>\n<p><a data-i13n=\"cpos:2;pos:1\" href=\"https:\/\/www.ozap.com\/actu\/audiences-avril-2025-tf1-leader-stable-france-2-brille-france-3-senvole-m6-respire-et-signe-son-record-sur-cible-depuis-2-ans-et-demi\/649717\" rel=\"nofollow noopener\" target=\"_blank\" data-ylk=\"slk:Audiences avril 2025 : TF1 leader stable, France 2 brille, France 3 s&#039;envole, M6 respire et signe son record sur cible depuis 2 ans et demi;cpos:2;pos:1;elm:context_link;itc:0;sec:content-canvas\" class=\"link \">Audiences avril 2025 : TF1 leader stable, France 2 brille, France 3 s&rsquo;envole, M6 respire et signe son record sur cible depuis 2 ans et demi<\/a><br \/><a data-i13n=\"cpos:3;pos:1\" href=\"https:\/\/www.ozap.com\/actu\/olivier-minne-sur-le-depart-pour-m6-presentera-t-il-fort-boyard-cet-ete-sur-france-2-le-directeur-des-programmes-de-france-televisions-repond\/649773\" rel=\"nofollow noopener\" target=\"_blank\" data-ylk=\"slk:Olivier Minne, sur le d\u00e9part pour M6, pr\u00e9sentera-t-il \u201cFort Boyard\u201d cet \u00e9t\u00e9 sur France 2 ? Le directeur des programmes de France T\u00e9l\u00e9visions r\u00e9pond;cpos:3;pos:1;elm:context_link;itc:0;sec:content-canvas\" class=\"link \">Olivier Minne, sur le d\u00e9part pour M6, pr\u00e9sentera-t-il \u201cFort Boyard\u201d cet \u00e9t\u00e9 sur France 2 ? Le directeur des programmes de France T\u00e9l\u00e9visions r\u00e9pond<\/a><br \/><a data-i13n=\"cpos:4;pos:1\" href=\"https:\/\/www.ozap.com\/actu\/audiences-pre-access-lannonce-surprise-dolivier-minne-de-quitter-france-2-pour-m6-a-t-elle-eu-un-impact-sur-les-scores-de-tout-le-monde-a-son-mot-a-dire-hier\/649699\" rel=\"nofollow noopener\" target=\"_blank\" data-ylk=\"slk:Audiences pr\u00e9-access : L&#039;annonce surprise d&#039;Olivier Minne de quitter France 2 pour M6 a-t-elle eu un impact sur les scores de &quot;Tout le monde a son mot \u00e0 dire&quot; hier ?;cpos:4;pos:1;elm:context_link;itc:0;sec:content-canvas\" class=\"link \">Audiences pr\u00e9-access : L&rsquo;annonce surprise d&rsquo;Olivier Minne de quitter France 2 pour M6 a-t-elle eu un impact sur les scores de \u00ab\u00a0Tout le monde a son mot \u00e0 dire\u00a0\u00bb hier ?<\/a><\/p>\n","protected":false},"excerpt":{"rendered":"Olivier Minne est un homme libre. Apr\u00e8s trente cinq ans de bons et loyaux services sur France T\u00e9l\u00e9visions,&hellip;\n","protected":false},"author":2,"featured_media":162253,"comment_status":"","ping_status":"","sticky":false,"template":"","format":"standard","meta":{"footnotes":""},"categories":[1359],"tags":[7961,58,59,15745,1011,27,2400,19106,29483,17033,973,29485,29484],"class_list":{"0":"post-162252","1":"post","2":"type-post","3":"status-publish","4":"format-standard","5":"has-post-thumbnail","7":"category-people","8":"tag-bruno-guillon","9":"tag-divertissement","10":"tag-entertainment","11":"tag-fort-boyard","12":"tag-fr","13":"tag-france","14":"tag-france-televisions","15":"tag-groupe-m6","16":"tag-le-colosse","17":"tag-olivier-minne","18":"tag-people","19":"tag-sidonie-bonnec","20":"tag-un-homme-libre"},"share_on_mastodon":{"url":"https:\/\/pubeurope.com\/@fr\/114651075140897779","error":""},"_links":{"self":[{"href":"https:\/\/www.europesays.com\/fr\/wp-json\/wp\/v2\/posts\/162252","targetHints":{"allow":["GET"]}}],"collection":[{"href":"https:\/\/www.europesays.com\/fr\/wp-json\/wp\/v2\/posts"}],"about":[{"href":"https:\/\/www.europesays.com\/fr\/wp-json\/wp\/v2\/types\/post"}],"author":[{"embeddable":true,"href":"https:\/\/www.europesays.com\/fr\/wp-json\/wp\/v2\/users\/2"}],"replies":[{"embeddable":true,"href":"https:\/\/www.europesays.com\/fr\/wp-json\/wp\/v2\/comments?post=162252"}],"version-history":[{"count":0,"href":"https:\/\/www.europesays.com\/fr\/wp-json\/wp\/v2\/posts\/162252\/revisions"}],"wp:featuredmedia":[{"embeddable":true,"href":"https:\/\/www.europesays.com\/fr\/wp-json\/wp\/v2\/media\/162253"}],"wp:attachment":[{"href":"https:\/\/www.europesays.com\/fr\/wp-json\/wp\/v2\/media?parent=162252"}],"wp:term":[{"taxonomy":"category","embeddable":true,"href":"https:\/\/www.europesays.com\/fr\/wp-json\/wp\/v2\/categories?post=162252"},{"taxonomy":"post_tag","embeddable":true,"href":"https:\/\/www.europesays.com\/fr\/wp-json\/wp\/v2\/tags?post=162252"}],"curies":[{"name":"wp","href":"https:\/\/api.w.org\/{rel}","templated":true}]}}