{"id":162254,"date":"2025-06-09T02:35:28","date_gmt":"2025-06-09T02:35:28","guid":{"rendered":"https:\/\/www.europesays.com\/fr\/162254\/"},"modified":"2025-06-09T02:35:28","modified_gmt":"2025-06-09T02:35:28","slug":"au-grand-palais-la-jungle-de-couleurs-du-bresilien-ernesto-neto","status":"publish","type":"post","link":"https:\/\/www.europesays.com\/fr\/162254\/","title":{"rendered":"Au Grand Palais, la jungle de couleurs du Br\u00e9silien Ernesto Neto"},"content":{"rendered":"<p class=\"editor-content__paragraph\">C\u2019est un paysage de tissus et de couleurs, un petit monde en soi. Au c\u0153ur du<strong> Grand Palais<\/strong>, sous la resplendissante verri\u00e8re r\u00e9cemment restaur\u00e9e, <strong>l\u2019artiste br\u00e9silien <a href=\"https:\/\/www.beauxarts.com\/vu\/ernesto-neto-installe-un-gentil-serpent-de-28-metres-de-long-au-bon-marche\/\" target=\"_blank\" rel=\"noopener nofollow\">Ernesto Neto<\/a><\/strong> (n\u00e9 en 1964) a cr\u00e9\u00e9 une<strong> installation g\u00e9ante<\/strong>, dans laquelle on peut entrer \u2013 apr\u00e8s avoir retir\u00e9 ses souliers \u2013, pour marcher sur des copeaux d\u2019\u00e9corces, s\u2019installer au milieu de lianes chatoyantes\u2026<\/p>\n<p class=\"editor-content__paragraph\">Mais aussi tendre l\u2019oreille <strong>au son des percussions<\/strong> dispers\u00e9es comme des animaux au milieu de cette jungle \u00e0 nulle autre pareille. Le concert imaginaire se concr\u00e9tisera <strong>ce dimanche 8\u00a0juin<\/strong>, \u00e0 l\u2019occasion du premier week-end d\u2019ouverture de <strong>l\u2019exposition (gratuite)<\/strong>\u00a0: des <strong>musiciens<\/strong> s\u2019empareront de l\u2019installation et <strong>joueront de ses tambours<\/strong>, faisant s\u2019\u00e9lever une m\u00e9lodie ancestrale, rythme des corps et des peaux.<\/p>\n<p>        \u00c0 lire aussi :<br \/>\n        <a class=\"renvoi-explicite__link\" href=\"https:\/\/www.beauxarts.com\/grand-format\/au-grand-palais-une-programmation-celebrant-les-arts-et-la-fete-pour-sa-reouverture-complete\/\" rel=\"nofollow noopener\" target=\"_blank\">Au Grand Palais, une programmation c\u00e9l\u00e9brant les arts et la f\u00eate pour sa r\u00e9ouverture compl\u00e8te<\/a><\/p>\n<p>Une installation \u00e0 \u00e9chelle architecturale<\/p>\n<blockquote class=\"editor-content__blockquote editor-content__blockquote--align-left\">\n<p>L\u2019\u0153uvre appara\u00eet comme un espace de vie, o\u00f9 l\u2019on \u00e9coute de la musique, on mange et on dort \u2013 en pens\u00e9e du moins.<\/p>\n<\/blockquote>\n<p class=\"editor-content__paragraph\">C\u00e9l\u00e8bre pour ses <strong>sculptures textiles monumentales<\/strong>, l\u2019artiste a utilis\u00e9 pour celle-ci <strong>5\u00a0735\u00a0m\u00e8tres de chintz<\/strong>, une toile de coton bon march\u00e9 bien connue au Br\u00e9sil, volontiers utilis\u00e9e comme tissu d\u2019ameublement et couverte de<strong> motifs floraux et v\u00e9g\u00e9taux<\/strong>. Dissimul\u00e9s par d\u2019innombrables n\u0153uds, ceux-ci se d\u00e9voilent \u00e0 travers le sentiment de nature que fait na\u00eetre l\u2019\u0153uvre, les m\u00e9tamorphosant en une <strong>impression paysag\u00e8re<\/strong>.<\/p>\n<p>    <img loading=\"lazy\" decoding=\"async\" class=\"image__img\" src=\"https:\/\/www.europesays.com\/fr\/wp-content\/uploads\/2025\/06\/unepxl_20250605_103326018-964x723.jpg\" alt=\"Ernesto Neto, Exposition Nosso Barco Tambor Terra au Grand Palais, 2025\" width=\"964\" height=\"723\"\/><\/p>\n<p>Ernesto Neto, Exposition Nosso Barco Tambor Terra au Grand Palais, 2025<\/p>\n<p>    i<\/p>\n<p class=\"editor-content__paragraph\">Outre les instruments cach\u00e9s ici et l\u00e0, l\u2019installation est aussi <strong>nourrici\u00e8re<\/strong> puisqu\u2019elle abrite de discrets <strong>sacs de riz, de haricots et de ma\u00efs<\/strong>, aliments de premi\u00e8re n\u00e9cessit\u00e9, tous suspendus. Au sol, de <strong>petits coussins<\/strong> invitent au repos, \u00e0 la contemplation. L\u2019\u0153uvre appara\u00eet donc comme un espace de vie, o\u00f9 l\u2019on \u00e9coute de la musique, on mange et on dort \u2013 en pens\u00e9e du moins.<\/p>\n<p>        \u00c0 lire aussi :<br \/>\n        <a class=\"renvoi-explicite__link\" href=\"https:\/\/www.beauxarts.com\/vu\/ernesto-neto-installe-un-gentil-serpent-de-28-metres-de-long-au-bon-marche\/\" rel=\"nofollow noopener\" target=\"_blank\">Ernesto Neto installe un (gentil) serpent de 28 m\u00e8tres de long au Bon March\u00e9<\/a><\/p>\n<p>Quatre artistes br\u00e9siliens en \u00e9cho<\/p>\n<p class=\"editor-content__paragraph\">On y lit aussi, puisqu\u2019\u00e0 l\u2019architecture textile fait face une gigantesque toile, cousue d\u2019un <strong>po\u00e8me m\u00ealant musique et nature<\/strong>. Ce qui nous entra\u00eene hors de l\u2019installation, et nous pousse \u00e0 explorer davantage sa forme en s\u2019en \u00e9loignant. Il est en effet possible de gravir les marches qui m\u00e8nent<strong> jusqu\u2019aux balcons<\/strong> du Grand Palais, et d\u2019<strong>observer d\u2019en haut<\/strong> cette structure suspendue au plafond et aux piliers du b\u00e2timent.<\/p>\n<p>    <img loading=\"lazy\" decoding=\"async\" class=\"image__img\" src=\"https:\/\/www.europesays.com\/fr\/wp-content\/uploads\/2025\/06\/une12.-ernesto-neto-nosso-barco-tambor-terra-2024-joana-linda-avec-laimable-autorisation-de-lartiste.jpeg\" alt=\"Ernesto Neto, Nosso Barco Tambor Terra\" width=\"964\" height=\"723\"\/><\/p>\n<p>Ernesto Neto, Nosso Barco Tambor Terra, 2024<\/p>\n<p>    i<\/p>\n<p class=\"legende__cartel\">\u00a9 Joana Linda \/ Courtesy de Ernesto Neto et de la Fondation EDP<\/p>\n<p class=\"editor-content__paragraph\">\u00c9tir\u00e9e<strong> telle une toile d\u2019araign\u00e9e<\/strong>, organique, elle r\u00e9v\u00e8le, vue d\u2019en haut, sa tr\u00e8s riche palette de couleurs\u2026 En dialogue parfait avec une <strong>s\u00e9rie de peintures<\/strong> qui sont r\u00e9unies l\u00e0, sign\u00e9es par quatre autres artistes br\u00e9siliens\u00a0:<strong>\u00a0Agrade Cam\u00edz, Vinicius Gerheim, Antonio Ob\u00e1<\/strong> (magnifique\u00a0!) et <strong>Marina Perez Sim\u00e3o<\/strong>. Abstraites ou figuratives, ces toiles, pour la plupart de tr\u00e8s grand format, regardent toutes l\u2019\u0153uvre d\u2019Ernesto Neto, mais sont suffisamment puissantes pour ne pas souffrir d\u2019un tel voisinage.<\/p>\n<p class=\"editor-content__paragraph\">Au contraire\u00a0: fortes d\u2019une palette chromatique intense, elles r\u00e9v\u00e8lent <strong>d\u2019autres pr\u00e9occupations de la sc\u00e8ne br\u00e9silienne\u00a0<\/strong>\u2013 comme, pour Antonio Ob\u00e1, la <strong>cosmologie yoruba<\/strong> ou la m\u00e9moire du lynchage des corps noirs\u00a0; ou pour Marina Perez Sim\u00e3o, les <strong>ph\u00e9nom\u00e8nes g\u00e9ologiques<\/strong>, qui nourrissent une abstraction absolument captivante. De superbes d\u00e9couvertes, qui rappellent que le Grand Palais s\u2019engage pleinement dans <strong><a href=\"https:\/\/www.beauxarts.com\/lifestyle\/le-bresil-a-lhonneur-de-300-evenements-et-expositions-partout-en-france\/\" target=\"_blank\" rel=\"noopener nofollow\">la saison Br\u00e9sil-France<\/a><\/strong>, avec, en plus de ces deux expositions, un \u00ab\u00a0Grand Bal BrasilBr\u00e9sil\u00a0\u00bb le 5\u00a0juillet, avant une parade br\u00e9silienne le lendemain.<\/p>\n<p>        \u00c0 lire aussi :<br \/>\n        <a class=\"renvoi-explicite__link\" href=\"https:\/\/www.beauxarts.com\/lifestyle\/le-bresil-a-lhonneur-de-300-evenements-et-expositions-partout-en-france\/\" rel=\"nofollow noopener\" target=\"_blank\">Le Br\u00e9sil \u00e0 l\u2019honneur de 300 \u00e9v\u00e9nements et expositions partout en France<\/a><\/p>\n<p>  Arrow<\/p>\n<p>Ernesto Neto. Nosso Barco Tambor Terra<\/p>\n<p>Du 6 juin 2025 au 25 juillet 2025<\/p>\n<p class=\"url-expo\"><a href=\"https:\/\/www.grandpalais.fr\/fr\/programme\/nosso-barco-tambor-terra-ernesto-neto\" rel=\"nofollow noopener\" target=\"_blank\">www.grandpalais.fr<\/a><\/p>\n<p class=\"annexe-content__infos\">Grand Palais \u2022 7 Avenue Winston Churchill \u2022 75008 Paris<br \/><a href=\"http:\/\/www.grandpalais.fr\" rel=\"nofollow noopener\" target=\"_blank\">www.grandpalais.fr<\/a><\/p>\n<p>  Arrow<\/p>\n<p>Horizontes. Peintures br\u00e9siliennes<\/p>\n<p>Du 6 juin 2025 au 25 juillet 2025<\/p>\n<p class=\"url-expo\"><a href=\"https:\/\/www.grandpalais.fr\/fr\/programme\/horizontes\" rel=\"nofollow noopener\" target=\"_blank\">www.grandpalais.fr<\/a><\/p>\n<p class=\"annexe-content__infos\">Grand Palais \u2022 7 Avenue Winston Churchill \u2022 75008 Paris<br \/><a href=\"http:\/\/www.grandpalais.fr\" rel=\"nofollow noopener\" target=\"_blank\">www.grandpalais.fr<\/a><\/p>\n<p>  Arrow<\/p>\n<p>Concert d&rsquo;ouverture<\/p>\n<p class=\"annexe-content__subtitle\">Le dimanche 8 juin 2025 au Grand Palais<\/p>\n<p>Plus d\u2019informations <a href=\"https:\/\/www.grandpalais.fr\/fr\/programme\/concert-douverture-ernesto-neto\" target=\"_blank\" rel=\"noopener nofollow\">sur le site du Grand Palais<\/a><\/p>\n","protected":false},"excerpt":{"rendered":"C\u2019est un paysage de tissus et de couleurs, un petit monde en soi. Au c\u0153ur du Grand Palais,&hellip;\n","protected":false},"author":2,"featured_media":162255,"comment_status":"","ping_status":"","sticky":false,"template":"","format":"standard","meta":{"footnotes":""},"categories":[1358],"tags":[1396,1348,1384,1385,1386,58,59,29486,1011,27,1398,1585],"class_list":{"0":"post-162254","1":"post","2":"type-post","3":"status-publish","4":"format-standard","5":"has-post-thumbnail","7":"category-arts-et-design","8":"tag-art-contemporain","9":"tag-arts","10":"tag-arts-and-design","11":"tag-arts-et-design","12":"tag-design","13":"tag-divertissement","14":"tag-entertainment","15":"tag-ernesto-neto","16":"tag-fr","17":"tag-france","18":"tag-grand-palais","19":"tag-peinture"},"share_on_mastodon":{"url":"https:\/\/pubeurope.com\/@fr\/114651078613723635","error":""},"_links":{"self":[{"href":"https:\/\/www.europesays.com\/fr\/wp-json\/wp\/v2\/posts\/162254","targetHints":{"allow":["GET"]}}],"collection":[{"href":"https:\/\/www.europesays.com\/fr\/wp-json\/wp\/v2\/posts"}],"about":[{"href":"https:\/\/www.europesays.com\/fr\/wp-json\/wp\/v2\/types\/post"}],"author":[{"embeddable":true,"href":"https:\/\/www.europesays.com\/fr\/wp-json\/wp\/v2\/users\/2"}],"replies":[{"embeddable":true,"href":"https:\/\/www.europesays.com\/fr\/wp-json\/wp\/v2\/comments?post=162254"}],"version-history":[{"count":0,"href":"https:\/\/www.europesays.com\/fr\/wp-json\/wp\/v2\/posts\/162254\/revisions"}],"wp:featuredmedia":[{"embeddable":true,"href":"https:\/\/www.europesays.com\/fr\/wp-json\/wp\/v2\/media\/162255"}],"wp:attachment":[{"href":"https:\/\/www.europesays.com\/fr\/wp-json\/wp\/v2\/media?parent=162254"}],"wp:term":[{"taxonomy":"category","embeddable":true,"href":"https:\/\/www.europesays.com\/fr\/wp-json\/wp\/v2\/categories?post=162254"},{"taxonomy":"post_tag","embeddable":true,"href":"https:\/\/www.europesays.com\/fr\/wp-json\/wp\/v2\/tags?post=162254"}],"curies":[{"name":"wp","href":"https:\/\/api.w.org\/{rel}","templated":true}]}}