{"id":162258,"date":"2025-06-09T02:37:21","date_gmt":"2025-06-09T02:37:21","guid":{"rendered":"https:\/\/www.europesays.com\/fr\/162258\/"},"modified":"2025-06-09T02:37:21","modified_gmt":"2025-06-09T02:37:21","slug":"je-sais-quils-ont-fait-ca-avec-downton-abbey-sam-heughan-repond-a-cette-grande-idee-autour-de-la-serie","status":"publish","type":"post","link":"https:\/\/www.europesays.com\/fr\/162258\/","title":{"rendered":"\u00ab\u00a0Je sais qu\u2019ils ont fait \u00e7a avec Downton Abbey\u00a0\u00bb\u2026 Sam Heughan r\u00e9pond \u00e0 cette grande id\u00e9e autour de la s\u00e9rie"},"content":{"rendered":"<p>Si la fin d\u2019Outlander a \u00e9t\u00e9 annonc\u00e9e depuis longtemps, les fans gardent toujours l\u2019espoir que la s\u00e9rie perdure malgr\u00e9 tout. Et ces propos de Sam Heughan vont leur mettre du baume au c\u0153ur. <\/p>\n<p>Si les fans d\u2019Outlander devront patienter encore de longs mois, <a href=\"https:\/\/www.programme-tv.net\/news\/series-tv\/380274-outlander-saison-8-sam-heughan-donne-un-indice-sur-la-sortie-des-nouveaux-episodes-et-annonce-son-nouveau-projet-excitant\/\" data-api-deeplink=\"teleloisirs:\/\/news\/380274\" target=\"_blank\" rel=\"noopener\">sans doute jusqu\u2019\u00e0 l\u2019ann\u00e9e 2026<\/a>, pour d\u00e9couvrir<a href=\"https:\/\/www.programme-tv.net\/news\/series-tv\/348817-outlander-saison-8-netflix-casting-intrigues-toutes-les-infos-sur-la-nouvelle-saison\/\" data-api-deeplink=\"teleloisirs:\/\/news\/348817\" target=\"_blank\" rel=\"noopener\"> la saison 8 finale d\u2019Outlander<\/a>, les acteurs, eux, sont d\u00e9j\u00e0 en train de tourner la page. Apr\u00e8s avoir c\u00e9l\u00e9br\u00e9 la fin de la s\u00e9rie dans laquelle il a tourn\u00e9 pendant plus de onze ans, <a href=\"https:\/\/www.programme-tv.net\/news\/series-tv\/369594-outlander-vous-avez-du-mal-a-respirer-vous-etes-malade-sam-heughan-a-realise-son-plus-grand-reve-pour-feter-la-fin-de-la-serie\/\" data-api-deeplink=\"teleloisirs:\/\/news\/369594\" target=\"_blank\" rel=\"noopener\">en r\u00e9alisant un exploit dont il avait envie depuis tr\u00e8s longtemps<\/a>, Sam Heughan vient de d\u00e9voiler son prochain projet professionnel. L\u2019acteur jouera le r\u00f4le principal de Macbeth au th\u00e9\u00e2tre, avec la Royal Shakespeare Company, \u00e0 partir du mois d\u2019octobre. Il n\u2019oublie cependant pas la s\u00e9rie qui l\u2019a fait conna\u00eetre au grand public. Et il n\u2019exclut pas non plus la possibilit\u00e9 que la s\u00e9rie revienne, d\u2019une mani\u00e8re ou d\u2019une autre, \u00e0 l\u2019\u00e9cran, malgr\u00e9 la fin de l\u2019aventure \u00e0 l\u2019issue de la saison 8.<\/p>\n<p>Sam Heughan r\u00e9pond \u00e0 la possibilit\u00e9 d&rsquo;un film d\u00e9riv\u00e9 d&rsquo;Outlander<\/p>\n<p>Et si Outlander revenait, sous la forme d\u2019un film notamment ? \u00ab\u00a0Qui sait ?, a rigol\u00e9 Sam Heughan, lorsque la question lui a \u00e9t\u00e9 pos\u00e9e par le site am\u00e9ricain Deadline. Qui sait ? Je sais qu\u2019ils ont fait \u00e7a avec<a href=\"https:\/\/www.programme-tv.net\/news\/cinema\/353191-downton-abbey-3-tournage-casting-intrigues-toutes-les-infos-sur-le-troisieme-film-derivee-de-la-serie-anglaise\/\" data-api-deeplink=\"teleloisirs:\/\/news\/353191\" target=\"_blank\" rel=\"noopener\"> Downton Abbey<\/a> notamment et d\u2019autres programmes. Donc, on ne sait jamais. Peut-\u00eatre que la perruque rousse est toujours l\u00e0 quelque part.\u00a0\u00bb Des propos qui devraient mettre du baume au c\u0153ur des fans. Si l\u2019acteur s\u2019est dit ravi de cette nouvelle \u00e9tape de sa carri\u00e8re, au th\u00e9\u00e2tre, apr\u00e8s <a href=\"https:\/\/www.programme-tv.net\/news\/series-tv\/339335-outlander-que-porte-sam-heughan-sous-son-kilt-la-reponse-espiegle-de-lacteur\/\" data-api-deeplink=\"teleloisirs:\/\/news\/339335\" target=\"_blank\" rel=\"noopener\">onze ans \u00e0 porter les kilts de Jamie Fraser,<\/a> il y a aussi une certaine nostalgie \u00e0 l\u2019id\u00e9e de laisser la s\u00e9rie derri\u00e8re soi et ses partenaires. \u00ab\u00a0Il ne s\u2019agit pas juste d\u2019une \u00e9quipe, c\u2019est la famille, ce sont des amis maintenant, a-t-il assur\u00e9, ajoutant avoir d\u00e9jeun\u00e9 r\u00e9cemment avec sa partenaire <a href=\"https:\/\/www.programme-tv.net\/news\/series-tv\/374591-exclu-outlander-on-sest-retrouves-a-pleurer-ce-moment-de-la-saison-8-qui-a-fait-craquer-sam-heughan-et-caitriona-balfe\/\" data-api-deeplink=\"teleloisirs:\/\/news\/374591\" target=\"_blank\" rel=\"noopener\">Caitriona Balfe<\/a>. C\u2019\u00e9tait agr\u00e9able de se voir. Elle se trouve \u00e0 Londres elle aussi et nous sommes toujours tr\u00e8s, tr\u00e8s proches, on s\u2019envoie tout le temps des messages. C\u2019est l\u2019un des meilleurs aspects de la s\u00e9rie, ces amiti\u00e9s vraiment sp\u00e9ciales. Je suis s\u00fbr que nous allons nous suivre l\u2019un et l\u2019autre pendant longtemps.\u00a0\u00bb <\/p>\n<p>                        \u00ab\u00a0Peut-\u00eatre dans cinq ans\u2026\u00a0\u00bb : et si Outlander revenait \u00e0 l&rsquo;\u00e9cran, malgr\u00e9 la fin annonc\u00e9e apr\u00e8s la saison 8 ?<\/p>\n<p>Ce n\u2019est pas la premi\u00e8re fois que l\u2019id\u00e9e qu\u2019Outlander puisse se poursuivre sous une forme ou une autre malgr\u00e9 sa fin annonc\u00e9e est \u00e9voqu\u00e9e. Dans une interview pour T\u00e9l\u00e9-Loisirs, <a href=\"https:\/\/www.programme-tv.net\/news\/series-tv\/369162-exclu-outlander-nous-avons-du-tout-revoir-les-showrunners-revelent-pourquoi-la-saison-7-a-ete-totalement-reecrite\/\" data-api-deeplink=\"teleloisirs:\/\/news\/369162\" target=\"_blank\" rel=\"noopener\">la productrice et showrunner Maril Davis<\/a> s\u2019\u00e9tait exprim\u00e9e \u00e0 ce sujet. \u00ab\u00a0J\u2019aimerais bien, il ne faut jamais dire jamais, nous confiait-elle. <a href=\"https:\/\/www.programme-tv.net\/news\/series-tv\/372504-exclu-outlander-peut-etre-dans-cinq-ans-ou-dans-trois-ans-la-serie-pourrait-se-poursuivre-apres-la-saison-8\/\" data-api-deeplink=\"teleloisirs:\/\/news\/372504\" target=\"_blank\" rel=\"noopener\">Peut-\u00eatre dans cinq ans, peut-\u00eatre dans trois,<\/a> qui sait ce que nous ferons \u00e0 ce moment-l\u00e0. La porte sera ouverte pour moi, si le timing est le bon et si les gens le veulent.\u00a0\u00bb Il y a fort \u00e0 parier que les fans seraient au rendez-vous ; reste \u00e0 savoir si Sam Heughan retrouvera d\u2019ici l\u00e0 sa perruque rousse.<\/p>\n","protected":false},"excerpt":{"rendered":"Si la fin d\u2019Outlander a \u00e9t\u00e9 annonc\u00e9e depuis longtemps, les fans gardent toujours l\u2019espoir que la s\u00e9rie perdure&hellip;\n","protected":false},"author":2,"featured_media":162259,"comment_status":"","ping_status":"","sticky":false,"template":"","format":"standard","meta":{"footnotes":""},"categories":[1356],"tags":[4274,244,58,59,1011,27,127,1722,4275,129,252,1364],"class_list":{"0":"post-162258","1":"post","2":"type-post","3":"status-publish","4":"format-standard","5":"has-post-thumbnail","7":"category-television","8":"tag-caitriona-balfe","9":"tag-commentaire","10":"tag-divertissement","11":"tag-entertainment","12":"tag-fr","13":"tag-france","14":"tag-netflix","15":"tag-pub-streaming-netflix","16":"tag-sam-heughan","17":"tag-svod","18":"tag-television","19":"tag-tv"},"share_on_mastodon":{"url":"https:\/\/pubeurope.com\/@fr\/114651086445177545","error":""},"_links":{"self":[{"href":"https:\/\/www.europesays.com\/fr\/wp-json\/wp\/v2\/posts\/162258","targetHints":{"allow":["GET"]}}],"collection":[{"href":"https:\/\/www.europesays.com\/fr\/wp-json\/wp\/v2\/posts"}],"about":[{"href":"https:\/\/www.europesays.com\/fr\/wp-json\/wp\/v2\/types\/post"}],"author":[{"embeddable":true,"href":"https:\/\/www.europesays.com\/fr\/wp-json\/wp\/v2\/users\/2"}],"replies":[{"embeddable":true,"href":"https:\/\/www.europesays.com\/fr\/wp-json\/wp\/v2\/comments?post=162258"}],"version-history":[{"count":0,"href":"https:\/\/www.europesays.com\/fr\/wp-json\/wp\/v2\/posts\/162258\/revisions"}],"wp:featuredmedia":[{"embeddable":true,"href":"https:\/\/www.europesays.com\/fr\/wp-json\/wp\/v2\/media\/162259"}],"wp:attachment":[{"href":"https:\/\/www.europesays.com\/fr\/wp-json\/wp\/v2\/media?parent=162258"}],"wp:term":[{"taxonomy":"category","embeddable":true,"href":"https:\/\/www.europesays.com\/fr\/wp-json\/wp\/v2\/categories?post=162258"},{"taxonomy":"post_tag","embeddable":true,"href":"https:\/\/www.europesays.com\/fr\/wp-json\/wp\/v2\/tags?post=162258"}],"curies":[{"name":"wp","href":"https:\/\/api.w.org\/{rel}","templated":true}]}}