{"id":162264,"date":"2025-06-09T02:40:08","date_gmt":"2025-06-09T02:40:08","guid":{"rendered":"https:\/\/www.europesays.com\/fr\/162264\/"},"modified":"2025-06-09T02:40:08","modified_gmt":"2025-06-09T02:40:08","slug":"vous-chantez-pour-votre-bebe-voici-pourquoi-vous-devez-continuer","status":"publish","type":"post","link":"https:\/\/www.europesays.com\/fr\/162264\/","title":{"rendered":"Vous chantez pour votre b\u00e9b\u00e9 ? Voici pourquoi vous devez continuer !"},"content":{"rendered":"<p>Fredonner des berceuses et comptines \u00e0 son nouveau-n\u00e9 n\u2019est pas instinctif chez tous les parents. Pourtant, cela comporte de r\u00e9els avantages pour la sant\u00e9 mentale du tout-petit, d\u00e9montre une nouvelle \u00e9tude.<\/p>\n<p class=\"fig-paragraph\">\u00ab\u00a0Une chanson douce, que me chantait ma maman&#8230;\u00a0\u00bb De g\u00e9n\u00e9ration en g\u00e9n\u00e9ration, dans toutes cultures, les parents (souvent les m\u00e8res) ont chant\u00e9\u00a0<a href=\"http:\/\/www.lefigaro.fr\/langue-francaise\/vocabulaire-rimes-et-poesie-comment-les-comptines-aident-a-l-apprentissage-de-la-parole-20220108\" data-fig-type=\"Article\" data-gtm-custom-categorie=\"navigation\" data-gtm-custom-action=\"crossclick\" data-gtm-custom-label=\"Contextuel\" data-gtm-event=\"customEventSPE\" data-fig-domain=\"LEFIGARO\" target=\"_blank\" rel=\"noopener\">berceuses et comptines<\/a>\u00a0\u00e0 leurs tout-petits. Si la recherche a prouv\u00e9 que ce geste instinctif avait un effet apaisant dans l\u2019imm\u00e9diat, il pourrait en outre avoir un impact bien plus significatif sur\u00a0<a href=\"https:\/\/www.lefigaro.fr\/sciences\/sante-mentale-comment-savoir-si-mon-enfant-souffre-et-comment-l-aider-20230924\" data-fig-type=\"Article\" data-gtm-custom-categorie=\"navigation\" data-gtm-custom-action=\"crossclick\" data-gtm-custom-label=\"Contextuel\" data-gtm-event=\"customEventSPE\" data-fig-domain=\"LEFIGARO\" target=\"_blank\" rel=\"noopener\">l\u2019humeur g\u00e9n\u00e9rale de votre enfant<\/a>. C\u2019est ce que d\u00e9montre une nouvelle \u00e9tude, publi\u00e9e le 28 mai dans la revue Child Development. Un moyen simple, accessible et non co\u00fbteux pour am\u00e9liorer la sant\u00e9 mentale des b\u00e9b\u00e9s, et \u00e0 terme,\u00a0<a href=\"https:\/\/madame.lefigaro.fr\/bien-etre\/psycho\/je-pleurais-sans-cesse-j-ai-perdu-5-kilos-en-quelques-jours-la-depression-des-peres-un-mal-encore-tabou-20250101\" target=\"_blank\" data-fig-type=\"Article\" rel=\"noopener\" data-gtm-custom-categorie=\"navigation\" data-gtm-custom-action=\"crossclick\" data-gtm-custom-label=\"Contextuel\" data-gtm-event=\"customEventSPE\" data-fig-domain=\"MADAME\">celles de leurs parents<\/a>, soulignent les auteurs.<\/p>\n<p class=\"fig-paragraph\">Pour arriver \u00e0 cette d\u00e9couverte, ces chercheurs des universit\u00e9s am\u00e9ricaines Yale, Princeton, et de l\u2019universit\u00e9 n\u00e9o-z\u00e9landaise d\u2019Auckland ont men\u00e9 une exp\u00e9rience aupr\u00e8s de 110 familles de nourrissons \u00e2g\u00e9s de moins de quatre mois. Ils les ont s\u00e9par\u00e9es en deux groupes. Dans le premier, les parents \u00e9taient activement encourag\u00e9s, pendant quatre semaines, \u00e0 chanter pour leur b\u00e9b\u00e9\u2026<\/p>\n<p class=\"fig-premium-paywall__infos\">\n        Cet article est r\u00e9serv\u00e9 aux abonn\u00e9s.        Il vous reste 83% \u00e0 d\u00e9couvrir.\n    <\/p>\n<p>                <img  data- alt=\"Le Figaro\" class=\"fig-img--complete fig-img\"\/><\/p>\n<p class=\"fig-premium-paywall__title\">Vente Flash<\/p>\n<p class=\"fig-premium-paywall__subtitle\">3,99\u20ac par mois pendant 12 mois. Sans engagement.<\/p>\n<p class=\"fig-premium-paywall__connect\">\n                D\u00e9j\u00e0 abonn\u00e9\u00a0?                <a class=\"fig-premium-paywall__connect-link\" href=\"https:\/\/connect.lefigaro.fr\/login?client=sante_web&amp;type=main&amp;redirect_uri=https%3A%2F%2Fsante.lefigaro.fr%2Fsocial%2Fenfance-famille%2Fvous-chantez-pour-votre-bebe-voici-pourquoi-vous-devez-continuer-20250608\" data-js-gtm=\"{&quot;customCategorie&quot;: &quot;conversion&quot;, &quot;customAction&quot;: &quot;before_Landing_Connexion_paywall_auto&quot;, &quot;customLabel&quot;: &quot;c2FudGUubGVmaWdhcm8uZnJfXzFmMDQyMjBmLTM0NGQtNmUyNi04YWJjLTIzZTA1NzkxZTMyM19fQXJ0aWNsZQ==_Vous chantez pour votre b\u00e9b\u00e9\u00a0? Voici pourquoi vous devez continuer\u00a0!_378&quot;, &quot;customIDSPE&quot;: &quot;c2FudGUubGVmaWdhcm8uZnJfXzFmMDQyMjBmLTM0NGQtNmUyNi04YWJjLTIzZTA1NzkxZTMyM19fQXJ0aWNsZQ==&quot;, &quot;event&quot;: &quot;customEventSPE&quot;}\" target=\"_blank\" rel=\"noopener\"><br \/>\n                    Connectez-vous<br \/>\n                <\/a>\n            <\/p>\n","protected":false},"excerpt":{"rendered":"Fredonner des berceuses et comptines \u00e0 son nouveau-n\u00e9 n\u2019est pas instinctif chez tous les parents. Pourtant, cela comporte&hellip;\n","protected":false},"author":2,"featured_media":162265,"comment_status":"","ping_status":"","sticky":false,"template":"","format":"standard","meta":{"footnotes":""},"categories":[10],"tags":[47,29492,29491,28625,3493,1003,29488,1057,652,4988,1011,27,196,72,29489,29490,2142,29487,137,71],"class_list":{"0":"post-162264","1":"post","2":"type-post","3":"status-publish","4":"format-standard","5":"has-post-thumbnail","7":"category-sante","8":"tag-actualite","9":"tag-aides-sociales-pour-les-enfants","10":"tag-allocations-grossesse","11":"tag-allocations-familiales","12":"tag-bebe","13":"tag-budget","14":"tag-droit-de-la-famille","15":"tag-education","16":"tag-famille","17":"tag-forme","18":"tag-fr","19":"tag-france","20":"tag-grossesse","21":"tag-health","22":"tag-info-beaute","23":"tag-info-grossesse","24":"tag-maison","25":"tag-relation-familiale","26":"tag-retraite","27":"tag-sante"},"share_on_mastodon":{"url":"https:\/\/pubeurope.com\/@fr\/114651098249311223","error":""},"_links":{"self":[{"href":"https:\/\/www.europesays.com\/fr\/wp-json\/wp\/v2\/posts\/162264","targetHints":{"allow":["GET"]}}],"collection":[{"href":"https:\/\/www.europesays.com\/fr\/wp-json\/wp\/v2\/posts"}],"about":[{"href":"https:\/\/www.europesays.com\/fr\/wp-json\/wp\/v2\/types\/post"}],"author":[{"embeddable":true,"href":"https:\/\/www.europesays.com\/fr\/wp-json\/wp\/v2\/users\/2"}],"replies":[{"embeddable":true,"href":"https:\/\/www.europesays.com\/fr\/wp-json\/wp\/v2\/comments?post=162264"}],"version-history":[{"count":0,"href":"https:\/\/www.europesays.com\/fr\/wp-json\/wp\/v2\/posts\/162264\/revisions"}],"wp:featuredmedia":[{"embeddable":true,"href":"https:\/\/www.europesays.com\/fr\/wp-json\/wp\/v2\/media\/162265"}],"wp:attachment":[{"href":"https:\/\/www.europesays.com\/fr\/wp-json\/wp\/v2\/media?parent=162264"}],"wp:term":[{"taxonomy":"category","embeddable":true,"href":"https:\/\/www.europesays.com\/fr\/wp-json\/wp\/v2\/categories?post=162264"},{"taxonomy":"post_tag","embeddable":true,"href":"https:\/\/www.europesays.com\/fr\/wp-json\/wp\/v2\/tags?post=162264"}],"curies":[{"name":"wp","href":"https:\/\/api.w.org\/{rel}","templated":true}]}}