{"id":162266,"date":"2025-06-09T02:41:09","date_gmt":"2025-06-09T02:41:09","guid":{"rendered":"https:\/\/www.europesays.com\/fr\/162266\/"},"modified":"2025-06-09T02:41:09","modified_gmt":"2025-06-09T02:41:09","slug":"mendes-eteint-lamine-yamal-cr7-immortel-joao-neves-lese-nos-tops-flops-de-la-finale-de-ligue-des-nations","status":"publish","type":"post","link":"https:\/\/www.europesays.com\/fr\/162266\/","title":{"rendered":"Mendes \u00e9teint Lamine Yamal, \u00abCR7\u00bb immortel, Jo\u00e3o Neves l\u00e9s\u00e9&#8230; Nos tops\/flops de la finale de Ligue des nations"},"content":{"rendered":"<p>\u00c0 l\u2019issue de la victoire des Portugais aux tirs au but face \u00e0 la Roja (2-2, 5-3 t.a.b) dimanche \u00e0 Munich, en finale de la Ligue des nations, d\u00e9couvrez ce qui a plu&#8230; et d\u00e9plu \u00e0 la r\u00e9daction du Figaro.<\/p>\n<p class=\"fig-paragraph\"><strong>TOPS\u00a0<\/strong><\/p>\n<p>Nuno Mendes stratosph\u00e9rique<\/p>\n<p class=\"fig-paragraph\"><a href=\"http:\/\/www.lefigaro.fr\/sports\/football\/ligue-des-nations\/ligue-des-nations-le-portugal-remporte-un-deuxieme-titre-en-s-offrant-l-espagne-aux-tirs-au-but-20250608\" data-fig-type=\"NewsFlash\" data-gtm-custom-categorie=\"navigation\" data-gtm-custom-action=\"crossclick\" data-gtm-custom-label=\"Contextuel\" data-gtm-event=\"customEventSPE\" data-fig-domain=\"LEFIGARO\" target=\"_blank\" rel=\"noopener\">Quel match XXL<\/a>\u00a0de l\u2019arri\u00e8re gauche portugais. Une prestation \u00e9poustouflante du r\u00e9cent<a href=\"http:\/\/www.lefigaro.fr\/sports\/football\/ligue-des-champions\/psg-les-marches-de-la-gloire-le-grand-recit-d-une-epopee-historique-20250603\" data-fig-type=\"Article\" data-gtm-custom-categorie=\"navigation\" data-gtm-custom-action=\"crossclick\" data-gtm-custom-label=\"Contextuel\" data-gtm-event=\"customEventSPE\" data-fig-domain=\"LEFIGARO\" target=\"_blank\" rel=\"noopener\">\u00a0vainqueur de la Ligue des champions avec le PSG<\/a>. Auteur de la magnifique \u00e9galisation en faveur de son \u00e9quipe (26e), d\u2019un num\u00e9ro dont lui seul a le secret, le Parisien s\u2019est mu\u00e9 en passeur d\u00e9cisif pour\u00a0<a href=\"http:\/\/www.lefigaro.fr\/sports\/football\/ballon-d-or-amer-franck-ribery-repond-a-cristiano-ronaldo-20250608\" data-fig-type=\"NewsFlash\" data-gtm-custom-categorie=\"navigation\" data-gtm-custom-action=\"crossclick\" data-gtm-custom-label=\"Contextuel\" data-gtm-event=\"customEventSPE\" data-fig-domain=\"LEFIGARO\" target=\"_blank\" rel=\"noopener\">Cristiano Ronaldo<\/a>\u00a0dans le second acte (61e). L\u2019intenable Lusitanien a \u00e9galement fait vivre un calvaire au prodige\u00a0<a href=\"http:\/\/www.lefigaro.fr\/sports\/football\/foot-il-merite-de-gagner-le-ballon-d-or-clame-le-selectionneur-de-l-espagne-a-propos-de-lamine-yamal-20250606\" data-fig-type=\"NewsFlash\" data-gtm-custom-categorie=\"navigation\" data-gtm-custom-action=\"crossclick\" data-gtm-custom-label=\"Contextuel\" data-gtm-event=\"customEventSPE\" data-fig-domain=\"LEFIGARO\" target=\"_blank\" rel=\"noopener\">Lamine Yamal<\/a>, comme rarement mis en difficult\u00e9 cette saison. \u00c0 seulement 22 ans,\u00a0<a href=\"http:\/\/www.lefigaro.fr\/sports\/football\/ligue-1\/psg-nuno-mendes-le-beurre-et-l-argent-du-beurre-20250316\" data-fig-type=\"Article\" data-gtm-custom-categorie=\"navigation\" data-gtm-custom-action=\"crossclick\" data-gtm-custom-label=\"Contextuel\" data-gtm-event=\"customEventSPE\" data-fig-domain=\"LEFIGARO\" target=\"_blank\" rel=\"noopener\">Nuno Mendes<\/a>\u00a0continue de surprendre le monde du foot. Un joueur d\u2019une immense classe.<\/p>\n<p class=\"fig-body-link\">\n            \u00c0 lire aussi<br \/>\n        <a class=\"fig-body-link__link\" href=\"http:\/\/www.lefigaro.fr\/sports\/football\/ligue-des-nations\/ligue-des-nations-le-portugal-remporte-un-deuxieme-titre-en-s-offrant-l-espagne-aux-tirs-au-but-20250608\" data-fig-type=\"NewsFlash\" data-gtm-custom-categorie=\"navigation\" data-gtm-custom-action=\"crossclick\" data-gtm-custom-label=\"Contextuel\" data-gtm-event=\"customEventSPE\" data-fig-domain=\"LEFIGARO\" target=\"_blank\" rel=\"noopener\">Ligue des nations\u00a0: le Portugal de Cristiano Ronaldo soul\u00e8ve un deuxi\u00e8me titre en s\u2019offrant l\u2019Espagne<br \/>\n    <\/a>\n<\/p>\n<p>Cristiano Ronaldo encore et toujours<\/p>\n<p class=\"fig-paragraph\">O\u00f9 et quand s\u2019arr\u00eatera-t-il\u00a0? Apr\u00e8s avoir trouv\u00e9 le chemin des filets jeudi en demi-finale face \u00e0 l\u2019Allemagne, la star portugaise a remis le couvert. Insatiable, le capitaine de la Sele\u00e7ao est l\u2019auteur de la seconde \u00e9galisation lusitanienne, attentif \u00e0 la r\u00e9ception d\u2019un centre (61e). Sorti sur blessure \u00e0 la fin du temps r\u00e9glementaire (88e),\u00a0<a href=\"http:\/\/www.lefigaro.fr\/sports\/football\/coupe-du-monde-des-clubs-ronaldo-n-y-participera-pas-20250607\" data-fig-type=\"NewsFlash\" data-gtm-custom-categorie=\"navigation\" data-gtm-custom-action=\"crossclick\" data-gtm-custom-label=\"Contextuel\" data-gtm-event=\"customEventSPE\" data-fig-domain=\"LEFIGARO\" target=\"_blank\" rel=\"noopener\">\u00abCR7\u00bb<\/a>\u00a0a encourag\u00e9 les siens depuis le banc de touche. En plus de son 138e but en 221 s\u00e9lections, l\u2019ancien attaquant du Real Madrid s\u2019est adjug\u00e9 son 36e titre en carri\u00e8re, le 3e avec le Portugal, \u00e0 40 ans. \u00c9ternel.<\/p>\n<p>    Cristiano Ronaldo savoure ce nouveau sacre avec le Portugal.<br \/>\n                JOHN MACDOUGALL \/ AFP<\/p>\n<p>Diogo Costa solide<\/p>\n<p class=\"fig-paragraph\">Le dernier rempart portugais a montr\u00e9 les dents. Apathique en premi\u00e8re p\u00e9riode, le gardien de Porto s\u2019est illustr\u00e9 en fin de match, repoussant deux tentatives espagnoles de mani\u00e8re spectaculaire, face \u00e0\u00a0<a href=\"http:\/\/www.lefigaro.fr\/sports\/football\/ligue-des-champions\/ligue-des-champions-un-bijou-et-un-grand-match-fabian-ruiz-symbole-d-un-psg-conquerant-20250507\" data-fig-type=\"NewsFlash\" data-gtm-custom-categorie=\"navigation\" data-gtm-custom-action=\"crossclick\" data-gtm-custom-label=\"Contextuel\" data-gtm-event=\"customEventSPE\" data-fig-domain=\"LEFIGARO\" target=\"_blank\" rel=\"noopener\">Fabian Ruiz<\/a>\u00a0(55e) puis Isco (83e). Le portier de 25 ans a, par la suite, stopp\u00e9 la tentative d\u2019Alvaro Morata lors de la fatidique s\u00e9ance de tirs au but. Quatre arr\u00eats sur six frappes subies au total pour Diogo Costa dans cette finale. Costaud.<\/p>\n<p class=\"fig-paragraph\"><strong>FLOPS\u00a0<\/strong><\/p>\n<p>Lamine Yamal s\u2019est fait bouffer&#8230;<\/p>\n<p class=\"fig-paragraph\">Celui qui a \u00e9bloui le monde du foot cette saison et qui est en course pour le\u00a0<a href=\"http:\/\/www.lefigaro.fr\/sports\/football\/ligue-des-nations\/portugal-espagne-lamine-yamal-plus-haut-plus-tot-par-rapport-a-cristiano-ronaldo-20250608\" data-fig-type=\"NewsFlash\" data-gtm-custom-categorie=\"navigation\" data-gtm-custom-action=\"crossclick\" data-gtm-custom-label=\"Contextuel\" data-gtm-event=\"customEventSPE\" data-fig-domain=\"LEFIGARO\" target=\"_blank\" rel=\"noopener\">Ballon d\u2019or<\/a>\u00a0est pass\u00e9 au travers. Sans jamais avoir r\u00e9ussi \u00e0 se mettre en lumi\u00e8re par ses terribles dribbles ou ses courses fr\u00e9n\u00e9tiques, le prodige du Bar\u00e7a a \u00e9t\u00e9 englouti, comme rarement, par un Nuno Mendes affam\u00e9. \u00c0 part deux frappes capt\u00e9es sans soucis par Diogo Costa, rien \u00e0 dire de plus sur le match de l\u2019attaquant de 17 ans, musel\u00e9 par l\u2019arri\u00e8re gauche portugais. Un match \u00e0 oublier pour le Catalan.<\/p>\n<p class=\"fig-body-link\">\n            \u00c0 lire aussi<br \/>\n        <a class=\"fig-body-link__link\" href=\"http:\/\/www.lefigaro.fr\/sports\/football\/ligue-des-nations\/portugal-espagne-lamine-yamal-plus-haut-plus-tot-par-rapport-a-cristiano-ronaldo-20250608\" data-fig-type=\"NewsFlash\" data-gtm-custom-categorie=\"navigation\" data-gtm-custom-action=\"crossclick\" data-gtm-custom-label=\"Contextuel\" data-gtm-event=\"customEventSPE\" data-fig-domain=\"LEFIGARO\" target=\"_blank\" rel=\"noopener\">Portugal-Espagne\u00a0: Lamine Yamal, plus haut plus t\u00f4t que Cristiano Ronaldo<br \/>\n    <\/a>\n<\/p>\n<p>&#8230; Comme Nico Williams<\/p>\n<p class=\"fig-paragraph\">M\u00eame son de cloche du c\u00f4t\u00e9 de son comp\u00e8re offensif. Peu en vue, on a connu le feu follet espagnol bien plus en jambes. Peu inspir\u00e9, le joueur de Bilbao a pein\u00e9 \u00e0 faire parler son explosivit\u00e9 et sa qualit\u00e9 de percussion sur l\u2019int\u00e9gralit\u00e9 de la finale. Quand lui et Lamine Yamal ne sont pas au rendez-vous, la Roja souffre. \u00c9reint\u00e9 physiquement, l\u2019ailier gauche a logiquement c\u00e9d\u00e9 sa place \u00e0 Alex Baena en toute fin de partie (92e).<\/p>\n<p>Jo\u00e3o Neves l\u00e9s\u00e9<\/p>\n<p class=\"fig-paragraph\">Mettre\u00a0<a href=\"http:\/\/www.lefigaro.fr\/sports\/football\/ligue-des-champions\/il-va-devenir-l-un-des-meilleurs-milieux-du-monde-joao-neves-la-pepite-du-psg-20240930\" data-fig-type=\"Article\" data-gtm-custom-categorie=\"navigation\" data-gtm-custom-action=\"crossclick\" data-gtm-custom-label=\"Contextuel\" data-gtm-event=\"customEventSPE\" data-fig-domain=\"LEFIGARO\" target=\"_blank\" rel=\"noopener\">Jo\u00e3o Neves<\/a>\u00a0arri\u00e8re droit. Une infamie. \u00c9blouissant au milieu de terrain cette saison avec Paris, le Portugais se retrouve expatri\u00e9 au poste d\u2019arri\u00e8re droit par son s\u00e9lectionneur Roberto Martinez au coup d\u2019envoi de la finale. R\u00e9sultat\u00a0? Souvent d\u00e9pass\u00e9 par Nico Williams, le joueur parisien a souffert de son couloir. Le joyau de 20 ans n\u2019a pu faire parler ses qualit\u00e9s techniques et sa vision hors pair du jeu. Un choix incompr\u00e9hensible. Du g\u00e2chis. Son co\u00e9quipier et compatriote dans la capitale, Vitinha, au milieu de terrain, ne s\u2019est gu\u00e8re mieux mis en valeur.<\/p>\n<p class=\"fig-body-link\">\n            \u00c0 lire aussi<br \/>\n        <a class=\"fig-body-link__link fig-premium-mark\" href=\"http:\/\/www.lefigaro.fr\/sports\/football\/ligue-des-champions\/il-va-devenir-l-un-des-meilleurs-milieux-du-monde-joao-neves-la-pepite-du-psg-20240930\" data-fig-type=\"Article\" data-gtm-custom-categorie=\"navigation\" data-gtm-custom-action=\"crossclick\" data-gtm-custom-label=\"Contextuel\" data-gtm-event=\"customEventSPE\" data-fig-domain=\"LEFIGARO\" target=\"_blank\" rel=\"noopener\">\u00abIl va devenir l\u2019un des meilleurs milieux du monde\u00bb\u00a0: \u00e0 la d\u00e9couverte de Joao Neves, la nouvelle p\u00e9pite du PSG<br \/>\n    <\/a><\/p>\n","protected":false},"excerpt":{"rendered":"\u00c0 l\u2019issue de la victoire des Portugais aux tirs au but face \u00e0 la Roja (2-2, 5-3 t.a.b)&hellip;\n","protected":false},"author":2,"featured_media":162267,"comment_status":"","ping_status":"","sticky":false,"template":"","format":"standard","meta":{"footnotes":""},"categories":[9],"tags":[672,828,525,8976,13282,123,1011,27,3022,23733,955,23734,5210,6996,1980,60,455],"class_list":{"0":"post-162266","1":"post","2":"type-post","3":"status-publish","4":"format-standard","5":"has-post-thumbnail","7":"category-sports","8":"tag-allemagne","9":"tag-belgique","10":"tag-calendrier","11":"tag-classements","12":"tag-cristiano-ronaldo","13":"tag-espagne","14":"tag-fr","15":"tag-france","16":"tag-ligue","17":"tag-ligue-des-nations","18":"tag-match","19":"tag-match-en-direct","20":"tag-nuno-mendes","21":"tag-portugal","22":"tag-resultats","23":"tag-sports","24":"tag-uefa"},"share_on_mastodon":{"url":"https:\/\/pubeurope.com\/@fr\/114651102192836745","error":""},"_links":{"self":[{"href":"https:\/\/www.europesays.com\/fr\/wp-json\/wp\/v2\/posts\/162266","targetHints":{"allow":["GET"]}}],"collection":[{"href":"https:\/\/www.europesays.com\/fr\/wp-json\/wp\/v2\/posts"}],"about":[{"href":"https:\/\/www.europesays.com\/fr\/wp-json\/wp\/v2\/types\/post"}],"author":[{"embeddable":true,"href":"https:\/\/www.europesays.com\/fr\/wp-json\/wp\/v2\/users\/2"}],"replies":[{"embeddable":true,"href":"https:\/\/www.europesays.com\/fr\/wp-json\/wp\/v2\/comments?post=162266"}],"version-history":[{"count":0,"href":"https:\/\/www.europesays.com\/fr\/wp-json\/wp\/v2\/posts\/162266\/revisions"}],"wp:featuredmedia":[{"embeddable":true,"href":"https:\/\/www.europesays.com\/fr\/wp-json\/wp\/v2\/media\/162267"}],"wp:attachment":[{"href":"https:\/\/www.europesays.com\/fr\/wp-json\/wp\/v2\/media?parent=162266"}],"wp:term":[{"taxonomy":"category","embeddable":true,"href":"https:\/\/www.europesays.com\/fr\/wp-json\/wp\/v2\/categories?post=162266"},{"taxonomy":"post_tag","embeddable":true,"href":"https:\/\/www.europesays.com\/fr\/wp-json\/wp\/v2\/tags?post=162266"}],"curies":[{"name":"wp","href":"https:\/\/api.w.org\/{rel}","templated":true}]}}