{"id":162274,"date":"2025-06-09T02:45:13","date_gmt":"2025-06-09T02:45:13","guid":{"rendered":"https:\/\/www.europesays.com\/fr\/162274\/"},"modified":"2025-06-09T02:45:13","modified_gmt":"2025-06-09T02:45:13","slug":"de-passage-a-madrid-javier-milei-insulte-le-premier-ministre-espagnol","status":"publish","type":"post","link":"https:\/\/www.europesays.com\/fr\/162274\/","title":{"rendered":"De passage \u00e0 Madrid, Javier Milei insulte le Premier ministre espagnol"},"content":{"rendered":"<p><a href=\"https:\/\/www.20minutes.fr\/monde\/javier-milei\/\" target=\"_blank\" class=\"color-ultramarine c-link\" rel=\"noopener\">Javier Milei<\/a> a une nouvelle fois montr\u00e9 son inimiti\u00e9 envers <a href=\"https:\/\/www.20minutes.fr\/monde\/pedro-sanchez\/\" target=\"_blank\" class=\"color-ultramarine c-link\" rel=\"noopener\">Pedro Sanchez<\/a>. Et il n\u2019a pas h\u00e9sit\u00e9 \u00e0 le faire dimanche depuis l\u2019<a href=\"https:\/\/www.20minutes.fr\/dossier\/espagne\" target=\"_blank\" class=\"color-ultramarine c-link\" rel=\"noopener\">Espagne<\/a>. Le pr\u00e9sident ultralib\u00e9ral argentin a en effet renouvel\u00e9 ses critiques \u00e0 l\u2019encontre du Premier ministre espagnol, le qualifiant de \u00ab\u00a0voyou\u00a0\u00bb lors d\u2019une visite \u00e0 Madrid pour un forum \u00e9conomique.<\/p>\n<p>Les deux dirigeants s\u2019\u00e9taient d\u00e9j\u00e0 affront\u00e9s l\u2019ann\u00e9e derni\u00e8re lorsque Javier Milei avait sugg\u00e9r\u00e9 que la femme de Pedro Sanchez \u00e9tait corrompue, conduisant Madrid \u00e0 rappeler son ambassadeur de Buenos Aires.<\/p>\n<p>Un rassemblement hostile \u00e0 Sanchez<\/p>\n<p>Dimanche soir lors de ce rassemblement libertaire \u2013 alors que de la musique rock \u00e9tait diffus\u00e9e et que certains participants criaient des insultes \u00e0 l\u2019encontre de Pedro Sanchez \u2013 le pr\u00e9sident argentin a fait des gestes \u00e9nergiques et s\u2019en est pris au dirigeant espagnol. \u00ab\u00a0Si vous voulez aussi malmener le voyou local, je n\u2019y vois pas d\u2019inconv\u00e9nient\u00a0\u00bb, a-t-il alors d\u00e9clar\u00e9.<\/p>\n<\/p>\n<p>Plus tard, dans un discours ax\u00e9 sur la d\u00e9fense de ses politiques \u00e9conomiques, Javier Milei a r\u00e9pondu \u00e0 des membres du public criant \u00ab\u00a0Nous avons besoin de vous ici\u00a0!\u00a0\u00bb\u00a0: \u00ab\u00a0Sachez que je serai toujours \u00e0 vos c\u00f4t\u00e9s lorsqu\u2019il s\u2019agira de s\u2019opposer aux socialistes\u00a0\u00bb.<\/p>\n<p>Des accusations de corruption<\/p>\n<p>Ces commentaires interviennent quelques heures apr\u00e8s que des dizaines de milliers de personnes se sont rassembl\u00e9es \u00e0 Madrid lors d\u2019une manifestation organis\u00e9e par les partis d\u2019opposition, accusant le gouvernement de Pedro Sanchez de <a href=\"https:\/\/www.20minutes.fr\/dossier\/corruption\" target=\"_blank\" class=\"color-ultramarine c-link\" rel=\"noopener\">corruption<\/a>. L\u2019\u00e9pouse du Premier ministre, son fr\u00e8re et un ancien collaborateur de haut niveau font l\u2019objet d\u2019une enqu\u00eate dans le cadre d\u2019affaires de corruption distinctes. Pedro Sanchez a rejet\u00e9 ces enqu\u00eates comme faisant partie d\u2019une \u00ab\u00a0campagne de diffamation\u00a0\u00bb de la droite visant \u00e0 faire tomber son gouvernement.<\/p>\n<p><a href=\"https:\/\/www.20minutes.fr\/dossier\/argentine\" target=\"_blank\" class=\"c-link c-btn c-btn--primary\" rel=\"noopener\">Notre dossier sur l&rsquo;Argentine<\/a><\/p>\n<p>Javier Milei doit maintenant rallier Nice, en France, o\u00f9 son agenda annonce une rencontre avec Emmanuel Macron ce lundi 9\u00a0juin.<\/p>\n","protected":false},"excerpt":{"rendered":"Javier Milei a une nouvelle fois montr\u00e9 son inimiti\u00e9 envers Pedro Sanchez. Et il n\u2019a pas h\u00e9sit\u00e9 \u00e0&hellip;\n","protected":false},"author":2,"featured_media":162275,"comment_status":"","ping_status":"","sticky":false,"template":"","format":"standard","meta":{"footnotes":""},"categories":[5],"tags":[47,11,6715,1770,123,1011,27,2335,14,5924,74,12,122,133,28],"class_list":{"0":"post-162274","1":"post","2":"type-post","3":"status-publish","4":"format-standard","5":"has-post-thumbnail","7":"category-international","8":"tag-actualite","9":"tag-actualites","10":"tag-argentine","11":"tag-corruption","12":"tag-espagne","13":"tag-fr","14":"tag-france","15":"tag-insulte","16":"tag-international","17":"tag-javier-milei","18":"tag-monde","19":"tag-news","20":"tag-pedro-sanchez","21":"tag-video","22":"tag-world"},"share_on_mastodon":{"url":"https:\/\/pubeurope.com\/@fr\/114651118144617531","error":""},"_links":{"self":[{"href":"https:\/\/www.europesays.com\/fr\/wp-json\/wp\/v2\/posts\/162274","targetHints":{"allow":["GET"]}}],"collection":[{"href":"https:\/\/www.europesays.com\/fr\/wp-json\/wp\/v2\/posts"}],"about":[{"href":"https:\/\/www.europesays.com\/fr\/wp-json\/wp\/v2\/types\/post"}],"author":[{"embeddable":true,"href":"https:\/\/www.europesays.com\/fr\/wp-json\/wp\/v2\/users\/2"}],"replies":[{"embeddable":true,"href":"https:\/\/www.europesays.com\/fr\/wp-json\/wp\/v2\/comments?post=162274"}],"version-history":[{"count":0,"href":"https:\/\/www.europesays.com\/fr\/wp-json\/wp\/v2\/posts\/162274\/revisions"}],"wp:featuredmedia":[{"embeddable":true,"href":"https:\/\/www.europesays.com\/fr\/wp-json\/wp\/v2\/media\/162275"}],"wp:attachment":[{"href":"https:\/\/www.europesays.com\/fr\/wp-json\/wp\/v2\/media?parent=162274"}],"wp:term":[{"taxonomy":"category","embeddable":true,"href":"https:\/\/www.europesays.com\/fr\/wp-json\/wp\/v2\/categories?post=162274"},{"taxonomy":"post_tag","embeddable":true,"href":"https:\/\/www.europesays.com\/fr\/wp-json\/wp\/v2\/tags?post=162274"}],"curies":[{"name":"wp","href":"https:\/\/api.w.org\/{rel}","templated":true}]}}