{"id":162280,"date":"2025-06-09T02:49:10","date_gmt":"2025-06-09T02:49:10","guid":{"rendered":"https:\/\/www.europesays.com\/fr\/162280\/"},"modified":"2025-06-09T02:49:10","modified_gmt":"2025-06-09T02:49:10","slug":"marche-des-fiertes-a-saint-etienne-un-homme-interpelle-apres-une-agression-homophobe","status":"publish","type":"post","link":"https:\/\/www.europesays.com\/fr\/162280\/","title":{"rendered":"Marche des fiert\u00e9s\u00a0\u00e0 Saint-\u00c9tienne\u00a0: un homme interpell\u00e9 apr\u00e8s une agression homophobe"},"content":{"rendered":"<p>Un homme d\u2019une trentaine d\u2019ann\u00e9es suspect\u00e9 <a href=\"https:\/\/www.ouest-france.fr\/societe\/homophobie\/\" target=\"_blank\" rel=\"noopener\">d\u2019insultes et de violences homophobes<\/a>, <a href=\"https:\/\/www.ouest-france.fr\/societe\/lgbt\/\" target=\"_blank\" rel=\"noopener\">en marge de la marche des fiert\u00e9s<\/a> samedi 7\u00a0juin 2025 \u00e0 Saint-\u00c9tienne, a \u00e9t\u00e9 plac\u00e9 en garde \u00e0 vue, a appris l\u2019AFP ce dimanche de sources polici\u00e8res.<\/p>\n<p>Trois plaintes d\u00e9pos\u00e9es<\/p>\n<p>Alcoolis\u00e9, cet homme s\u2019en est d\u2019abord pris \u00e0 des femmes participant \u00e0 la marche en les agressant sexuellement, a indiqu\u00e9 une source polici\u00e8re.<\/p>\n<p>Il a ensuite port\u00e9 des coups et fait usage d\u2019une bombe lacrymog\u00e8ne \u00e0 l\u2019encontre d\u2019un agent de s\u00e9curit\u00e9 et a tenu des propos homophobes envers l\u2019organisateur de l\u2019\u00e9v\u00e9nement. Tous deux ont port\u00e9 plainte.<\/p>\n<p>Une troisi\u00e8me plainte \u00e9mane de policiers municipaux outrag\u00e9s et menac\u00e9s de mort lors de son interpellation, vers 21\u00a0h, dans le centre-ville de Saint-Etienne, a pr\u00e9cis\u00e9 une autre source polici\u00e8re.<\/p>\n<p>\u00ab\u00a0Pas coop\u00e9ratif\u00a0\u00bb<\/p>\n<p>Plac\u00e9 en garde \u00e0 vue dans le cadre d\u2019une enqu\u00eate ouverte pour \u00ab\u00a0insultes et violences \u00e0 caract\u00e8re homophobe\u00a0\u00bb, il ne s\u2019est <strong>\u00ab\u00a0pas montr\u00e9 coop\u00e9ratif avec la police nationale qui l\u2019a pris en charge, refusant de d\u00e9cliner son identit\u00e9 ainsi que le contr\u00f4le d\u2019alcool\u00e9mie qui lui \u00e9tait propos\u00e9\u00a0\u00bb,<\/strong> indique \u00e0 l\u2019AFP cette source polici\u00e8re.<\/p>\n<p>L\u2019enqu\u00eate pourra \u00eatre \u00e9largie \u00e0 des faits d\u2019agression sexuelle si les jeunes femmes d\u00e9posent plainte \u00e0 leur tour, pr\u00e9cise cette m\u00eame source.<\/p>\n<p>La marche des fiert\u00e9s a r\u00e9uni un millier de personnes \u00e0 Saint-\u00c9tienne selon la police.<\/p>\n<p>\u00a0<\/p>\n","protected":false},"excerpt":{"rendered":"Un homme d\u2019une trentaine d\u2019ann\u00e9es suspect\u00e9 d\u2019insultes et de violences homophobes, en marge de la marche des fiert\u00e9s&hellip;\n","protected":false},"author":2,"featured_media":162281,"comment_status":"","ping_status":"","sticky":false,"template":"","format":"standard","meta":{"footnotes":""},"categories":[9653],"tags":[1111,11,1120,2430,1777,674,11136,1011,27,4933,29495,9817,2693,2089,12,25,4001],"class_list":{"0":"post-162280","1":"post","2":"type-post","3":"status-publish","4":"format-standard","5":"has-post-thumbnail","7":"category-saint-etienne","8":"tag-actu","9":"tag-actualites","10":"tag-agression","11":"tag-auvergne-rhone-alpes","12":"tag-eu","13":"tag-europe","14":"tag-fiertes","15":"tag-fr","16":"tag-france","17":"tag-homme","18":"tag-homophobe","19":"tag-interpelle","20":"tag-laval","21":"tag-marche","22":"tag-news","23":"tag-republique-francaise","24":"tag-saint-etienne"},"share_on_mastodon":{"url":"https:\/\/pubeurope.com\/@fr\/114651133567857559","error":""},"_links":{"self":[{"href":"https:\/\/www.europesays.com\/fr\/wp-json\/wp\/v2\/posts\/162280","targetHints":{"allow":["GET"]}}],"collection":[{"href":"https:\/\/www.europesays.com\/fr\/wp-json\/wp\/v2\/posts"}],"about":[{"href":"https:\/\/www.europesays.com\/fr\/wp-json\/wp\/v2\/types\/post"}],"author":[{"embeddable":true,"href":"https:\/\/www.europesays.com\/fr\/wp-json\/wp\/v2\/users\/2"}],"replies":[{"embeddable":true,"href":"https:\/\/www.europesays.com\/fr\/wp-json\/wp\/v2\/comments?post=162280"}],"version-history":[{"count":0,"href":"https:\/\/www.europesays.com\/fr\/wp-json\/wp\/v2\/posts\/162280\/revisions"}],"wp:featuredmedia":[{"embeddable":true,"href":"https:\/\/www.europesays.com\/fr\/wp-json\/wp\/v2\/media\/162281"}],"wp:attachment":[{"href":"https:\/\/www.europesays.com\/fr\/wp-json\/wp\/v2\/media?parent=162280"}],"wp:term":[{"taxonomy":"category","embeddable":true,"href":"https:\/\/www.europesays.com\/fr\/wp-json\/wp\/v2\/categories?post=162280"},{"taxonomy":"post_tag","embeddable":true,"href":"https:\/\/www.europesays.com\/fr\/wp-json\/wp\/v2\/tags?post=162280"}],"curies":[{"name":"wp","href":"https:\/\/api.w.org\/{rel}","templated":true}]}}