{"id":162282,"date":"2025-06-09T02:52:29","date_gmt":"2025-06-09T02:52:29","guid":{"rendered":"https:\/\/www.europesays.com\/fr\/162282\/"},"modified":"2025-06-09T02:52:29","modified_gmt":"2025-06-09T02:52:29","slug":"omnisports-un-jour-special-pour-pascal-thiebaut-une-election-et-des-demi-finales-a-roland-garros-on-en-parle-au-cafe-des-sports","status":"publish","type":"post","link":"https:\/\/www.europesays.com\/fr\/162282\/","title":{"rendered":"Omnisports. Un jour sp\u00e9cial pour Pascal Thi\u00e9baut, une \u00e9lection et des demi-finales \u00e0 Roland-Garros\u2026 On en parle au caf\u00e9 des sports\u00a0!"},"content":{"rendered":"<p>  Joyeux anniversaire<\/p>\n<p>C\u2019est une figure du sport nanc\u00e9ien qui aura droit \u00e0 son g\u00e2teau ce vendredi\u00a0: Pascal Thi\u00e9baut, bien s\u00fbr, qui f\u00eate ses 66 ans. Une autre personnalit\u00e9 de l\u2019athl\u00e9tisme lorrain f\u00eate son anniversaire aujourd\u2019hui, \u00e0 savoir le sauteur en longueur sarrebourgeois Augustin Bey qui a trente ans tout pile.<\/p>\n<p>  Sur le web<\/p>\n<p>Ce vendredi, sur notre site, vous pourrez \u00e9lire le sportif meurthe-et-mosellan du mois de mai. Mais aussi avoir des nouvelles des arch\u00e8res lorraines en lice \u00e0 la coupe du Monde d\u2019Antalya ainsi que des rameurs engag\u00e9s au championnat de France d\u2019aviron \u00e0 Libourne.<\/p>\n<p>  \u00c0 la t\u00e9l\u00e9<\/p>\n<p><strong>9\u00a0h\u00a0:<\/strong> AUTOMOBILE. Rallye de Sardaigne (Canal +\u00a0Sport)<\/p>\n<p><strong>14\u00a0h\u00a0:<\/strong> TENNIS. Roland-Garros. Demi-finales hommes (France 2)<\/p>\n<p><strong>21\u00a0h\u00a0:<\/strong> ATHL\u00c9TISME. Meeting de Rome (L\u2019\u00c9quipe Live)<\/p>\n","protected":false},"excerpt":{"rendered":"Joyeux anniversaire C\u2019est une figure du sport nanc\u00e9ien qui aura droit \u00e0 son g\u00e2teau ce vendredi\u00a0: Pascal Thi\u00e9baut,&hellip;\n","protected":false},"author":2,"featured_media":162283,"comment_status":"","ping_status":"","sticky":false,"template":"","format":"standard","meta":{"footnotes":""},"categories":[9635],"tags":[1111,11,4132,1704,1777,674,1011,27,775,1702,1703,12,25,517,1700],"class_list":{"0":"post-162282","1":"post","2":"type-post","3":"status-publish","4":"format-standard","5":"has-post-thumbnail","7":"category-nancy","8":"tag-actu","9":"tag-actualites","10":"tag-athletisme","11":"tag-edition-nancy-et-agglomeration","12":"tag-eu","13":"tag-europe","14":"tag-fr","15":"tag-france","16":"tag-grand-est","17":"tag-nancy","18":"tag-nancy-ville-54b","19":"tag-news","20":"tag-republique-francaise","21":"tag-sport","22":"tag-sport-lorrain"},"share_on_mastodon":{"url":"https:\/\/pubeurope.com\/@fr\/114651145695290922","error":""},"_links":{"self":[{"href":"https:\/\/www.europesays.com\/fr\/wp-json\/wp\/v2\/posts\/162282","targetHints":{"allow":["GET"]}}],"collection":[{"href":"https:\/\/www.europesays.com\/fr\/wp-json\/wp\/v2\/posts"}],"about":[{"href":"https:\/\/www.europesays.com\/fr\/wp-json\/wp\/v2\/types\/post"}],"author":[{"embeddable":true,"href":"https:\/\/www.europesays.com\/fr\/wp-json\/wp\/v2\/users\/2"}],"replies":[{"embeddable":true,"href":"https:\/\/www.europesays.com\/fr\/wp-json\/wp\/v2\/comments?post=162282"}],"version-history":[{"count":0,"href":"https:\/\/www.europesays.com\/fr\/wp-json\/wp\/v2\/posts\/162282\/revisions"}],"wp:featuredmedia":[{"embeddable":true,"href":"https:\/\/www.europesays.com\/fr\/wp-json\/wp\/v2\/media\/162283"}],"wp:attachment":[{"href":"https:\/\/www.europesays.com\/fr\/wp-json\/wp\/v2\/media?parent=162282"}],"wp:term":[{"taxonomy":"category","embeddable":true,"href":"https:\/\/www.europesays.com\/fr\/wp-json\/wp\/v2\/categories?post=162282"},{"taxonomy":"post_tag","embeddable":true,"href":"https:\/\/www.europesays.com\/fr\/wp-json\/wp\/v2\/tags?post=162282"}],"curies":[{"name":"wp","href":"https:\/\/api.w.org\/{rel}","templated":true}]}}