{"id":162286,"date":"2025-06-09T02:54:38","date_gmt":"2025-06-09T02:54:38","guid":{"rendered":"https:\/\/www.europesays.com\/fr\/162286\/"},"modified":"2025-06-09T02:54:38","modified_gmt":"2025-06-09T02:54:38","slug":"compositions-chaine-tv-et-heure-4","status":"publish","type":"post","link":"https:\/\/www.europesays.com\/fr\/162286\/","title":{"rendered":"Compositions, Cha\u00eene TV et Heure"},"content":{"rendered":"<p style=\"text-align: justify;\"><strong>\u00c0 quelle heure et sur quelle cha\u00eene TV suivre le match de Top 14 entre Bayonne et Toulon ? Retrouvez \u00e9galement les compositions des deux \u00e9quipes.<\/strong><\/p>\n<p style=\"text-align: justify;\">Le stade Jean-Dauger sera le th\u00e9\u00e2tre, ce<strong> samedi 7 juin \u00e0 21h05<\/strong>, d\u2019un affrontement d\u00e9cisif entre l\u2019<a href=\"https:\/\/dicodusport.fr\/blog\/transferts-aviron-bayonnais-2025-arrivees-departs-et-prolongations\/\" rel=\"nofollow noopener\" target=\"_blank\"><strong>Aviron Bayonnais<\/strong><\/a> et le <a href=\"https:\/\/dicodusport.fr\/blog\/transferts-rc-toulon-2025-arrivees-departs-et-prolongations\/\" rel=\"nofollow noopener\" target=\"_blank\"><strong>RC Toulon<\/strong><\/a>, pour le compte de la 26\u00e8me et ultime journ\u00e9e de la phase r\u00e9guli\u00e8re du Top 14. Dans un duel au sommet entre le 4\u00e8me et le 3\u00e8me du classement, l\u2019enjeu est clair : une place en demi-finale directe pour <strong>Toulon<\/strong>, ou un barrage \u00e0 domicile pour <strong>Bayonne<\/strong>. Une rencontre aux allures de quart de finale avant l\u2019heure.<\/p>\n<p>Contexte et enjeux du match Bayonne \u2013 Toulon<\/p>\n<p style=\"text-align: justify;\">Actuellement 4\u00e8me au classement avec 64 points, l\u2019<strong>Aviron Bayonnais<\/strong> est talonn\u00e9e par <strong>Castres<\/strong> (63 pts) et <strong>La Rochelle<\/strong> (62 pts). La dynamique r\u00e9cente de l\u2019\u00e9quipe basque est contrast\u00e9e. Si elle a enregistr\u00e9 une s\u00e9rie de victoires \u00e0 domicile, notamment contre <strong>Vannes<\/strong> (38-32) et la <strong>Section Paloise<\/strong> (27-22), elle a subi une lourde d\u00e9faite lors de la 25\u00e8me journ\u00e9e face \u00e0 Castres (33-3). Cette contre-performance souligne une certaine irr\u00e9gularit\u00e9, particuli\u00e8rement en d\u00e9placement. N\u00e9anmoins, l\u2019<strong>Aviron Bayonnais<\/strong> demeure invaincu \u00e0 domicile cette saison, dans leur antre de Jean-Dauger, faisant de son stade une v\u00e9ritable forteresse. Un atout majeur avant de recevoir le <strong>RCT<\/strong>.<\/p>\n<p style=\"text-align: justify;\">Le <strong>RC Toulon<\/strong>, justement, aborde son d\u00e9placement \u00e0 Bayonne avec une dynamique contrast\u00e9e. Actuellement troisi\u00e8mes du championnat avec 72 points, les Varois visent une qualification directe pour les demi-finales, mais leur forme r\u00e9cente soul\u00e8ve des interrogations. Apr\u00e8s une s\u00e9rie de trois d\u00e9faites cons\u00e9cutives <a href=\"https:\/\/dicodusport.fr\/blog\/multirugby-top-14-j22-vannes-reste-en-vie-bayonne-au-forceps-clermont-respire-montpellier-vainqueur\/\" rel=\"nofollow noopener\" target=\"_blank\">face \u00e0 <strong>Vannes<\/strong> (29-19)<\/a>, <a href=\"https:\/\/dicodusport.fr\/blog\/top-14-j23-toulouse-ecrase-toulon-au-velodrome\/\" rel=\"nofollow noopener\" target=\"_blank\"><strong>Toulouse<\/strong> (50-16)<\/a> et <strong>Pau<\/strong> (25-21), Toulon a retrouv\u00e9 le chemin de la victoire en s\u2019imposant \u00e0 domicile <a href=\"https:\/\/dicodusport.fr\/blog\/top-14-j25-le-rc-toulon-domine-bordeaux-begles-mais-manque-le-bonus\/\" rel=\"nofollow noopener\" target=\"_blank\">contre <strong>Bordeaux-B\u00e8gles<\/strong> (27-10)<\/a>. Cette performance rassurante intervient \u00e0 point nomm\u00e9 avant un voyage crucial \u00e0 <strong>Bayonne<\/strong>, o\u00f9 les Rouge et Noir devront confirmer leur regain de forme.<\/p>\n<p><a href=\"https:\/\/dicodusport.fr\/blog\/top-14-pau-clermont-la-rochelle-toulon-tous-les-scenarios-pour-la-qualification-en-phase-finale\/\" class=\"vlp-link\" title=\"Top 14 : Pau, Clermont, La Rochelle, Toulon\u2026 Tous les sc\u00e9narios pour la qualification en phase finale\" rel=\"nofollow noopener\" target=\"_blank\"><img loading=\"lazy\" decoding=\"async\" style=\"max-width: 792px;\" width=\"792\" height=\"445\" class=\"attachment-800x445 size-800x445 perfmatters-lazy\" alt=\"Top 14 Pau, Clermont, La Rochelle, Toulon Tous les sc\u00e9narios pour la qualification en phase finale\" src=\"https:\/\/www.europesays.com\/fr\/wp-content\/uploads\/2025\/06\/Top-14-Pau-Clermont-La-Rochelle-Toulon-Tous-les-scenarios-pour-la-qualification-en-phase-finale.png\"  data-\/><\/p>\n<p>Top 14 : Pau, Clermont, La Rochelle, Toulon\u2026 Tous les sc\u00e9narios pour la qualification en phase finale<\/p>\n<p>Top 14 : d\u00e9couvrez tous les sc\u00e9narios de qualification en phase finale avec Pau, Clermont, La Rochelle, Toulon et les enjeux de la derni\u00e8re journ\u00e9e.<\/p>\n<p>Lire l&rsquo;article<\/p>\n<p>dicodusport.fr<\/p>\n<p style=\"text-align: justify;\">\u00c0 l\u2019occasion du match aller, <strong>Toulon<\/strong> avait dispos\u00e9 de <strong>Bayonne \u00e0 Mayol<\/strong>, sur le score de <strong>39-19<\/strong>. Les bookmakers donnent logiquement le club basque favori de la rencontre.<\/p>\n<p>Bayonne \u2013 Toulon : \u00c0 quelle heure et sur quelle cha\u00eene TV suivre le match ?<\/p>\n<p style=\"text-align: justify;\">Le match <b>Bayonne \u2013 Toulon <\/b>est \u00e0 suivre ce <strong>samedi 7 juin 2025 \u00e0 21h05<\/strong>, sur le multirugby <b>Canal+ <\/b>et<b> Canal+ Live 1.<\/b><\/p>\n<p>Les compositions de Bayonne \u2013 Toulon<br \/>\nLa composition de Bayonne<\/p>\n<p style=\"text-align: justify;\"><strong>XV de d\u00e9part :\u00a0<\/strong>15. Tiberghien ; 14. Spring, 13. Maqala, 12. Tuilagi, 11. Carreras ; 10. Segonds, 9. Rouet ; 7. Chouzenoux, 8. Cassiem, 6. Bruni ; 5. Moon, 4. Iturria (cap.) ; 3. Tagi, 2. Bosch, 1. Cormenier.<\/p>\n<p>\n<a href=\"https:\/\/dicodusport.fr\/blog\/offres\/abonnements-sans-pub\/\" rel=\"nofollow noopener\" target=\"_blank\"><img loading=\"lazy\" decoding=\"async\" class=\"alignnone size-full wp-image-501284 perfmatters-lazy\" alt=\"\" width=\"1200\" height=\"200\" src=\"https:\/\/www.europesays.com\/fr\/wp-content\/uploads\/2025\/04\/Abonnements-sans-pubs-Dicodusport.png\"\/><\/a><\/p>\n<p style=\"text-align: justify;\"><strong>Les rempla\u00e7ants :\u00a0<\/strong>16. Martin, 17. Castillon, 18. Heguy, 19. Habel-Kuffner, 20. Machenaud, 21. Lopez, 22. Erbinertegaray, 23. Scholtz.<\/p>\n<p>La composition de Toulon<\/p>\n<p style=\"text-align: justify;\"><strong>XV de d\u00e9part : <\/strong>15. Jaminet ; 14. Wainiqolo, 13. Fainga\u2019anuku, 12. Nonu, 11. Villi\u00e8re ; 10. Garbisi, 9. White ; 7. Coulon, 8. Isa, 6. Ludlam ; 5. Alainu\u2019uese, 4. Ribbans (cap.) ; 3. Gigashvili, 2. Ivaldi, 1. Priso.<\/p>\n<p style=\"text-align: justify;\"><strong>Les rempla\u00e7ants :\u00a0<\/strong>16. Baubigny, 17. Gros, 18. Halagahu, 19. Le Corvec, 20. Domon, 21. Serin, 22. Tuicuvu, 23. Sinckler.<\/p>\n<p>Les cotes de Bayonne \u2013 Toulon<\/p>\n<tr style=\"height: 16px;\">\n<td style=\"background-color: #404040; text-align: left; border-color: #ededed; width: 500px;\" colspan=\"3\">Samedi 7 juin 2025, 21h00<\/td>\n<\/tr>\n<tr style=\"height: 24px;\">\n<td style=\"background-color: #ffffff; border-color: #ededed; vertical-align: middle; text-align: center; width: 266px;\"><b>Bayonne<br \/><\/b><a href=\"https:\/\/www.winamax.fr\/paris-sportifs\/match\/51966483?banid=33423\" class=\"su-button su-button-style-flat su-button-wide\" style=\"color:#fff;background-color:#000;border-color:#000000;border-radius:5px\" target=\"_blank\" rel=\"noopener noreferrer nofollow\"> 1.19<\/a><\/td>\n<td style=\"background-color: #ffffff; border-color: #ededed; vertical-align: middle; text-align: center; width: 266px;\"><strong>Match nul<\/strong><br \/><a href=\"https:\/\/www.winamax.fr\/paris-sportifs\/match\/51966483?banid=33423\" class=\"su-button su-button-style-flat su-button-wide\" style=\"color:#fff;background-color:#000;border-color:#000000;border-radius:5px\" target=\"_blank\" rel=\"noopener noreferrer nofollow\"> 24<\/a><\/td>\n<td style=\"background-color: #ffffff; border-color: #ededed; vertical-align: middle; text-align: center; width: 266px;\"><b>Toulon<\/b><br \/><a href=\"https:\/\/www.winamax.fr\/paris-sportifs\/match\/51966483?banid=33423\" class=\"su-button su-button-style-flat su-button-wide\" style=\"color:#fff;background-color:#000;border-color:#000000;border-radius:5px\" target=\"_blank\" rel=\"noopener noreferrer nofollow\"> 4.40<\/a><\/td>\n<\/tr>\n<p style=\"text-align: justify;\">Tentez votre chance en profitant de votre <a href=\"https:\/\/www.winamax.fr\/registration\/landing\/affiliation_Bonus100?banid=33423\" rel=\"nofollow noopener\" target=\"_blank\">1er d\u00e9p\u00f4t doubl\u00e9 jusqu\u2019\u00e0 100 \u20ac<\/a> direct en paris gratuits sur Winamax !<\/p>\n<p>\u00a0<\/p>\n","protected":false},"excerpt":{"rendered":"\u00c0 quelle heure et sur quelle cha\u00eene TV suivre le match de Top 14 entre Bayonne et Toulon&hellip;\n","protected":false},"author":2,"featured_media":162287,"comment_status":"","ping_status":"","sticky":false,"template":"","format":"standard","meta":{"footnotes":""},"categories":[9619],"tags":[1111,11,4736,2113,1777,674,1011,27,12,882,8177,25,478,2310],"class_list":{"0":"post-162286","1":"post","2":"type-post","3":"status-publish","4":"format-standard","5":"has-post-thumbnail","7":"category-toulon","8":"tag-actu","9":"tag-actualites","10":"tag-aviron-bayonnais","11":"tag-breve","12":"tag-eu","13":"tag-europe","14":"tag-fr","15":"tag-france","16":"tag-news","17":"tag-provence-alpes-cote-dazur","18":"tag-rc-toulon","19":"tag-republique-francaise","20":"tag-top-14","21":"tag-toulon"},"share_on_mastodon":{"url":"https:\/\/pubeurope.com\/@fr\/114651153519597103","error":""},"_links":{"self":[{"href":"https:\/\/www.europesays.com\/fr\/wp-json\/wp\/v2\/posts\/162286","targetHints":{"allow":["GET"]}}],"collection":[{"href":"https:\/\/www.europesays.com\/fr\/wp-json\/wp\/v2\/posts"}],"about":[{"href":"https:\/\/www.europesays.com\/fr\/wp-json\/wp\/v2\/types\/post"}],"author":[{"embeddable":true,"href":"https:\/\/www.europesays.com\/fr\/wp-json\/wp\/v2\/users\/2"}],"replies":[{"embeddable":true,"href":"https:\/\/www.europesays.com\/fr\/wp-json\/wp\/v2\/comments?post=162286"}],"version-history":[{"count":0,"href":"https:\/\/www.europesays.com\/fr\/wp-json\/wp\/v2\/posts\/162286\/revisions"}],"wp:featuredmedia":[{"embeddable":true,"href":"https:\/\/www.europesays.com\/fr\/wp-json\/wp\/v2\/media\/162287"}],"wp:attachment":[{"href":"https:\/\/www.europesays.com\/fr\/wp-json\/wp\/v2\/media?parent=162286"}],"wp:term":[{"taxonomy":"category","embeddable":true,"href":"https:\/\/www.europesays.com\/fr\/wp-json\/wp\/v2\/categories?post=162286"},{"taxonomy":"post_tag","embeddable":true,"href":"https:\/\/www.europesays.com\/fr\/wp-json\/wp\/v2\/tags?post=162286"}],"curies":[{"name":"wp","href":"https:\/\/api.w.org\/{rel}","templated":true}]}}