{"id":162310,"date":"2025-06-09T03:15:17","date_gmt":"2025-06-09T03:15:17","guid":{"rendered":"https:\/\/www.europesays.com\/fr\/162310\/"},"modified":"2025-06-09T03:15:17","modified_gmt":"2025-06-09T03:15:17","slug":"50-evenements-en-un-mois-marche-des-fiertes-la-pride-fait-son-grand-retour-a-marseille","status":"publish","type":"post","link":"https:\/\/www.europesays.com\/fr\/162310\/","title":{"rendered":"50 \u00e9v\u00e8nements en un mois, marche des fiert\u00e9s\u2026 la Pride fait son grand retour \u00e0 Marseille"},"content":{"rendered":"<p>Celle-ci parcourra la ville avec <strong>le d\u00e9fil\u00e9 d\u2019une dizaine de chars<\/strong>, en partant du parc Longchamp \u00e0 16\u00a0heures pour arriver \u00e0 l\u2019h\u00f4tel de ville \u00e0 18h30. Elle sera suivie d\u2019<strong>un ap\u00e9ro festif au centre LGBTQIA +<\/strong>, et du concert de l\u2019\u00e9t\u00e9 marseillais jusqu\u2019\u00e0 23\u00a0heures et termin\u00e9 en beaut\u00e9 avec <strong>la soir\u00e9e officielle de la Pride \u00e0 l\u2019Espace Julien<\/strong> jusqu\u2019\u00e0 4\u00a0heures du matin.<\/p>\n<p>\u00ab\u00a0Briser la vague\u00a0\u00bb<\/p>\n<p>Les b\u00e9n\u00e9voles de la Pride Marseille le clament\u00a0: \u00ab\u00a0La Pride, la n\u00f4tre, est une manifestation politique, apartisane et revendicative\u00a0\u00bb. C\u2019est le mot d\u2019ordre de la manifestation, continuer <strong>la lutte contre les discriminations, la haine et les violences envers la communaut\u00e9 LGBTQIA +<\/strong>. \u00c0 une \u00e9poque o\u00f9 l\u2019hostilit\u00e9 envers les personnes LGBT + reste \u00e9lev\u00e9e, le centre appelle \u00e0 \u00ab\u00a0rester soud\u00e9, uni et fort\u00a0\u00bb.<\/p>\n<p>De nouveaux locaux pour la communaut\u00e9 LGBTQIA +\u00a0marseillaise<strong\/><\/p>\n<p>Dans <strong>les locaux du Centre LGBTQIA +\u00a0de la rue du chevalier Roze \u00e0 Marseille<\/strong>, inaugur\u00e9s un an et demi auparavant, la Pride se pr\u00e9pare. Nombre de festivit\u00e9s du mois des fiert\u00e9s se d\u00e9rouleront au sein de ce nouveau centre comme notamment les ateliers Fanzines ou la conviviale trans. Ce lieu est symbolique car il repr\u00e9sente pour les b\u00e9n\u00e9voles et les organisateurs une r\u00e9elle mise en avant de leurs actions pour la communaut\u00e9 LGBTQIA +\u00a0de Marseille. \u00ab\u00a0Cr\u00e9er un point de ressource\u00a0\u00bb est le mot d\u2019ordre, au sein de trois espaces d\u00e9di\u00e9s\u00a0: <strong>une biblioth\u00e8que, un espace festif et un espace sant\u00e9 et soins<\/strong>.<\/p>\n<p>L\u2019espace festif mettait \u00e0 l\u2019honneur ce vendredi 6\u00a0juin, le travail photographique et artistique de Nina et Baltazar intitul\u00e9 \u00ab\u00a0\u00e0 nos parades\u00a0\u00bb au sein d\u2019une ambiance chaleureuse et anim\u00e9e avec buffet, danseurs, DJ set au programme. L\u2019objectif, se sentir comme \u00e0 la maison, et profiter du moment tout en r\u00e9sonance avec l\u2019univers de la Pride.<\/p>\n<p>Les financements se r\u00e9v\u00e8lent de plus en plus resserr\u00e9s<\/p>\n<p>Pour cette 32e \u00e9dition de la Pride, les b\u00e9n\u00e9voles et organisateurs ont essay\u00e9 de faire plus attention au budget d\u00fb \u00e0 <strong>une baisse des subventions qui s\u2019accentuent d\u2019ann\u00e9es en ann\u00e9es<\/strong>.<\/p>\n<p>Des partenariats avec des \u00e9tablissements moins chers sont prioris\u00e9s pour les spectacles et soir\u00e9es afin d\u2019affaiblir les co\u00fbts et\u00a0l\u2019investissement de l\u2019ensemble des b\u00e9n\u00e9voles pour la mise en place des \u00e9v\u00e9nements.<\/p>\n<p>Ce mois de juin promet cependant d\u2019\u00eatre <strong>riche et anim\u00e9 avec d\u00e8s ce samedi 7\u00a0juin un ap\u00e9ro d\u2019ouverture<\/strong> pour le mois des fiert\u00e9s et la projection d\u2019un film queer au cin\u00e9ma Path\u00e9 de la madeleine le 9\u00a0juin.<\/p>\n","protected":false},"excerpt":{"rendered":"Celle-ci parcourra la ville avec le d\u00e9fil\u00e9 d\u2019une dizaine de chars, en partant du parc Longchamp \u00e0 16\u00a0heures&hellip;\n","protected":false},"author":2,"featured_media":162311,"comment_status":"","ping_status":"","sticky":false,"template":"","format":"standard","meta":{"footnotes":""},"categories":[2814],"tags":[17,1111,11,154,1777,674,3696,1011,27,21095,2089,884,2561,12,3762,882,25,104],"class_list":{"0":"post-162310","1":"post","2":"type-post","3":"status-publish","4":"format-standard","5":"has-post-thumbnail","7":"category-marseille","8":"tag-17","9":"tag-actu","10":"tag-actualites","11":"tag-des","12":"tag-eu","13":"tag-europe","14":"tag-evenements","15":"tag-fr","16":"tag-france","17":"tag-lgbtqia","18":"tag-marche","19":"tag-marseille","20":"tag-mois","21":"tag-news","22":"tag-pres","23":"tag-provence-alpes-cote-dazur","24":"tag-republique-francaise","25":"tag-societe"},"share_on_mastodon":{"url":"https:\/\/pubeurope.com\/@fr\/114651235820744877","error":""},"_links":{"self":[{"href":"https:\/\/www.europesays.com\/fr\/wp-json\/wp\/v2\/posts\/162310","targetHints":{"allow":["GET"]}}],"collection":[{"href":"https:\/\/www.europesays.com\/fr\/wp-json\/wp\/v2\/posts"}],"about":[{"href":"https:\/\/www.europesays.com\/fr\/wp-json\/wp\/v2\/types\/post"}],"author":[{"embeddable":true,"href":"https:\/\/www.europesays.com\/fr\/wp-json\/wp\/v2\/users\/2"}],"replies":[{"embeddable":true,"href":"https:\/\/www.europesays.com\/fr\/wp-json\/wp\/v2\/comments?post=162310"}],"version-history":[{"count":0,"href":"https:\/\/www.europesays.com\/fr\/wp-json\/wp\/v2\/posts\/162310\/revisions"}],"wp:featuredmedia":[{"embeddable":true,"href":"https:\/\/www.europesays.com\/fr\/wp-json\/wp\/v2\/media\/162311"}],"wp:attachment":[{"href":"https:\/\/www.europesays.com\/fr\/wp-json\/wp\/v2\/media?parent=162310"}],"wp:term":[{"taxonomy":"category","embeddable":true,"href":"https:\/\/www.europesays.com\/fr\/wp-json\/wp\/v2\/categories?post=162310"},{"taxonomy":"post_tag","embeddable":true,"href":"https:\/\/www.europesays.com\/fr\/wp-json\/wp\/v2\/tags?post=162310"}],"curies":[{"name":"wp","href":"https:\/\/api.w.org\/{rel}","templated":true}]}}