{"id":162313,"date":"2025-06-09T03:17:18","date_gmt":"2025-06-09T03:17:18","guid":{"rendered":"https:\/\/www.europesays.com\/fr\/162313\/"},"modified":"2025-06-09T03:17:18","modified_gmt":"2025-06-09T03:17:18","slug":"7h-de-musique-avec-vue-voici-quand","status":"publish","type":"post","link":"https:\/\/www.europesays.com\/fr\/162313\/","title":{"rendered":"7h de musique avec vue, voici quand"},"content":{"rendered":"<p>            Par<br \/>\n        <strong><br \/>\n            <a href=\"https:\/\/actu.fr\/auteur\/theo-zuili\" title=\"Consulter tous les articles de Th\u00e9o Zuili\" target=\"_blank\" rel=\"noopener\">Th\u00e9o Zuili<\/a><br \/>\n        <\/strong><\/p>\n<p>        Publi\u00e9 le<\/p>\n<p>            8 juin 2025 \u00e0 6h44        <\/p>\n<p>\u00ab\u00a0Entre d\u00e9couvertes artistiques et atmosph\u00e8re estivale\u00a0\u00bb, les terrasses du centre commercial de <a href=\"https:\/\/actu.fr\/tag\/confluence\" target=\"_blank\" rel=\"noopener\">Confluence<\/a>, dans le 2e arrondissement de <a href=\"https:\/\/actu.fr\/auvergne-rhone-alpes\/lyon_69123\" target=\"_blank\" rel=\"noopener\">Lyon<\/a>, se transforment en<strong> DJ-set<\/strong> et piste de danse pour 7h de musique samedi 14 juin 2025.<\/p>\n<p>    <a href=\"https:\/\/www.google.com\/maps\/embed?pb=!1m18!1m12!1m3!1d7771.049593016802!2d4.809353124988871!3d45.74016759394781!2m3!1f0!2f0!3f0!3m2!1i1024!2i768!4f13.1!3m3!1m2!1s0x47f4ebc934df13dd%3A0x5f084173195ad5ca!2s112%20Cr%20Charlemagne%2C%2069002%20Lyon!5e1!3m2!1sfr!2sfr!4v1749213001409!5m2!1sfr!2sfr\" title=\"Ouvrie le lien\" target=\"_blank\" rel=\"noopener\">Cliquez ici pour visualiser le contenu<\/a><\/p>\n<p>Entr\u00e9e gratuite et coucher de soleil<\/p>\n<p class=\" wall-content\">\u00ab\u00a0Gratuit et ouvert \u00e0 tous\u00a0\u00bb, l\u2019\u00e9v\u00e8nement donne rendez-vous <strong>de 16h \u00e0 23h<\/strong> au niveau 2 du centre commercial Westfield de Confluence, dont les terrasses proposent une vue sur la Sa\u00f4ne et le quartier. Celles-ci se transforment en \u00ab\u00a0piste de danse g\u00e9ante\u00a0\u00bb, promet l\u2019organisation.<\/p>\n<p class=\" wall-content\">Un \u00ab\u00a0show de danse girly, hip-hop et dance hall suivi d\u2019un moment d\u2019initiation\u00a0\u00bb est attendu d\u00e8s 14h30. Puis \u00e0 partir de 16h, <strong>quatre artistes lyonnais et parisiens<\/strong> se succ\u00e8deront derri\u00e8re les platines pour des DJ-sets house, disco, groove et tech-house.<\/p>\n<p>Le line up :<\/p>\n<p>&#8211; Evy (16h00-17h30) \u2013 House disco<br \/>&#8211; Stopnicki (17h30-19h00) \u2013 Disco, groove, house<br \/>&#8211; Dusty Nation (19h00-20h30) \u2013 Minimal, groove, house<br \/>&#8211; Palomina (20h30-23h00) \u2013 Groove, tech-house<\/p>\n<p>Vid\u00e9os : en ce moment sur Actu<\/p>\n<p class=\" wall-content\">\u00ab\u00a0Un moment festif \u00e0 vivre entre amis au coucher du soleil\u00a0\u00bb et un verre \u00e0 la main : des bars \u00e9ph\u00e9m\u00e8res seront install\u00e9s pour l\u2019occasion, et il sera \u00e9galement possible de se restaurer sur place.<\/p>\n<p class=\" wall-content\">Suivez toute l\u2019actualit\u00e9 de vos villes et m\u00e9dias favoris en vous inscrivant \u00e0 <a href=\"https:\/\/moncompte.actu.fr\" title=\"D\u00e9couvez Mon Actu\" rel=\"nofollow noopener\" data-trk=\"{&quot;cta&quot;:{&quot;action&quot;:&quot;https:\\\/\\\/moncompte.actu.fr&quot;,&quot;category&quot;:&quot;mon compte&quot;,&quot;from&quot;:&quot;article footer&quot;,&quot;name&quot;:&quot;Mon actu&quot;,&quot;type&quot;:&quot;cta&quot;}}\" target=\"_blank\">Mon Actu<\/a>.<\/p>\n","protected":false},"excerpt":{"rendered":"Par Th\u00e9o Zuili Publi\u00e9 le 8 juin 2025 \u00e0 6h44 \u00ab\u00a0Entre d\u00e9couvertes artistiques et atmosph\u00e8re estivale\u00a0\u00bb, les terrasses&hellip;\n","protected":false},"author":2,"featured_media":162314,"comment_status":"","ping_status":"","sticky":false,"template":"","format":"standard","meta":{"footnotes":""},"categories":[1889],"tags":[1111,11,2430,3157,1777,674,1011,27,1652,2428,873,12,25],"class_list":{"0":"post-162313","1":"post","2":"type-post","3":"status-publish","4":"format-standard","5":"has-post-thumbnail","7":"category-lyon","8":"tag-actu","9":"tag-actualites","10":"tag-auvergne-rhone-alpes","11":"tag-confluence","12":"tag-eu","13":"tag-europe","14":"tag-fr","15":"tag-france","16":"tag-loisirs-culture","17":"tag-lyon","18":"tag-musique","19":"tag-news","20":"tag-republique-francaise"},"share_on_mastodon":{"url":"https:\/\/pubeurope.com\/@fr\/114651243775959584","error":""},"_links":{"self":[{"href":"https:\/\/www.europesays.com\/fr\/wp-json\/wp\/v2\/posts\/162313","targetHints":{"allow":["GET"]}}],"collection":[{"href":"https:\/\/www.europesays.com\/fr\/wp-json\/wp\/v2\/posts"}],"about":[{"href":"https:\/\/www.europesays.com\/fr\/wp-json\/wp\/v2\/types\/post"}],"author":[{"embeddable":true,"href":"https:\/\/www.europesays.com\/fr\/wp-json\/wp\/v2\/users\/2"}],"replies":[{"embeddable":true,"href":"https:\/\/www.europesays.com\/fr\/wp-json\/wp\/v2\/comments?post=162313"}],"version-history":[{"count":0,"href":"https:\/\/www.europesays.com\/fr\/wp-json\/wp\/v2\/posts\/162313\/revisions"}],"wp:featuredmedia":[{"embeddable":true,"href":"https:\/\/www.europesays.com\/fr\/wp-json\/wp\/v2\/media\/162314"}],"wp:attachment":[{"href":"https:\/\/www.europesays.com\/fr\/wp-json\/wp\/v2\/media?parent=162313"}],"wp:term":[{"taxonomy":"category","embeddable":true,"href":"https:\/\/www.europesays.com\/fr\/wp-json\/wp\/v2\/categories?post=162313"},{"taxonomy":"post_tag","embeddable":true,"href":"https:\/\/www.europesays.com\/fr\/wp-json\/wp\/v2\/tags?post=162313"}],"curies":[{"name":"wp","href":"https:\/\/api.w.org\/{rel}","templated":true}]}}