{"id":162315,"date":"2025-06-09T03:18:12","date_gmt":"2025-06-09T03:18:12","guid":{"rendered":"https:\/\/www.europesays.com\/fr\/162315\/"},"modified":"2025-06-09T03:18:12","modified_gmt":"2025-06-09T03:18:12","slug":"reunion-de-crise-apres-les-polemiques-recentes","status":"publish","type":"post","link":"https:\/\/www.europesays.com\/fr\/162315\/","title":{"rendered":"r\u00e9union de crise apr\u00e8s les pol\u00e9miques r\u00e9centes"},"content":{"rendered":"<p>                            <img loading=\"lazy\" width=\"598\" height=\"374\" class=\"attachment-article size-article wp-post-image lazyload\" alt=\"Isabelle von Bueltzingsloewen, prsidente de l'Universit\u00e9 Lyon 2\" decoding=\"async\" src=\"https:\/\/www.europesays.com\/fr\/wp-content\/uploads\/2025\/06\/Isabelle-von-Bueltzingsloewen_Photo-officielle-Universite-Lumiere-Lyon-2_BD-e1745235195444.jpg\" data-eio-rwidth=\"598\" data-eio-rheight=\"374\"\/><\/p>\n<p>Isabelle von Bueltzingsloewen, prsidente de l\u2019Universit\u00e9 Lyon 2<\/p>\n<p class=\"content\" style=\"font-size:1.2em;font-weight:700\">Face aux tensions et aux attaques m\u00e9diatiques, la pr\u00e9sidente Isabelle von Bueltzingsloewen a tent\u00e9 de clarifier la position de l\u2019universit\u00e9.<\/p>\n<p>Ce jeudi, l\u2019amphith\u00e9\u00e2tre Jaboulay de l\u2019Universit\u00e9 Lyon 2, sur les quais du Rh\u00f4ne, a accueilli une r\u00e9union de crise tr\u00e8s attendue. La session, retransmise en parall\u00e8le sur le campus de Bron pour permettre \u00e0 un maximum d\u2019enseignants et de personnels d\u2019y assister, visait \u00e0 faire le point sur la situation de l\u2019\u00e9tablissement, en pleine tourmente m\u00e9diatique.<\/p>\n<p>La pr\u00e9sidente Isabelle von Bueltzingsloewen est revenue sur les \u00e9pisodes marquants des derni\u00e8res semaines : suspension annonc\u00e9e des subventions r\u00e9gionales, intervention controvers\u00e9e du ma\u00eetre de conf\u00e9rences <a href=\"https:\/\/www.lyoncapitale.fr\/actualite\/affaire-balanche-victime-de-harcelement-le-bras-droit-de-la-presidente-de-lyon-demissionne\" target=\"_blank\" rel=\"noreferrer noopener\">Fabrice Balanche<\/a>, accusations d\u2019\u00a0\u00bbislamogauchisme\u00a0\u00bb et d\u00e9mission contrainte de son vice-pr\u00e9sident Willy Beauvallet-Haddad, r\u00e9v\u00e8le <a href=\"https:\/\/www.mediacites.fr\/reportage\/lyon\/2025\/06\/05\/universite-lyon-2-laffaire-balanche-une-espece-de-tornade-qui-nous-a-tous-emportes\/\" target=\"_blank\" rel=\"noreferrer noopener nofollow\">M\u00e9diacit\u00e9s<\/a>. Concernant la suspension des financements par la R\u00e9gion, la pr\u00e9sidente a parl\u00e9 d\u2019un \u00ab\u00a0effet d\u2019annonce\u00a0\u00bb, aucune d\u00e9cision formelle n\u2019ayant \u00e9t\u00e9 communiqu\u00e9e pour l\u2019instant.<\/p>\n<p>Pressions politiques et tensions internes<\/p>\n<p>Interpell\u00e9e par plusieurs enseignants qui souhaiteraient engager des poursuites en diffamation contre Fabrice Balanche, la pr\u00e9sidente a refus\u00e9 cette option, tout en lui reprochant de \u00ab\u00a0mettre de l\u2019huile sur le feu\u00a0\u00bb. Elle a par ailleurs reconnu avoir agi sous la pression du minist\u00e8re, tr\u00e8s attentif au contexte post-affaire Samuel Paty, ce qui avait pes\u00e9 sur sa d\u00e9cision de soutenir le ma\u00eetre de conf\u00e9rences apr\u00e8s les incidents du 1er avril.<\/p>\n<p>Le climat reste tendu au sein de l\u2019universit\u00e9, d\u2019autant que France 2 pr\u00e9pare un num\u00e9ro de Compl\u00e9ment d\u2019Enqu\u00eate sur le sujet. Isabelle von Bueltzingsloewen a confirm\u00e9 avoir accord\u00e9 un entretien \u00e0 l\u2019\u00e9mission, dont la diffusion est pr\u00e9vue \u00e0 l\u2019automne. Le dossier est donc loin d\u2019\u00eatre referm\u00e9.<\/p>\n<p>Lire aussi : <a href=\"https:\/\/www.lyoncapitale.fr\/actualite\/laurent-wauquiez-supprime-toutes-les-aides-de-la-region-a-l-universite-lyon-2\" target=\"_blank\" rel=\"noreferrer noopener\">Laurent Wauquiez supprime \u00ab\u00a0toutes les aides de la R\u00e9gion\u00a0\u00bb \u00e0 l&rsquo;universit\u00e9 Lyon 2<\/a><\/p>\n","protected":false},"excerpt":{"rendered":"Isabelle von Bueltzingsloewen, prsidente de l\u2019Universit\u00e9 Lyon 2 Face aux tensions et aux attaques m\u00e9diatiques, la pr\u00e9sidente Isabelle&hellip;\n","protected":false},"author":2,"featured_media":162316,"comment_status":"","ping_status":"","sticky":false,"template":"","format":"standard","meta":{"footnotes":""},"categories":[1889],"tags":[1111,11,2430,4854,1777,674,1011,27,2428,12,25,29496],"class_list":{"0":"post-162315","1":"post","2":"type-post","3":"status-publish","4":"format-standard","5":"has-post-thumbnail","7":"category-lyon","8":"tag-actu","9":"tag-actualites","10":"tag-auvergne-rhone-alpes","11":"tag-enseignement-superieur","12":"tag-eu","13":"tag-europe","14":"tag-fr","15":"tag-france","16":"tag-lyon","17":"tag-news","18":"tag-republique-francaise","19":"tag-universite-lyon-2"},"share_on_mastodon":{"url":"https:\/\/pubeurope.com\/@fr\/114651247612225752","error":""},"_links":{"self":[{"href":"https:\/\/www.europesays.com\/fr\/wp-json\/wp\/v2\/posts\/162315","targetHints":{"allow":["GET"]}}],"collection":[{"href":"https:\/\/www.europesays.com\/fr\/wp-json\/wp\/v2\/posts"}],"about":[{"href":"https:\/\/www.europesays.com\/fr\/wp-json\/wp\/v2\/types\/post"}],"author":[{"embeddable":true,"href":"https:\/\/www.europesays.com\/fr\/wp-json\/wp\/v2\/users\/2"}],"replies":[{"embeddable":true,"href":"https:\/\/www.europesays.com\/fr\/wp-json\/wp\/v2\/comments?post=162315"}],"version-history":[{"count":0,"href":"https:\/\/www.europesays.com\/fr\/wp-json\/wp\/v2\/posts\/162315\/revisions"}],"wp:featuredmedia":[{"embeddable":true,"href":"https:\/\/www.europesays.com\/fr\/wp-json\/wp\/v2\/media\/162316"}],"wp:attachment":[{"href":"https:\/\/www.europesays.com\/fr\/wp-json\/wp\/v2\/media?parent=162315"}],"wp:term":[{"taxonomy":"category","embeddable":true,"href":"https:\/\/www.europesays.com\/fr\/wp-json\/wp\/v2\/categories?post=162315"},{"taxonomy":"post_tag","embeddable":true,"href":"https:\/\/www.europesays.com\/fr\/wp-json\/wp\/v2\/tags?post=162315"}],"curies":[{"name":"wp","href":"https:\/\/api.w.org\/{rel}","templated":true}]}}