{"id":162319,"date":"2025-06-09T03:22:53","date_gmt":"2025-06-09T03:22:53","guid":{"rendered":"https:\/\/www.europesays.com\/fr\/162319\/"},"modified":"2025-06-09T03:22:53","modified_gmt":"2025-06-09T03:22:53","slug":"paris-toilettes-salles-de-repos-pour-livreurs-quotas-airbnb-comment-la-ville-peut-agir-face-a-luberisation","status":"publish","type":"post","link":"https:\/\/www.europesays.com\/fr\/162319\/","title":{"rendered":"Paris\u00a0: toilettes, salles de repos pour livreurs, quotas Airbnb\u2026 Comment la Ville peut agir face \u00e0 l\u2019ub\u00e9risation"},"content":{"rendered":"<p class=\"paragraph text_align_left\">Des chaises, un canap\u00e9, un ordinateur, des toilettes et, surtout, des prises \u00e9lectriques. Derri\u00e8re ce mobilier et ces installations simples, un grand espoir pour des centaines de livreurs \u00e0 deux-roues de la capitale. \u00ab L\u2019application des plates-formes de livraison, avec le GPS int\u00e9gr\u00e9, consomme tellement de batterie qu\u2019on a toujours besoin de recharger \u00bb, souffle Bilal, l\u2019un d\u2019eux.<\/p>\n<p class=\"paragraph text_align_left\">Tous ces \u00e9quipements, une vingtaine de livreurs par jour viennent en profiter rue Saint-Denis, \u00e0 Paris (IIe), \u00e0 la maison des coursiers mise en place par la Ville. <a href=\"https:\/\/www.leparisien.fr\/paris-75\/ici-cest-chez-moi-lieu-de-repos-aide-sociale-a-paris-la-maison-des-coursiers-seduit-les-livreurs-et-pourrait-essaimer-01-07-2022-SZ6GFNSI5RETTAABNHDR3TJ44U.php\" target=\"_blank\" rel=\"noreferrer nofollow noopener\">Un dispositif n\u00e9 et implant\u00e9 dans un premier temps dans le XVIIIe<\/a>, qui a d\u00e9j\u00e0 pu accueillir plus de 1 200 livreurs depuis son ouverture, pour les aider dans leur proc\u00e9dure de r\u00e9gularisation ou recevoir des soins. Et pourrait \u00eatre amen\u00e9 \u00e0 se multiplier.<\/p>\n","protected":false},"excerpt":{"rendered":"Des chaises, un canap\u00e9, un ordinateur, des toilettes et, surtout, des prises \u00e9lectriques. Derri\u00e8re ce mobilier et ces&hellip;\n","protected":false},"author":2,"featured_media":162320,"comment_status":"","ping_status":"","sticky":false,"template":"","format":"standard","meta":{"footnotes":""},"categories":[1888],"tags":[1111,1928,11,1927,1777,674,1011,27,1944,12,1926,626,1925,25],"class_list":{"0":"post-162319","1":"post","2":"type-post","3":"status-publish","4":"format-standard","5":"has-post-thumbnail","7":"category-paris","8":"tag-actu","9":"tag-actu-paris","10":"tag-actualites","11":"tag-actualites-paris","12":"tag-eu","13":"tag-europe","14":"tag-fr","15":"tag-france","16":"tag-ma-ville","17":"tag-news","18":"tag-news-paris","19":"tag-paris","20":"tag-paris-news","21":"tag-republique-francaise"},"share_on_mastodon":{"url":"https:\/\/pubeurope.com\/@fr\/114651267335646919","error":""},"_links":{"self":[{"href":"https:\/\/www.europesays.com\/fr\/wp-json\/wp\/v2\/posts\/162319","targetHints":{"allow":["GET"]}}],"collection":[{"href":"https:\/\/www.europesays.com\/fr\/wp-json\/wp\/v2\/posts"}],"about":[{"href":"https:\/\/www.europesays.com\/fr\/wp-json\/wp\/v2\/types\/post"}],"author":[{"embeddable":true,"href":"https:\/\/www.europesays.com\/fr\/wp-json\/wp\/v2\/users\/2"}],"replies":[{"embeddable":true,"href":"https:\/\/www.europesays.com\/fr\/wp-json\/wp\/v2\/comments?post=162319"}],"version-history":[{"count":0,"href":"https:\/\/www.europesays.com\/fr\/wp-json\/wp\/v2\/posts\/162319\/revisions"}],"wp:featuredmedia":[{"embeddable":true,"href":"https:\/\/www.europesays.com\/fr\/wp-json\/wp\/v2\/media\/162320"}],"wp:attachment":[{"href":"https:\/\/www.europesays.com\/fr\/wp-json\/wp\/v2\/media?parent=162319"}],"wp:term":[{"taxonomy":"category","embeddable":true,"href":"https:\/\/www.europesays.com\/fr\/wp-json\/wp\/v2\/categories?post=162319"},{"taxonomy":"post_tag","embeddable":true,"href":"https:\/\/www.europesays.com\/fr\/wp-json\/wp\/v2\/tags?post=162319"}],"curies":[{"name":"wp","href":"https:\/\/api.w.org\/{rel}","templated":true}]}}