{"id":162325,"date":"2025-06-09T03:25:09","date_gmt":"2025-06-09T03:25:09","guid":{"rendered":"https:\/\/www.europesays.com\/fr\/162325\/"},"modified":"2025-06-09T03:25:09","modified_gmt":"2025-06-09T03:25:09","slug":"comment-la-russie-faconne-sa-jeunesse-a-travers-sa-litterature-z","status":"publish","type":"post","link":"https:\/\/www.europesays.com\/fr\/162325\/","title":{"rendered":"Comment la Russie fa\u00e7onne sa jeunesse \u00e0 travers sa litt\u00e9rature Z"},"content":{"rendered":"\n<p>Des h\u00e9ros virils, des ennemis d\u00e9shumanis\u00e9s, des sc\u00e8nes de violence. En Russie, \u201cun nouveau courant culturel est apparu et s\u2019est d\u00e9j\u00e0 enracin\u00e9\u201d, <a href=\"https:\/\/www.currenttime.tv\/a\/rossii-knizhnye-magaziny-z-proza\/33018967.html\" target=\"_blank\" rel=\"noopener\">observe la cha\u00eene ind\u00e9pendante russe <strong>Current Time<\/strong><\/a><strong>.<\/strong> Il s\u2019agit de la \u201clitt\u00e9rature\u00a0Z\u201d, en r\u00e9f\u00e9rence au <a href=\"https:\/\/www.courrierinternational.com\/revue-de-presse\/guerre-en-ukraine-la-lettre-z-symbole-du-nouveau-totalitarisme-russe\" target=\"_blank\" rel=\"noopener\">symbole de soutien \u00e0 l\u2019offensive militaire russe<\/a>, ce genre litt\u00e9raire, sign\u00e9 pour la plupart par \u201cdes auteurs ayant combattu en Ukraine, trouvant l\u00e0 leur inspiration pour se lancer dans l\u2019\u00e9criture\u201d.<\/p>\n<p>Ces ouvrages, poursuit la cha\u00eene bas\u00e9e \u00e0 Prague, empreints d\u2019\u201cagressivit\u00e9, [d\u2019]humour brutal et [de] haine envers des Ukrainiens\u201d, sont largement mis en avant dans les librairies et leurs auteurs sont r\u00e9guli\u00e8rement\u00a0invit\u00e9s dans les \u00e9tablissements scolaires.<\/p>\n<p>Ces fictions n\u2019\u00e9manent pas n\u00e9anmoins de l\u2019\u201cappareil de propagande officiel du r\u00e9gime\u201d, <a class=\"ithalc\" data-ithal=\"lien_externe\" data-ithalc=\"[nav_article]\" target=\"_blank\" href=\"https:\/\/www.theguardian.com\/books\/2025\/jun\/03\/z-literature-fantasy-fiction-russian-teens-ukraine-war\" rel=\"noopener\">rappelle <strong>The\u00a0Guardian<\/strong><\/a><strong>.<\/strong> Selon le professeur en communication \u00e0 l\u2019universit\u00e9 Queen Mary de Londres, Nicholas O\u2019Shaughnessy, il s\u2019agit plut\u00f4t d\u2019\u201cun ensemble de projets individuels\u201d qui proposent \u201cune vision binaire d\u2019un monde fait d\u2019\u00e9trangers hostiles et de Russes merveilleux, du moins pour ceux qui ont fait leurs classes\u201d.<\/p>\n<p>Bien que la demande de ce type d\u2019ouvrages reste marginale, comme l\u2019admet Alexandre Brytchkin, directeur du plus grand r\u00e9seau de librairies<\/p>\n","protected":false},"excerpt":{"rendered":"Des h\u00e9ros virils, des ennemis d\u00e9shumanis\u00e9s, des sc\u00e8nes de violence. En Russie, \u201cun nouveau courant culturel est apparu&hellip;\n","protected":false},"author":2,"featured_media":162326,"comment_status":"","ping_status":"","sticky":false,"template":"","format":"standard","meta":{"footnotes":""},"categories":[1591],"tags":[11,674,1887,131,2624,1380,12,1885,1886,132,1857],"class_list":{"0":"post-162325","1":"post","2":"type-post","3":"status-publish","4":"format-standard","5":"has-post-thumbnail","7":"category-russie","8":"tag-actualites","9":"tag-europe","10":"tag-federation-de-russie","11":"tag-guerre-en-ukraine","12":"tag-littu00e9rature","13":"tag-livres","14":"tag-news","15":"tag-russia","16":"tag-russian-federation","17":"tag-russie","18":"tag-sociu00e9tu00e9"},"share_on_mastodon":{"url":"https:\/\/pubeurope.com\/@fr\/114651275139212749","error":""},"_links":{"self":[{"href":"https:\/\/www.europesays.com\/fr\/wp-json\/wp\/v2\/posts\/162325","targetHints":{"allow":["GET"]}}],"collection":[{"href":"https:\/\/www.europesays.com\/fr\/wp-json\/wp\/v2\/posts"}],"about":[{"href":"https:\/\/www.europesays.com\/fr\/wp-json\/wp\/v2\/types\/post"}],"author":[{"embeddable":true,"href":"https:\/\/www.europesays.com\/fr\/wp-json\/wp\/v2\/users\/2"}],"replies":[{"embeddable":true,"href":"https:\/\/www.europesays.com\/fr\/wp-json\/wp\/v2\/comments?post=162325"}],"version-history":[{"count":0,"href":"https:\/\/www.europesays.com\/fr\/wp-json\/wp\/v2\/posts\/162325\/revisions"}],"wp:featuredmedia":[{"embeddable":true,"href":"https:\/\/www.europesays.com\/fr\/wp-json\/wp\/v2\/media\/162326"}],"wp:attachment":[{"href":"https:\/\/www.europesays.com\/fr\/wp-json\/wp\/v2\/media?parent=162325"}],"wp:term":[{"taxonomy":"category","embeddable":true,"href":"https:\/\/www.europesays.com\/fr\/wp-json\/wp\/v2\/categories?post=162325"},{"taxonomy":"post_tag","embeddable":true,"href":"https:\/\/www.europesays.com\/fr\/wp-json\/wp\/v2\/tags?post=162325"}],"curies":[{"name":"wp","href":"https:\/\/api.w.org\/{rel}","templated":true}]}}