{"id":162327,"date":"2025-06-09T03:26:22","date_gmt":"2025-06-09T03:26:22","guid":{"rendered":"https:\/\/www.europesays.com\/fr\/162327\/"},"modified":"2025-06-09T03:26:22","modified_gmt":"2025-06-09T03:26:22","slug":"renault-bientot-fabricant-de-drone-en-ukraine-journal-de-20-heures","status":"publish","type":"post","link":"https:\/\/www.europesays.com\/fr\/162327\/","title":{"rendered":"Renault : bient\u00f4t fabricant de drone en Ukraine ? &#8211; Journal de 20 heures"},"content":{"rendered":"<p id=\"descriptionPanel\" aria-labelledby=\"descriptionArrow\" aria-expanded=\"false\" class=\"mr-2 line-clamp-2 pr-2.5 text-secondary overflow-visible\">Le ministre des Arm\u00e9es a annonc\u00e9 qu&rsquo;une grande entreprise produisant des voitures fran\u00e7aises allait se lancer dans la production de drones en Ukraine. Le groupe Renault a \u00e9t\u00e9 contact\u00e9 et r\u00e9pond que des \u00e9changes ont eu lieu, mais qu&rsquo;aucune d\u00e9cision n&rsquo;est prise \u00e0 ce stade. Selon S\u00e9bastien Lecornu, la France aurait beaucoup \u00e0 gagner avec un tel partenariat. L&rsquo;Ukraine a pr\u00e9vu d&rsquo;utiliser plus de 4 millions de drones en 2025, c&rsquo;est trois fois plus que l&rsquo;an dernier. Sur le front, ils jouent un r\u00f4le strat\u00e9gique.<\/p>\n<p>TF1 | Reportage R. SYGULA, D. SITBON<\/p>\n<p><a class=\"shrink-0\" href=\"https:\/\/www.tf1.fr\/tf1\/jt-20h\" target=\"_blank\" rel=\"noopener\"><img decoding=\"async\" src=\"https:\/\/www.europesays.com\/fr\/wp-content\/uploads\/2025\/04\/program-card-portrait-1-jt20h-btcb-f6f521-4e55c9-0@1x.jpg\" width=\"138\" height=\"184\" alt=\"\" loading=\"eager\" fetchpriority=\"auto\" class=\"aspect-[3\/4] h-24 w-auto rounded-3px\" aria-hidden=\"true\"\/><\/a><\/p>\n","protected":false},"excerpt":{"rendered":"Le ministre des Arm\u00e9es a annonc\u00e9 qu&rsquo;une grande entreprise produisant des voitures fran\u00e7aises allait se lancer dans la&hellip;\n","protected":false},"author":2,"featured_media":162328,"comment_status":"","ping_status":"","sticky":false,"template":"","format":"standard","meta":{"footnotes":""},"categories":[1590],"tags":[11,1777,674,3483,3697,3699,3698,12,3701,220,3702,3700],"class_list":{"0":"post-162327","1":"post","2":"type-post","3":"status-publish","4":"format-standard","5":"has-post-thumbnail","7":"category-ukraine","8":"tag-actualites","9":"tag-eu","10":"tag-europe","11":"tag-extrait","12":"tag-extrait-journal-de-20-heures","13":"tag-journal-de-20-heures","14":"tag-journal-de-20-heures-extrait","15":"tag-news","16":"tag-streaming-journal-de-20-heures","17":"tag-ukraine","18":"tag-video-en-streaming-journal-de-20-heures","19":"tag-video-journal-de-20-heures"},"share_on_mastodon":{"url":"https:\/\/pubeurope.com\/@fr\/114651279070185203","error":""},"_links":{"self":[{"href":"https:\/\/www.europesays.com\/fr\/wp-json\/wp\/v2\/posts\/162327","targetHints":{"allow":["GET"]}}],"collection":[{"href":"https:\/\/www.europesays.com\/fr\/wp-json\/wp\/v2\/posts"}],"about":[{"href":"https:\/\/www.europesays.com\/fr\/wp-json\/wp\/v2\/types\/post"}],"author":[{"embeddable":true,"href":"https:\/\/www.europesays.com\/fr\/wp-json\/wp\/v2\/users\/2"}],"replies":[{"embeddable":true,"href":"https:\/\/www.europesays.com\/fr\/wp-json\/wp\/v2\/comments?post=162327"}],"version-history":[{"count":0,"href":"https:\/\/www.europesays.com\/fr\/wp-json\/wp\/v2\/posts\/162327\/revisions"}],"wp:featuredmedia":[{"embeddable":true,"href":"https:\/\/www.europesays.com\/fr\/wp-json\/wp\/v2\/media\/162328"}],"wp:attachment":[{"href":"https:\/\/www.europesays.com\/fr\/wp-json\/wp\/v2\/media?parent=162327"}],"wp:term":[{"taxonomy":"category","embeddable":true,"href":"https:\/\/www.europesays.com\/fr\/wp-json\/wp\/v2\/categories?post=162327"},{"taxonomy":"post_tag","embeddable":true,"href":"https:\/\/www.europesays.com\/fr\/wp-json\/wp\/v2\/tags?post=162327"}],"curies":[{"name":"wp","href":"https:\/\/api.w.org\/{rel}","templated":true}]}}