{"id":162335,"date":"2025-06-09T03:30:23","date_gmt":"2025-06-09T03:30:23","guid":{"rendered":"https:\/\/www.europesays.com\/fr\/162335\/"},"modified":"2025-06-09T03:30:23","modified_gmt":"2025-06-09T03:30:23","slug":"la-france-championne-deurope-des-investissements-etrangers","status":"publish","type":"post","link":"https:\/\/www.europesays.com\/fr\/162335\/","title":{"rendered":"La France, championne d&rsquo;Europe des investissements \u00e9trangers"},"content":{"rendered":"<p>\n                                                Selon le barom\u00e8tre EY 2025, la France reste le pays europ\u00e9en le plus attractif pour les investisseurs \u00e9trangers. Mais derri\u00e8re ce leadership affich\u00e9 se cachent des signaux d\u2019alerte. Moins de projets, tensions sur les co\u00fbts, et attentes fortes des entreprises en mati\u00e8re de stabilit\u00e9 et de simplification. D\u00e9cryptage.\u00a0                    <\/p>\n<p>Pour bien comprendre la position fran\u00e7aise, il faut d\u2019abord \u00e9largir la focale \u00e0 l\u2019\u00e9chelle europ\u00e9enne. En 2024, l\u2019Europe a connu son plus faible niveau d\u2019investissements directs \u00e9trangers (IDE) depuis neuf ans. Une contraction nette, caus\u00e9e par la faible croissance de la zone euro, la mont\u00e9e des tensions g\u00e9opolitiques et l\u2019essor des barri\u00e8res commerciales. Pendant ce temps, les <strong><a href=\"https:\/\/www.rfi.fr\/fr\/tag\/\u00e9tats-unis\/\" target=\"_self\" class=\"gtm-add-suggested-tag\" rel=\"nofollow noopener\">\u00c9tats-Unis<\/a><\/strong> poursuivent leur ascension. Leurs IDE y ont bondi de 20 %, port\u00e9s par une croissance dynamique et une politique industrielle ambitieuse. En comparaison, les pays de l\u2019Union europ\u00e9enne apparaissent fragilis\u00e9s.\u00a0<\/p>\n<p>D\u00e9cryptage du barom\u00e8tre EY sur l&rsquo;attractivit\u00e9 de la France avec Marc Lhermitte, auteur de l&rsquo;\u00e9tude.<\/p>\n<blockquote class=\"m-em-quote\">\n<p class=\"m-em-quote__body\">D\u00e9cryptage du barom\u00e8tre EY sur l&rsquo;attractivit\u00e9 de la France avec Marc Lhermitte, auteur de l&rsquo;\u00e9tude.<\/p>\n<\/blockquote>\n<p class=\"m-audio-infos__title\">D\u00e9cryptage du barom\u00e8tre EY sur l&rsquo;attractivit\u00e9 de la France avec Marc Lhermitte, auteur de l&rsquo;\u00e9tude.<\/p>\n<p>Une France toujours en t\u00eate, mais sous pression\u00a0<\/p>\n<p>La <strong><a href=\"https:\/\/www.rfi.fr\/fr\/tag\/france\/\" target=\"_self\" class=\"gtm-add-suggested-tag\" rel=\"nofollow noopener\">France<\/a><\/strong> reste pourtant en haut du podium europ\u00e9en pour la sixi\u00e8me ann\u00e9e cons\u00e9cutive. Elle conserve ainsi son statut de pays le plus attractif du continent. Mais ce classement cache une r\u00e9alit\u00e9 plus nuanc\u00e9e. Le nombre de projets d\u2019investissements \u00e9trangers y a chut\u00e9 de 14 % en un an. R\u00e9sultat : moins de cr\u00e9ations d\u2019emplois et un essoufflement qui inqui\u00e8te. Les raisons de cette baisse sont bien identifi\u00e9es par les investisseurs : co\u00fbt du travail trop \u00e9lev\u00e9, prix de l\u2019\u00e9nergie dissuasif, complexit\u00e9 administrative, acc\u00e8s limit\u00e9 au foncier industriel, et manque de robotisation dans certaines fili\u00e8res. Autant de d\u00e9fis \u00e0 relever pour redonner de l\u2019\u00e9lan \u00e0 la dynamique \u00e9conomique.\u00a0<\/p>\n<p class=\"a-read-more\">\u00c0 lire aussi<a href=\"https:\/\/www.rfi.fr\/fr\/podcasts\/aujourd-hui-l-\u00e9conomie\/20241125-comment-expliquer-les-difficult\u00e9s-de-l-industrie-europ\u00e9enne\" target=\"_self\" class=\"a-read-more__link\" rel=\"nofollow noopener\">Comment expliquer les difficult\u00e9s de l&rsquo;industrie europ\u00e9enne?<\/a><\/p>\n<p>Des atouts solides\u2026 et des attentes tout aussi fortes\u00a0<\/p>\n<p>Face \u00e0 ces fragilit\u00e9s, la France peut heureusement compter sur de solides atouts. Elle poss\u00e8de un grand march\u00e9 int\u00e9rieur \u2013 67 millions de consommateurs \u2013, des p\u00f4les scientifiques reconnus, des universit\u00e9s de qualit\u00e9, des infrastructures performantes, une main-d\u2019\u0153uvre qualifi\u00e9e et une qualit\u00e9 de vie qui s\u00e9duit. Certains secteurs restent particuli\u00e8rement porteurs, comme l\u2019<a href=\"https:\/\/www.rfi.fr\/fr\/tag\/intelligence-artificielle\/\" target=\"_self\" rel=\"nofollow noopener\"><strong>intelligence artificielle<\/strong><\/a>, les \u00e9nergies renouvelables ou encore l\u2019agroalimentaire. \u00c0 l\u2019inverse, l\u2019industrie \u2013 notamment la chimie et l\u2019automobile \u2013 subit de plein fouet les pressions sur les co\u00fbts.\u00a0<\/p>\n<p>Les investisseurs internationaux attendent aujourd\u2019hui un r\u00e9tablissement de la confiance, une stabilit\u00e9 politique et budg\u00e9taire renforc\u00e9e, et un accompagnement plus clair des pouvoirs publics. La dissolution de l\u2019Assembl\u00e9e nationale il y a pr\u00e8s d\u2019un an a laiss\u00e9 des traces. Enfin, pour faire face \u00e0 la concurrence am\u00e9ricaine, les chefs d\u2019entreprise appellent \u00e0 une v\u00e9ritable strat\u00e9gie industrielle europ\u00e9enne. Ils demandent davantage de coordination \u00e0 l\u2019\u00e9chelle des 27, qu\u2019il s\u2019agisse de r\u00e9glementation ou de soutien financier. L\u2019objectif : \u00e9viter que l\u2019Europe ne joue en ordre dispers\u00e9, et perde du terrain face aux g\u00e9ants mondiaux.\u00a0<\/p>\n<p class=\"a-read-more\">\u00c0 lire aussi<a href=\"https:\/\/www.rfi.fr\/fr\/podcasts\/aujourd-hui-l-\u00e9conomie\/20241129-budget-2025-la-france-\u00e0-la-veille-d-une-crise-d-ampleur\" target=\"_self\" class=\"a-read-more__link\" rel=\"nofollow noopener\">Budget 2025: la France \u00e0 la veille d&rsquo;une crise d&rsquo;ampleur?<\/a><\/p>\n","protected":false},"excerpt":{"rendered":"Selon le barom\u00e8tre EY 2025, la France reste le pays europ\u00e9en le plus attractif pour les investisseurs \u00e9trangers.&hellip;\n","protected":false},"author":2,"featured_media":162336,"comment_status":"","ping_status":"","sticky":false,"template":"","format":"standard","meta":{"footnotes":""},"categories":[1586],"tags":[11,4652,2577,29497,2578,350,33,313,73,1777,674,590,1011,27,693,223,12,25,364],"class_list":{"0":"post-162335","1":"post","2":"type-post","3":"status-publish","4":"format-standard","5":"has-post-thumbnail","7":"category-europe","8":"tag-actualites","9":"tag-agriculture-et-peche","10":"tag-aujourdhui-leconomie","11":"tag-biochimie","12":"tag-commerce-et-echanges","13":"tag-concurrence","14":"tag-economie","15":"tag-entreprises","16":"tag-etats-unis","17":"tag-eu","18":"tag-europe","19":"tag-finance","20":"tag-fr","21":"tag-france","22":"tag-industrie","23":"tag-intelligence-artificielle","24":"tag-news","25":"tag-republique-francaise","26":"tag-union-europeenne"},"share_on_mastodon":{"url":"https:\/\/pubeurope.com\/@fr\/114651294918765754","error":""},"_links":{"self":[{"href":"https:\/\/www.europesays.com\/fr\/wp-json\/wp\/v2\/posts\/162335","targetHints":{"allow":["GET"]}}],"collection":[{"href":"https:\/\/www.europesays.com\/fr\/wp-json\/wp\/v2\/posts"}],"about":[{"href":"https:\/\/www.europesays.com\/fr\/wp-json\/wp\/v2\/types\/post"}],"author":[{"embeddable":true,"href":"https:\/\/www.europesays.com\/fr\/wp-json\/wp\/v2\/users\/2"}],"replies":[{"embeddable":true,"href":"https:\/\/www.europesays.com\/fr\/wp-json\/wp\/v2\/comments?post=162335"}],"version-history":[{"count":0,"href":"https:\/\/www.europesays.com\/fr\/wp-json\/wp\/v2\/posts\/162335\/revisions"}],"wp:featuredmedia":[{"embeddable":true,"href":"https:\/\/www.europesays.com\/fr\/wp-json\/wp\/v2\/media\/162336"}],"wp:attachment":[{"href":"https:\/\/www.europesays.com\/fr\/wp-json\/wp\/v2\/media?parent=162335"}],"wp:term":[{"taxonomy":"category","embeddable":true,"href":"https:\/\/www.europesays.com\/fr\/wp-json\/wp\/v2\/categories?post=162335"},{"taxonomy":"post_tag","embeddable":true,"href":"https:\/\/www.europesays.com\/fr\/wp-json\/wp\/v2\/tags?post=162335"}],"curies":[{"name":"wp","href":"https:\/\/api.w.org\/{rel}","templated":true}]}}