{"id":162337,"date":"2025-06-09T03:31:17","date_gmt":"2025-06-09T03:31:17","guid":{"rendered":"https:\/\/www.europesays.com\/fr\/162337\/"},"modified":"2025-06-09T03:31:17","modified_gmt":"2025-06-09T03:31:17","slug":"les-negociations-commerciales-ue-usa-avancent-assure-sefcovic","status":"publish","type":"post","link":"https:\/\/www.europesays.com\/fr\/162337\/","title":{"rendered":"Les n\u00e9gociations commerciales UE-USA avancent, assure Sefcovic"},"content":{"rendered":"<p>\n                                        <b>Par<\/b><br \/>\n                                        <br \/>Reuters\n                                    <\/p>\n<p>\n                                    <b>Publi\u00e9 le<\/b><br \/>\n                                    <\/p>\n<p>                                        4 juin 2025<\/p>\n<p class=\"article-content col-md-8 offset-md-1\">\n                                Les n\u00e9gociations sur les droits de douane entre l&rsquo;Union europ\u00e9enne (UE) et les Etats-Unis avancent dans la bonne direction, a d\u00e9clar\u00e9 mercredi le commissaire europ\u00e9en au Commerce, Maros Sefcovic, qui a \u00e9galement dit regretter l&rsquo;entr\u00e9e en vigueur des nouvelles surtaxes am\u00e9ricaines sur l&rsquo;acier et l&rsquo;aluminium.<\/p>\n<p><img decoding=\"async\" class=\"news-image\" style=\"width:100%;max-width:800px;\" src=\"https:\/\/www.europesays.com\/fr\/wp-content\/uploads\/2025\/06\/f198.jpg\" alt=\"\" loading=\"lazy\"\/> Reuters<\/p>\n<p>Les nouveaux droits de douane am\u00e9ricains impos\u00e9s sur la plupart des importations d&rsquo;acier et d&rsquo;aluminium sont entr\u00e9s en vigueur mercredi alors que le pr\u00e9sident am\u00e9ricain <a class=\"fnwAddLinks\" href=\"https:\/\/fr.fashionnetwork.com\/tags-donald-trump\" title=\"Donald Trump\" target=\"_blank\" rel=\"noopener\">Donald Trump<\/a> attend des partenaires commerciaux des Etats-Unis leur \u00ab\u00a0meilleure offre\u00a0\u00bb pour \u00e9viter d&rsquo;autres surtaxes \u00e0 compter de d\u00e9but juillet.<\/p>\n<p>Maros Sefcovic a d\u00e9clar\u00e9 mercredi avoir eu des discussions productives \u00e0 Paris avec le repr\u00e9sentant am\u00e9ricain au Commerce, Jamieson Greer, dans l&rsquo;espoir de r\u00e9duire ou d&rsquo;annuler en partie les droits de douane sur les importations europ\u00e9ennes.<\/p>\n<p class=\"col-md-8 offset-md-1 article-content--texte\">\u00ab\u00a0Nous avons tous les deux conclu que nous avancions dans la bonne direction\u00a0\u00bb, a-t-il d\u00e9clar\u00e9 \u00e0 des journalistes apr\u00e8s avoir rencontr\u00e9 son homologue am\u00e9ricain. Des discussions techniques sont en cours \u00e0 Washington avant des contacts de haut niveau qui vont suivre, a-t-il ajout\u00e9.<\/p>\n<p>\u00ab\u00a0Ce qui me rend optimiste, c&rsquo;est que je vois des progr\u00e8s (&#8230;) les discussions sont d\u00e9sormais tr\u00e8s concr\u00e8tes\u00a0\u00bb, a ajout\u00e9 Maros Sefcovic, soulignant qu&rsquo;il avait accept\u00e9 avec Jamieson Greer de restructurer l&rsquo;objet de leurs discussions commerciales, \u00ab\u00a0en l&rsquo;abordant sous des angles diff\u00e9rents\u00a0\u00bb.<\/p>\n<p>La partie am\u00e9ricaine ne s&rsquo;\u00e9tait pas encore exprim\u00e9e. Donald Trump a sign\u00e9 mardi soir une proclamation ex\u00e9cutive pr\u00e9voyant l&rsquo;application imm\u00e9diate des droits de douane sur la plupart des importations d&rsquo;acier et d&rsquo;aluminium, une semaine apr\u00e8s avoir fait part de son intention de doubler ces surtaxes.<\/p>\n<p>\u00ab\u00a0Nous avons commenc\u00e9 \u00e0 25% et apr\u00e8s avoir examin\u00e9 davantage les donn\u00e9es, nous avons r\u00e9alis\u00e9 que, bien que cela soit d&rsquo;une grande aide, ce ne serait pas suffisant. C&rsquo;est pourquoi les 50% commencent demain\u00a0\u00bb, a d\u00e9clar\u00e9 mardi Kevin Hassett, conseiller \u00e9conomique de la Maison blanche. Les nouveaux droits de douane sont entr\u00e9s en vigueur \u00e0 00h01 (04h01 GMT) mercredi.<\/p>\n<p>Maros Sefcovic a dit regretter profond\u00e9ment la nouvelle hausse des droits de douane am\u00e9ricains, soulignant que l&rsquo;UE avait le m\u00eame probl\u00e8me de surcapacit\u00e9 que les Etats-Unis dans le domaine de l&rsquo;acier et arguant que les deux parties devaient travailler ensemble sur ce sujet.<\/p>\n<p>Cette hausse s&rsquo;applique \u00e0 tous les partenaires commerciaux des Etats-Unis, \u00e0 l&rsquo;exception du Royaume-Uni, seul pays \u00e0 \u00eatre parvenu \u00e0 conclure un accord commercial avec Washington dans le d\u00e9lai de 90 jours accord\u00e9 le 9 avril par Donald Trump pour l&rsquo;instauration de droits de douane dits \u00ab\u00a0r\u00e9ciproques\u00a0\u00bb.<\/p>\n<p>Les Etats-Unis sont le premier pays importateur mondial d&rsquo;acier, avec un total de 26,2 millions de tonnes en 2024, selon le d\u00e9partement am\u00e9ricain du Commerce. Les nouveaux droits de douane sur l&rsquo;acier et l&rsquo;aluminium devraient affecter en particulier les deux pays voisins que sont le Canada et Mexique.<br \/>Ottawa \u00ab\u00a0est engag\u00e9 dans des n\u00e9gociations directes et intensives afin d&rsquo;obtenir le retrait de ces droits de douanes\u00a0\u00bb, a fait savoir le bureau du Premier ministre canadien, Mark Carney.<\/p>\n<p>De son c\u00f4t\u00e9, le ministre mexicain de l&rsquo;Economie Marcelo Ebrard a r\u00e9p\u00e9t\u00e9 que ces droits de douane \u00e9taient non viables et injustes, notamment car le Mexique importe davantage d&rsquo;acier des Etats-Unis qu&rsquo;il n&rsquo;en importe.<\/p>\n<p class=\"col-md-10 exergue\">\u00ab\u00a0La meilleure offre\u00a0\u00bb<\/p>\n<p>La Maison blanche a aussi fix\u00e9 \u00e0 mercredi la date butoir pour que les partenaires commerciaux des Etats-Unis soumettent leurs derni\u00e8res offres afin d&rsquo;\u00e9viter de tomber sous le coup des droits de douane \u00ab\u00a0r\u00e9ciproques\u00a0\u00bb de Donald Trump, qui doivent entrer en vigueur dans cinq semaines.<\/p>\n<p>L&rsquo;administration am\u00e9ricaine a engag\u00e9 des discussions avec de nombreux pays depuis la suspension des droits de douane dits r\u00e9ciproques.<\/p>\n<p>Selon des documents consult\u00e9s par Reuters, le pr\u00e9sident Donald Trump attend de ses partenaires commerciaux qu&rsquo;ils fassent leur \u00ab\u00a0meilleure offre\u00a0\u00bb pour acc\u00e9l\u00e9rer les n\u00e9gociations bilat\u00e9rales avant l&rsquo;expiration de la tr\u00eave commerciale.<br \/>Dans l&rsquo;attente d&rsquo;un potentiel r\u00e8glement, la plupart des autres biens export\u00e9s font l&rsquo;objet d&rsquo;une taxe de 10%.<\/p>\n<p>L&rsquo;Union europ\u00e9enne (UE), menac\u00e9e de droits de douane r\u00e9ciproques \u00e0 hauteur de 20%, n&rsquo;a pas exclu des mesures de repr\u00e9sailles mais dit privil\u00e9gier une solution n\u00e9goci\u00e9e.<\/p>\n<p>La Chine et les Etats-Unis ont accept\u00e9 pour leur part le 12 mai dernier de baisser temporairement leurs droits de douane r\u00e9ciproques pendant une p\u00e9riode de 90 jours afin de n\u00e9gocier.<\/p>\n<p>Mais depuis, les relations commerciales entre les deux premi\u00e8res puissances \u00e9conomiques mondiales se sont de nouveau tendues. Vendredi, Donald Trump a accus\u00e9 P\u00e9kin d&rsquo;avoir \u00ab\u00a0totalement viol\u00e9\u00a0\u00bb l&rsquo;accord sur les droits de douane.<br \/>Mercredi, il a jug\u00e9 \u00ab\u00a0extr\u00eamement difficile\u00a0\u00bb de conclure un accord avec le pr\u00e9sident chinois Xi Jinping.<\/p>\n<p>\u00ab\u00a0J&rsquo;aime le pr\u00e9sident Xi de Chine, je l&rsquo;ai toujours aim\u00e9 et je l&rsquo;aimerai toujours, mais il est TR\u00c8S DUR ET C&rsquo;EST EXTR\u00caMEMENT DIFFICILE DE PASSER UN ACCORD AVEC LUI\u00a0\u00bb, a \u00e9crit le locataire de la Maison blanche sur le r\u00e9seau Truth Social.<br \/>L&rsquo;incertitude autour de la politique commerciale de l&rsquo;administration Trump provoque des perturbations pour les entreprises, notamment en Europe.<\/p>\n<p>Le groupe fran\u00e7ais de spiritueux R\u00e9my Cointreau a annonc\u00e9 mercredi le retrait de ses objectifs de croissance des ventes \u00e0 l\u2019horizon 2030, citant les droits de douane et la faiblesse des ventes aux \u00c9tats-Unis, qui pourraient compromettre ses perspectives pour cet exercice et au-del\u00e0.<\/p>\n<p>L&rsquo;entreprise autrichienne sp\u00e9cialiste de l&rsquo;acier Voestalpine a averti pour sa part que les droits de douane de 50% sur l&rsquo;acier et l&rsquo;aluminium pourraient amputer \u00e0 hauteur de 50 millions d&rsquo;euros ses b\u00e9n\u00e9fices annuels.<\/p>\n<p>(Avec Alexandra Alper \u00e0 Washington, Brendan O&rsquo;Boyle \u00e0 Mexico, Ismail Shakil \u00e0 Ottawa, Kiyoshi Takenaka et John Geddie \u00e0 Tokyo; r\u00e9dig\u00e9 par Dan Burns; version fran\u00e7aise Camille Raynaud et Zhifan Liu, \u00e9dit\u00e9 par Blandine H\u00e9nault et Kate Entringer)\n                            <\/p>\n<p>\n                                \u00a9 Thomson Reuters 2025 All rights reserved.\n                            <\/p>\n","protected":false},"excerpt":{"rendered":"Par Reuters Publi\u00e9 le 4 juin 2025 Les n\u00e9gociations sur les droits de douane entre l&rsquo;Union europ\u00e9enne (UE)&hellip;\n","protected":false},"author":2,"featured_media":162338,"comment_status":"","ping_status":"","sticky":false,"template":"","format":"standard","meta":{"footnotes":""},"categories":[1586],"tags":[11,2424,537,2423,75,1777,674,1779,1011,27,2425,985,12,2298,2426,2427,25,2421,2422,1778,364],"class_list":{"0":"post-162337","1":"post","2":"type-post","3":"status-publish","4":"format-standard","5":"has-post-thumbnail","7":"category-europe","8":"tag-actualites","9":"tag-beaute","10":"tag-contact","11":"tag-cosmetiques","12":"tag-donald-trump","13":"tag-eu","14":"tag-europe","15":"tag-european-union","16":"tag-fr","17":"tag-france","18":"tag-luxe","19":"tag-mode","20":"tag-news","21":"tag-parfum","22":"tag-professionnel","23":"tag-professionnels","24":"tag-republique-francaise","25":"tag-reseau","26":"tag-textile","27":"tag-ue","28":"tag-union-europeenne"},"share_on_mastodon":{"url":"https:\/\/pubeurope.com\/@fr\/114651298868934277","error":""},"_links":{"self":[{"href":"https:\/\/www.europesays.com\/fr\/wp-json\/wp\/v2\/posts\/162337","targetHints":{"allow":["GET"]}}],"collection":[{"href":"https:\/\/www.europesays.com\/fr\/wp-json\/wp\/v2\/posts"}],"about":[{"href":"https:\/\/www.europesays.com\/fr\/wp-json\/wp\/v2\/types\/post"}],"author":[{"embeddable":true,"href":"https:\/\/www.europesays.com\/fr\/wp-json\/wp\/v2\/users\/2"}],"replies":[{"embeddable":true,"href":"https:\/\/www.europesays.com\/fr\/wp-json\/wp\/v2\/comments?post=162337"}],"version-history":[{"count":0,"href":"https:\/\/www.europesays.com\/fr\/wp-json\/wp\/v2\/posts\/162337\/revisions"}],"wp:featuredmedia":[{"embeddable":true,"href":"https:\/\/www.europesays.com\/fr\/wp-json\/wp\/v2\/media\/162338"}],"wp:attachment":[{"href":"https:\/\/www.europesays.com\/fr\/wp-json\/wp\/v2\/media?parent=162337"}],"wp:term":[{"taxonomy":"category","embeddable":true,"href":"https:\/\/www.europesays.com\/fr\/wp-json\/wp\/v2\/categories?post=162337"},{"taxonomy":"post_tag","embeddable":true,"href":"https:\/\/www.europesays.com\/fr\/wp-json\/wp\/v2\/tags?post=162337"}],"curies":[{"name":"wp","href":"https:\/\/api.w.org\/{rel}","templated":true}]}}