{"id":162341,"date":"2025-06-09T03:33:12","date_gmt":"2025-06-09T03:33:12","guid":{"rendered":"https:\/\/www.europesays.com\/fr\/162341\/"},"modified":"2025-06-09T03:33:12","modified_gmt":"2025-06-09T03:33:12","slug":"avec-cherki-ol-la-france-soffre-lallemagne-0-1","status":"publish","type":"post","link":"https:\/\/www.europesays.com\/fr\/162341\/","title":{"rendered":"Avec Cherki (OL), la France s&rsquo;offre l&rsquo;Allemagne (0-1)"},"content":{"rendered":"<p>                            <img width=\"770\" height=\"433\" src=\"https:\/\/www.europesays.com\/fr\/wp-content\/uploads\/2025\/06\/Cherki-1-e1749393599485-770x433.jpg\" class=\"attachment-article size-article wp-post-image\" alt=\"Karim Adeyemi (Allemagne) et Rayan Cherki (France)\" decoding=\"async\" fetchpriority=\"high\"  \/><\/p>\n<p>Karim Adeyemi (Allemagne) et Rayan Cherki (France) (Photo by FRANCK FIFE \/ AFP)<\/p>\n<p>Domin\u00e9e avant la pause, plus consistante ensuite, notamment sur des contres, la France a domin\u00e9 l&rsquo;Allemagne ce dimanche (0-2). Rayan Cherki \u00e9tait titulaire. <\/p>\n<p>Nous avons vraiment assist\u00e9 \u00e0 une affiche de fin de saison. Sous le soleil, puis la pluie, de Stuttgart, Allemands et Fran\u00e7ais s&rsquo;affrontaient dans le cadre de la petite finale de la Ligue des nations. La rencontre n&rsquo;a pas manqu\u00e9 d&rsquo;engagement et de rythme, mais on a assez vite vu que les organismes arrivaient au bout de ce qu&rsquo;ils pouvaient absorber. N\u00e9anmoins, la victoire de la France n&rsquo;a pas tout de suite coul\u00e9 de source. <\/p>\n<p>Le premier acte fut largement \u00e0 l&rsquo;avantage de l&rsquo;Allemagne, qui a manqu\u00e9 de r\u00e9alisme, et est tomb\u00e9e sur un solide Mike <strong>Maignan<\/strong>, meilleur que face \u00e0 l&rsquo;Espagne <a href=\"https:\/\/www.olympique-et-lyonnais.com\/pour-sa-premiere-en-bleus-cherki-na-pas-eu-froid-aux-yeux-contre-lespagne,364531.html\" rel=\"nofollow noopener\" target=\"_blank\">(5-4)<\/a>. Si l&rsquo;enjeu sportif \u00e9tait maigre, on s&rsquo;impatientait surtout d&rsquo;apercevoir la deuxi\u00e8me s\u00e9lection de Rayan <strong>Cherki<\/strong>. Le Lyonnais \u00e9tait titulaire pour la premi\u00e8re fois avec les Bleus, et il a d&rsquo;abord surnag\u00e9. <\/p>\n<p>Cherki surnage avant la pause, plus discret ensuite<\/p>\n<p>Largement parmi les meilleurs de son \u00e9quipe durant les 45 premi\u00e8res minutes, il a allum\u00e9 la premi\u00e8re m\u00e8che d&rsquo;une frappe \u00e0 la 22e minute. Dans la foul\u00e9e, il d\u00e9livrait un bon corner. Cette fois-ci, le meneur de jeu ne s&rsquo;est pas montr\u00e9 d\u00e9cisif, apr\u00e8s son but et sa passe d\u00e9cisive face aux Espagnols, mais il a plut\u00f4t livr\u00e9 une bonne copie. <\/p>\n<p>Certes, il fut moins en vue apr\u00e8s la pause, lorsque la partie s&rsquo;est totalement d\u00e9brid\u00e9e. Dans ce registre, les joueurs de Didier <strong>Deschamps <\/strong>ont annihil\u00e9 leur adversaire avec des contres prenant tr\u00e8s souvent la d\u00e9fense \u00e0 d\u00e9faut. Avant cela, les co\u00e9quipiers de <a href=\"https:\/\/www.olympique-et-lyonnais.com\/ol-bleus-avec-cherki-les-pieds-parlent-deux-memes-pour-mbappe,364742.html\" rel=\"nofollow noopener\" target=\"_blank\">Kylian <strong>Mbapp\u00e9<\/strong><\/a><strong> <\/strong>ont grandement souffert, m\u00eame s&rsquo;ils menaient 1 \u00e0 0 \u00e0 la pause. L&rsquo;attaquant a ouvert la marque contre le cours du jeu juste avant de rentrer au vestiaire (45e+1).<\/p>\n<p>La d\u00e9fense allemande n&rsquo;a pas r\u00e9ussi \u00e0 contrer la vitesse des Bleus<\/p>\n<p>Oblig\u00e9e de se d\u00e9couvrir, et peu inspir\u00e9e, l&rsquo;arri\u00e8re-garde de la Nationalmannschaft a ensuite subi la vitesse des offensifs fran\u00e7ais. Malgr\u00e9 pl\u00e9thore d&rsquo;opportunit\u00e9s, la France a tout de m\u00eame d\u00fb attendre la 84e minute pour doubler la mise, apr\u00e8s une offrande de Mbapp\u00e9 pour Michael <strong>Olise<\/strong>. <a href=\"https:\/\/www.olympique-et-lyonnais.com\/ol-mercato-lavenir-de-cherki-se-dessine,364535.html\" rel=\"nofollow noopener\" target=\"_blank\">Cherki \u00e9tait<\/a> sorti depuis quelques instants d\u00e9j\u00e0 (69e).<\/p>\n<p>Deux p\u00e9riodes bien distinctes pour les Bleus, qui terminent donc troisi\u00e8mes de la Ligue des nations 2025. On notera aussi la premi\u00e8re titularisation de Malo <strong>Gusto<\/strong>. A l&rsquo;inverse de Lucas <strong>Digne <\/strong>\u00e0 gauche, lui fut globalement solide dans son couloir. Pour les deux anciens Lyonnais, il y a mati\u00e8re \u00e0 se satisfaire de ce rassemblement. <\/p>\n","protected":false},"excerpt":{"rendered":"Karim Adeyemi (Allemagne) et Rayan Cherki (France) (Photo by FRANCK FIFE \/ AFP) Domin\u00e9e avant la pause, plus&hellip;\n","protected":false},"author":2,"featured_media":162342,"comment_status":"","ping_status":"","sticky":false,"template":"","format":"standard","meta":{"footnotes":""},"categories":[2],"tags":[11,672,4672,1011,27,12,25],"class_list":{"0":"post-162341","1":"post","2":"type-post","3":"status-publish","4":"format-standard","5":"has-post-thumbnail","7":"category-actualites","8":"tag-actualites","9":"tag-allemagne","10":"tag-cherki","11":"tag-fr","12":"tag-france","13":"tag-news","14":"tag-republique-francaise"},"share_on_mastodon":{"url":"https:\/\/pubeurope.com\/@fr\/114651306649769350","error":""},"_links":{"self":[{"href":"https:\/\/www.europesays.com\/fr\/wp-json\/wp\/v2\/posts\/162341","targetHints":{"allow":["GET"]}}],"collection":[{"href":"https:\/\/www.europesays.com\/fr\/wp-json\/wp\/v2\/posts"}],"about":[{"href":"https:\/\/www.europesays.com\/fr\/wp-json\/wp\/v2\/types\/post"}],"author":[{"embeddable":true,"href":"https:\/\/www.europesays.com\/fr\/wp-json\/wp\/v2\/users\/2"}],"replies":[{"embeddable":true,"href":"https:\/\/www.europesays.com\/fr\/wp-json\/wp\/v2\/comments?post=162341"}],"version-history":[{"count":0,"href":"https:\/\/www.europesays.com\/fr\/wp-json\/wp\/v2\/posts\/162341\/revisions"}],"wp:featuredmedia":[{"embeddable":true,"href":"https:\/\/www.europesays.com\/fr\/wp-json\/wp\/v2\/media\/162342"}],"wp:attachment":[{"href":"https:\/\/www.europesays.com\/fr\/wp-json\/wp\/v2\/media?parent=162341"}],"wp:term":[{"taxonomy":"category","embeddable":true,"href":"https:\/\/www.europesays.com\/fr\/wp-json\/wp\/v2\/categories?post=162341"},{"taxonomy":"post_tag","embeddable":true,"href":"https:\/\/www.europesays.com\/fr\/wp-json\/wp\/v2\/tags?post=162341"}],"curies":[{"name":"wp","href":"https:\/\/api.w.org\/{rel}","templated":true}]}}