{"id":162349,"date":"2025-06-09T03:38:10","date_gmt":"2025-06-09T03:38:10","guid":{"rendered":"https:\/\/www.europesays.com\/fr\/162349\/"},"modified":"2025-06-09T03:38:10","modified_gmt":"2025-06-09T03:38:10","slug":"comment-seduire-les-jeunes-filles-corses-pour-les-amener-dans-les-pas-de-lois-boisson","status":"publish","type":"post","link":"https:\/\/www.europesays.com\/fr\/162349\/","title":{"rendered":"comment s\u00e9duire les jeunes filles corses pour\u00a0les amener dans les pas de Lois Boisson"},"content":{"rendered":"<p>Les quarts, les demies s&rsquo;encha\u00eenent et le niveau grimpe forc\u00e9ment dans ces championnats de Corse, les points sont davantage accroch\u00e9s, le public, comme la temp\u00e9rature, s&rsquo;\u00e9chauffe.<\/p>\n<p>Alors que les finales s&rsquo;annoncent ce lundi 9 juin, le tableau r\u00e9v\u00e8le que, une fois n&rsquo;est pas coutume, elles ne seront cette ann\u00e9e que trois \u00e0 se disputer la couronne f\u00e9minine en 2e s\u00e9rie : Lola Tremellat, jeune prodige qui part favorite devant Laura Desideri. Chez les gar\u00e7ons, ils seront douze dans cette m\u00eame cat\u00e9gorie. Pour autant faut-il tirer des conclusions h\u00e2tives ? Il est clair que le pr\u00e9sident de la F\u00e9d\u00e9ration, de passage au Ladies Open de Calvi en avril, d\u00e9clarait : \u00a0\u00bb On voit que nos jeunes joueuses \u00e0 11 ans ont un bon niveau avant de d\u00e9crocher vers 14 ans. Ce n&rsquo;est pas facile, les sportifs professionnels n&rsquo;ont pas d&rsquo;adolescence. \u00ab\u00a0<\/p>\n<p>\u00a0\u00bb Pas assez d&rsquo;importance au sport \u00a0\u00bb<\/p>\n<p>Pour Philippe Medori, pr\u00e9sident de la Ligue Corse, le tennis f\u00e9minin de comp\u00e9tition chez les jeunes est un combat \u00e0 mener\u00a0: \u00a0\u00bb d&rsquo;avoir seulement trois filles en 2e s\u00e9rie, c&rsquo;est un accident, li\u00e9 \u00e0 plusieurs abandons. Il y a un c\u00f4t\u00e9 cycle mais c&rsquo;est vrai \u00e9galement que nous devons aller chercher les jeunes filles de 14-18 ans, les attirer \u00e0 la comp\u00e9tition et c&rsquo;est ce que nous voulons faire avec le P\u00f4le qui s&rsquo;ouvre en septembre au CSJC. Chez les plus jeunes, de 11 \u00e0 14 ans, il y en a un certain nombre en 4e ou 3e s\u00e9rie et c&rsquo;est plut\u00f4t encourageant. \u00ab\u00a0<\/p>\n<p>Ce dimanche, court num\u00e9ro 8, Lola Tremellat joue dans sa cat\u00e9gorie d&rsquo;\u00e2ge des 13\/14 ans face \u00e0 Ma\u00eblle Paverani, du TC Miomo. Bien que largement et logiquement d\u00e9faite, cette derni\u00e8re ne cache pas son plaisir\u00a0: \u00a0\u00bb c&rsquo;est une belle exp\u00e9rience de jouer contre elle, d&rsquo;\u00e9changer des balles. \u00a0\u00bb Son p\u00e8re, Fran\u00e7ois-Marie poursuit\u00a0: \u00a0\u00bb on voit bien la diff\u00e9rence de gabarit. Mais Maelle a la passion de ce sport. Elle en fait trois heures par semaine et le plus important, c&rsquo;est d&rsquo;\u00eatre capable de les encourager et de les accompagner. \u00ab\u00a0<\/p>\n","protected":false},"excerpt":{"rendered":"Les quarts, les demies s&rsquo;encha\u00eenent et le niveau grimpe forc\u00e9ment dans ces championnats de Corse, les points sont&hellip;\n","protected":false},"author":2,"featured_media":162350,"comment_status":"","ping_status":"","sticky":false,"template":"","format":"standard","meta":{"footnotes":""},"categories":[1415],"tags":[17,20,13644,10485,1011,27,4074,151,29498,60,1467],"class_list":{"0":"post-162349","1":"post","2":"type-post","3":"status-publish","4":"format-standard","5":"has-post-thumbnail","7":"category-tennis","8":"tag-17","9":"tag-comment","10":"tag-corses","11":"tag-filles","12":"tag-fr","13":"tag-france","14":"tag-jeunes","15":"tag-les","16":"tag-seduire","17":"tag-sports","18":"tag-tennis"},"share_on_mastodon":{"url":"https:\/\/pubeurope.com\/@fr\/114651326205809340","error":""},"_links":{"self":[{"href":"https:\/\/www.europesays.com\/fr\/wp-json\/wp\/v2\/posts\/162349","targetHints":{"allow":["GET"]}}],"collection":[{"href":"https:\/\/www.europesays.com\/fr\/wp-json\/wp\/v2\/posts"}],"about":[{"href":"https:\/\/www.europesays.com\/fr\/wp-json\/wp\/v2\/types\/post"}],"author":[{"embeddable":true,"href":"https:\/\/www.europesays.com\/fr\/wp-json\/wp\/v2\/users\/2"}],"replies":[{"embeddable":true,"href":"https:\/\/www.europesays.com\/fr\/wp-json\/wp\/v2\/comments?post=162349"}],"version-history":[{"count":0,"href":"https:\/\/www.europesays.com\/fr\/wp-json\/wp\/v2\/posts\/162349\/revisions"}],"wp:featuredmedia":[{"embeddable":true,"href":"https:\/\/www.europesays.com\/fr\/wp-json\/wp\/v2\/media\/162350"}],"wp:attachment":[{"href":"https:\/\/www.europesays.com\/fr\/wp-json\/wp\/v2\/media?parent=162349"}],"wp:term":[{"taxonomy":"category","embeddable":true,"href":"https:\/\/www.europesays.com\/fr\/wp-json\/wp\/v2\/categories?post=162349"},{"taxonomy":"post_tag","embeddable":true,"href":"https:\/\/www.europesays.com\/fr\/wp-json\/wp\/v2\/tags?post=162349"}],"curies":[{"name":"wp","href":"https:\/\/api.w.org\/{rel}","templated":true}]}}