{"id":162353,"date":"2025-06-09T03:41:08","date_gmt":"2025-06-09T03:41:08","guid":{"rendered":"https:\/\/www.europesays.com\/fr\/162353\/"},"modified":"2025-06-09T03:41:08","modified_gmt":"2025-06-09T03:41:08","slug":"finales-nba-okc-remet-les-pendules-a-lheure-le-figaro","status":"publish","type":"post","link":"https:\/\/www.europesays.com\/fr\/162353\/","title":{"rendered":"Finales NBA : OKC remet les pendules \u00e0 l\u2019heure &#8211; Le Figaro"},"content":{"rendered":"<ol>\n<li><a href=\"https:\/\/news.google.com\/rss\/articles\/CBMimwFBVV95cUxQRFdFS0RwWHhRUVpISGRQS0lsY2gwdzFtWVFid0N4dHFtTVozbVdGcEx3ZkcyOVBURVRfM1NBejljR1JkTmRYT3ZybWFyS2NkRDhEUlBONGZ3anViTUFuaVBDN093SDZyRFFacEtVMVA5SUJ3MklUUmhrNk9pcjRQOXgzdE1kcWJ4NE5QcjRhUHB0cWQyeGpZdnM3RQ?oc=5\" target=\"_blank\" rel=\"noopener\">Finales NBA : OKC remet les pendules \u00e0 l\u2019heure<\/a>&nbsp;&nbsp;Le Figaro<\/li>\n<li><a href=\"https:\/\/news.google.com\/rss\/articles\/CBMirAFBVV95cUxQQVlkQWpheU55bVdUdnRFOWYzRU9hZGdZVE9JcUthRFM1NHFuYjh3elZPSS1RUGFmN3RsLUlwclVVT25aYUhvbDZIOUNqM2JTTU95QlJQN1ZtVW9KbGdwMEJBY1lKNnZWZXFXWHpNV1k4b0FkRUtmWjhrVFllV2FSSGZNMGp5QmlpWTljRmhyOUE3Vm94M2FUMlpaR09FTzA0RTkyWW5HWlRkeFA3?oc=5\" target=\"_blank\" rel=\"noopener\">Oklahoma City Thunder 123 &#8211; 107 Indiana Pacers, NBA, en direct le 09-06-2025<\/a>&nbsp;&nbsp;L&rsquo;\u00c9quipe<\/li>\n<li><a href=\"https:\/\/news.google.com\/rss\/articles\/CBMi8AFBVV95cUxPSTBaSU81YjNNamY2VlZPWGtwYlZaQXR6SjFhMUtEMExfNGYxVHBVVjNPNnFPaXZVVUwzRFhUenBUWHdNQ1o3aEM4UDJlWGhGV2ZEWFo0VE9adGh6NXhfeDJ3cG8tSm5XLUZlcUI0MHFzMTZ6MWxpcndOVkZEaHN6ak5UdTVUdzNvS3NTTEhzZFA4YTNGeVEwZWNjWDRrZm1UMGZ4WmVLalY5RjFFYzJ5bFJzNG1xQ2dINHlYTUd3WXpJQ0R4eGowZjh0NFR4RlFYQzFSME5rSE1wTUVtdGtJSzllS0UzU0NtUEVpT3lONXI?oc=5\" target=\"_blank\" rel=\"noopener\">Finale de la NBA : le Thunder d\u2019Oklahoma City gronde et \u00e9galise \u00e0 1-1 contre les Indiana Pacers<\/a>&nbsp;&nbsp;Le Monde.fr<\/li>\n<li><a href=\"https:\/\/news.google.com\/rss\/articles\/CBMi4wFBVV95cUxNQzdnaHJOeU5RWkhRd1Y1bHJsX1VJM2JfUW1JVXl4R0k5R05IS1dfaUN5M1ljdlJIWHVHY2ZjUzBYbmRzbDdSRlRiTlBDS2s2TkQ5NFR3X1JvbEZ5SFRpZDh2aG1tVUk4c3h5UHdZUDFIaG9pZ0hrRndGNDE1eFdzRHJISDNPWVZXdDlCVkVmYnBlUDB5M0tvNHY2VWI3SUtuaXQ1TnA5ZmVwYzF4eTEtYTJZbWpuNTRwTEowTzZRUXZkZjhBNmM3VmFCT0d2TUh1RzhXV1Fma01mV09udlFNUzNQbw?oc=5\" target=\"_blank\" rel=\"noopener\">NBA Finals : OKC r\u00e9agit avec autorit\u00e9 dans le Game 2 et \u00e9galise face \u00e0 Indiana<\/a>&nbsp;&nbsp;Orange Actualit\u00e9s | Sports<\/li>\n<li><a href=\"https:\/\/news.google.com\/rss\/articles\/CBMitAFBVV95cUxNZkNwX1hYcHFyUGd2RUVUV1Z5MW11Mml2blJhWkZNSHlyZERoQ3dmYWN0R2FGbE9FWkZRVExHY0huY19JV1VFaHlJbVVKaHRsMHZhZWI3Z1FGLWpOM2wzdFdwbjJtalVlRGpfdldEblBGX29KSHRnUXc0Q0N0STVucVEwYld4TDlROHB1RmlTQVN2d0Q3NDVsVmpPZHVfSmplSGx0OEx2cnM2YVRQV01ZUC1tOU4?oc=5\" target=\"_blank\" rel=\"noopener\">Thunder \u2013 Pacers (123-107) : OKC n\u2019a pas fait la m\u00eame b\u00eatise, \u00e7a part dans l\u2019Indiana \u00e0 1-1 !<\/a>&nbsp;&nbsp;TrashTalk<\/li>\n<\/ol>\n","protected":false},"excerpt":{"rendered":"Finales NBA : OKC remet les pendules \u00e0 l\u2019heure&nbsp;&nbsp;Le Figaro Oklahoma City Thunder 123 &#8211; 107 Indiana Pacers,&hellip;\n","protected":false},"author":2,"featured_media":162354,"comment_status":"","ping_status":"","sticky":false,"template":"","format":"standard","meta":{"footnotes":""},"categories":[1412],"tags":[1465,1464,11400,1981,11394,11395,814,1451,1452,1453,1454,1455,1011,27,11401,29499,6910,11399,11398,2182,28580,2189,11396,1980,60,11402,2188,2187,11397],"class_list":{"0":"post-162353","1":"post","2":"type-post","3":"status-publish","4":"format-standard","5":"has-post-thumbnail","7":"category-f1","8":"tag-basket","9":"tag-basketball","10":"tag-bulls","11":"tag-classement","12":"tag-conference-est","13":"tag-conference-ouest","14":"tag-direct","15":"tag-f1","16":"tag-formula-1","17":"tag-formula1","18":"tag-formule-1","19":"tag-formule1","20":"tag-fr","21":"tag-france","22":"tag-golden-state","23":"tag-indiana-pacers","24":"tag-jazz","25":"tag-lakers","26":"tag-mvp","27":"tag-nba","28":"tag-nba-finals","29":"tag-photos","30":"tag-playoffs","31":"tag-resultats","32":"tag-sports","33":"tag-spurs","34":"tag-statistiques","35":"tag-stats","36":"tag-trades"},"share_on_mastodon":{"url":"https:\/\/pubeurope.com\/@fr\/114651338046769221","error":""},"_links":{"self":[{"href":"https:\/\/www.europesays.com\/fr\/wp-json\/wp\/v2\/posts\/162353","targetHints":{"allow":["GET"]}}],"collection":[{"href":"https:\/\/www.europesays.com\/fr\/wp-json\/wp\/v2\/posts"}],"about":[{"href":"https:\/\/www.europesays.com\/fr\/wp-json\/wp\/v2\/types\/post"}],"author":[{"embeddable":true,"href":"https:\/\/www.europesays.com\/fr\/wp-json\/wp\/v2\/users\/2"}],"replies":[{"embeddable":true,"href":"https:\/\/www.europesays.com\/fr\/wp-json\/wp\/v2\/comments?post=162353"}],"version-history":[{"count":0,"href":"https:\/\/www.europesays.com\/fr\/wp-json\/wp\/v2\/posts\/162353\/revisions"}],"wp:featuredmedia":[{"embeddable":true,"href":"https:\/\/www.europesays.com\/fr\/wp-json\/wp\/v2\/media\/162354"}],"wp:attachment":[{"href":"https:\/\/www.europesays.com\/fr\/wp-json\/wp\/v2\/media?parent=162353"}],"wp:term":[{"taxonomy":"category","embeddable":true,"href":"https:\/\/www.europesays.com\/fr\/wp-json\/wp\/v2\/categories?post=162353"},{"taxonomy":"post_tag","embeddable":true,"href":"https:\/\/www.europesays.com\/fr\/wp-json\/wp\/v2\/tags?post=162353"}],"curies":[{"name":"wp","href":"https:\/\/api.w.org\/{rel}","templated":true}]}}