{"id":162365,"date":"2025-06-09T03:47:10","date_gmt":"2025-06-09T03:47:10","guid":{"rendered":"https:\/\/www.europesays.com\/fr\/162365\/"},"modified":"2025-06-09T03:47:10","modified_gmt":"2025-06-09T03:47:10","slug":"iris-mittenaere-philippe-caveriviere-lily-collins-les-stars-tele-pour-la-victoire-de-carlos-alcaraz-a-roland-garros","status":"publish","type":"post","link":"https:\/\/www.europesays.com\/fr\/162365\/","title":{"rendered":"Iris Mittenaere, Philippe Caverivi\u00e8re, Lily Collins&#8230;Les stars t\u00e9l\u00e9 pour la victoire de Carlos Alcaraz \u00e0 Roland-Garros"},"content":{"rendered":"<p>De nombreuses personnalit\u00e9s du petit \u00e9cran \u00e9taient pr\u00e9sentes dimanche 8 juin 2025 Porte d\u2019Auteuil pour le match de finale opposant Jannik Sinner \u00e0 Carlos Alcaraz.<\/p>\n<p class=\"fig-paragraph\">Une finale l\u00e9gendaire. Apr\u00e8s pr\u00e8s de deux semaines de tournoi,\u00a0<a href=\"http:\/\/tvmag.lefigaro.fr\/programme-tv\/people\/stephane-bern-ophelie-meunier-denis-brogniart-sortie-en-amoureux-pour-les-animateurs-tele-a-roland-garros-20250530\" target=\"_blank\" data-fig-type=\"Article\" rel=\"noopener nofollow\" data-gtm-custom-categorie=\"navigation\" data-gtm-custom-action=\"crossclick\" data-gtm-custom-label=\"Contextuel\" data-gtm-event=\"customEventSPE\" data-fig-domain=\"TVMAG\"><strong>Roland-Garros<\/strong><\/a> \u00a0s\u2019est conclu ce dimanche 8 juin par la finale messieurs opposant l\u2019Italien Jannik Sinner \u00e0 l\u2019Espagnol Carlos Alcaraz. Et plus que jamais, le court Philippe Chatrier \u00e9tait le lieu le plus couru de tout Paris.<\/p>\n<p class=\"fig-paragraph\">Nombreuses ont \u00e9t\u00e9 les personnalit\u00e9s t\u00e9l\u00e9 \u00e0 se ruer dans les gradins pour admirer ce match d\u2019anthologie, qualifi\u00e9 comme la plus longue finale de l\u2019histoire du tournoi, entre le premier et le deuxi\u00e8me mondial. Et malgr\u00e9 deux premiers sets assur\u00e9s par Jannik Sinner, et les deux suivants tenus par Carlos Alcaraz, c\u2019est finalement Carlos Alcaraz qui s\u2019est impos\u00e9 au terme d\u2019un super tie break (6\/4, 7\/6, 4\/6, 6\/7, 6\/6) et de 5h de match.<\/p>\n<p class=\"fig-body-link\">\n            \u00c0 lire aussi<br \/>\n        <a class=\"fig-body-link__link\" href=\"http:\/\/tvmag.lefigaro.fr\/programme-tv\/people\/iris-mittenaere-et-antoine-dupont-complices-dans-les-tribunes-de-roland-garros-pour-la-finale-sinner-alcaraz-20250608\" target=\"_blank\" data-fig-type=\"Article\" rel=\"noopener nofollow\" data-gtm-custom-categorie=\"navigation\" data-gtm-custom-action=\"crossclick\" data-gtm-custom-label=\"Contextuel\" data-gtm-event=\"customEventSPE\" data-fig-domain=\"TVMAG\">Iris Mittenaere et Antoine Dupont complices dans les tribunes de Roland-Garros pour la finale Sinner &#8211; Alcaraz<br \/>\n    <\/a>\n<\/p>\n<p class=\"fig-paragraph\">Miss France 2016, Iris Mittenaere et le capitaine du XV de France Antoine Dupont \u00e9taient aux premi\u00e8res loges. Leurs lunettes de soleil sur le nez ne leur auront pas suffi \u00e0 passer incognito. Iris Mittenaere et Antoine Dupont ont profit\u00e9 de ce dimanche apr\u00e8s-midi parisien pour se rendre Porte d\u2019Auteuil. En effet, l\u2019influenceuse de 32 ans et le capitaine du XV de France de 28 ans se sont affich\u00e9s tout sourire dans les tribunes du court Philippe Chatrier.<\/p>\n<p>Un \u00e9v\u00e9nement de couples<\/p>\n<p class=\"fig-paragraph\">D\u2019autres couples ont d\u00e9cid\u00e9 d\u2019assister \u00e0 cet exploit sportif. Parmi eux, le chanteur\u00a0<a href=\"http:\/\/tvmag.lefigaro.fr\/programme-tv\/series\/ma-meilleure-ennemie-de-pomme-et-stromae-embleme-de-la-symbiose-entre-l-image-et-la-musique-dans-arcane-20250218\" target=\"_blank\" data-fig-type=\"Article\" rel=\"noopener nofollow\" data-gtm-custom-categorie=\"navigation\" data-gtm-custom-action=\"crossclick\" data-gtm-custom-label=\"Contextuel\" data-gtm-event=\"customEventSPE\" data-fig-domain=\"TVMAG\">Stromae<\/a>\u00a0accompagn\u00e9 de son \u00e9pouse Coralie Barbier. Mais \u00e9galement l\u2019actrice am\u00e9ricaine star de la s\u00e9rie\u00a0<a href=\"http:\/\/tvmag.lefigaro.fr\/programme-tv\/series\/emily-in-paris-camille-razat-fait-ses-adieux-lucas-bravo-rempile-pour-la-saison-5-20250421\" target=\"_blank\" data-fig-type=\"Article\" rel=\"noopener nofollow\" data-gtm-custom-categorie=\"navigation\" data-gtm-custom-action=\"crossclick\" data-gtm-custom-label=\"Contextuel\" data-gtm-event=\"customEventSPE\" data-fig-domain=\"TVMAG\">Emily in Paris<\/a>, Lily Collins accompagn\u00e9 de son \u00e9poux Charlie McDowell. L\u2019acteur Pierre Niney \u00e9tait lui aussi suspendu au revers de Jannik Sinner durant pr\u00e8s de cinq heures et en belle compagnie. Sa femme Natasha Andrews \u00e9tait assise \u00e0 ses c\u00f4t\u00e9s. L\u2019actrice\u00a0<a href=\"http:\/\/tvmag.lefigaro.fr\/programme-tv\/actu-tele\/je-me-suis-deshabillee-integralement-camille-cottin-raconte-son-coup-de-chaud-apres-le-tournage-de-hot-ones-20241218\" target=\"_blank\" data-fig-type=\"Article\" rel=\"noopener nofollow\" data-gtm-custom-categorie=\"navigation\" data-gtm-custom-action=\"crossclick\" data-gtm-custom-label=\"Contextuel\" data-gtm-event=\"customEventSPE\" data-fig-domain=\"TVMAG\">Camille Cottin<\/a>\u00a0a aussi assist\u00e9 \u00e0 ce duel avec Benjamin Mahon, son compagnon.<\/p>\n<p class=\"fig-paragraph\">Et visiblement, cette finale de Roland-Garros \u00e9tait un \u00e9v\u00e9nement dont les amis \u00e9taient aussi friands. L\u2019acteur et sc\u00e9nariste Gilles Lellouche s\u2019y est rendu avec son ami Guillaume Canet. Les deux hommes \u00e9taient accompagn\u00e9s de Marcel, le fils de Guillaume Canet et Marion Cotillard.<\/p>\n<p class=\"fig-paragraph\">La journaliste de CNews \u00e9tait, pour le deuxi\u00e8me jour cons\u00e9cutif, dans les tribunes du court Philippe Chatrier.\u00a0<a href=\"http:\/\/tvmag.lefigaro.fr\/programme-tv\/people\/allongee-dans-le-coffre-de-la-voiture-laurence-ferrari-evoque-son-retour-de-la-maternite-fuyant-les-paparazzis-20250415\" target=\"_blank\" data-fig-type=\"Article\" rel=\"noopener nofollow\" data-gtm-custom-categorie=\"navigation\" data-gtm-custom-action=\"crossclick\" data-gtm-custom-label=\"Contextuel\" data-gtm-event=\"customEventSPE\" data-fig-domain=\"TVMAG\">Laurence Ferrari<\/a>, aux manettes de \u00abPunchline\u00bb, \u00e9tait en effet pr\u00e9sente accompagn\u00e9e de son \u00e9poux Renaud Capu\u00e7on \u00e0 la fois pour la finale dames consacrant la victoire \u00e0 Coco Gauff mais aussi pour la finale messieurs entre Jannik Sinner et Carlos Alcaraz. Son confr\u00e8re de France T\u00e9l\u00e9visions,\u00a0<a href=\"http:\/\/tvmag.lefigaro.fr\/programme-tv\/actu-tele\/avant-je-m-effondrais-philippe-caveriviere-devoile-ses-premieres-reactions-face-aux-invites-politiques-sur-rtl-20241013\" target=\"_blank\" data-fig-type=\"Article\" rel=\"noopener nofollow\" data-gtm-custom-categorie=\"navigation\" data-gtm-custom-action=\"crossclick\" data-gtm-custom-label=\"Contextuel\" data-gtm-event=\"customEventSPE\" data-fig-domain=\"TVMAG\">Philippe Caverivi\u00e8re<\/a>, a lui aussi \u00e9t\u00e9 aper\u00e7u ce dimanche.<\/p>\n","protected":false},"excerpt":{"rendered":"De nombreuses personnalit\u00e9s du petit \u00e9cran \u00e9taient pr\u00e9sentes dimanche 8 juin 2025 Porte d\u2019Auteuil pour le match de&hellip;\n","protected":false},"author":2,"featured_media":162366,"comment_status":"","ping_status":"","sticky":false,"template":"","format":"standard","meta":{"footnotes":""},"categories":[1356],"tags":[497,496,499,7779,58,59,1011,27,20859,500,504,505,495,503,502,501,4171,252,1364,498],"class_list":{"0":"post-162365","1":"post","2":"type-post","3":"status-publish","4":"format-standard","5":"has-post-thumbnail","7":"category-television","8":"tag-actu-tv","9":"tag-actualite-tv","10":"tag-buzz-tv","11":"tag-carlos-alcaraz","12":"tag-divertissement","13":"tag-entertainment","14":"tag-fr","15":"tag-france","16":"tag-jannik-sinner","17":"tag-medias","18":"tag-news-tele","19":"tag-news-television","20":"tag-news-tv","21":"tag-programme-tele","22":"tag-programme-tv","23":"tag-quiz-tv","24":"tag-roland-garros","25":"tag-television","26":"tag-tv","27":"tag-tv-actu"},"share_on_mastodon":{"url":"https:\/\/pubeurope.com\/@fr\/114651361708693160","error":""},"_links":{"self":[{"href":"https:\/\/www.europesays.com\/fr\/wp-json\/wp\/v2\/posts\/162365","targetHints":{"allow":["GET"]}}],"collection":[{"href":"https:\/\/www.europesays.com\/fr\/wp-json\/wp\/v2\/posts"}],"about":[{"href":"https:\/\/www.europesays.com\/fr\/wp-json\/wp\/v2\/types\/post"}],"author":[{"embeddable":true,"href":"https:\/\/www.europesays.com\/fr\/wp-json\/wp\/v2\/users\/2"}],"replies":[{"embeddable":true,"href":"https:\/\/www.europesays.com\/fr\/wp-json\/wp\/v2\/comments?post=162365"}],"version-history":[{"count":0,"href":"https:\/\/www.europesays.com\/fr\/wp-json\/wp\/v2\/posts\/162365\/revisions"}],"wp:featuredmedia":[{"embeddable":true,"href":"https:\/\/www.europesays.com\/fr\/wp-json\/wp\/v2\/media\/162366"}],"wp:attachment":[{"href":"https:\/\/www.europesays.com\/fr\/wp-json\/wp\/v2\/media?parent=162365"}],"wp:term":[{"taxonomy":"category","embeddable":true,"href":"https:\/\/www.europesays.com\/fr\/wp-json\/wp\/v2\/categories?post=162365"},{"taxonomy":"post_tag","embeddable":true,"href":"https:\/\/www.europesays.com\/fr\/wp-json\/wp\/v2\/tags?post=162365"}],"curies":[{"name":"wp","href":"https:\/\/api.w.org\/{rel}","templated":true}]}}