{"id":162374,"date":"2025-06-09T03:53:16","date_gmt":"2025-06-09T03:53:16","guid":{"rendered":"https:\/\/www.europesays.com\/fr\/162374\/"},"modified":"2025-06-09T03:53:16","modified_gmt":"2025-06-09T03:53:16","slug":"long-format-chouette-dor-31-ans-de-mysteres-de-soupcons-et-de-polemiques-le-dauphine-libere","status":"publish","type":"post","link":"https:\/\/www.europesays.com\/fr\/162374\/","title":{"rendered":"Long format. Chouette d\u2019or : 31 ans de myst\u00e8res, de soup\u00e7ons et de pol\u00e9miques\u2026 &#8211; Le Dauphin\u00e9 Lib\u00e9r\u00e9"},"content":{"rendered":"<ol>\n<li><a href=\"https:\/\/news.google.com\/rss\/articles\/CBMi6wFBVV95cUxPanNJSTcwcGRHMi1fa1R6MXN2UW80TldHRXplQllPQXR5SGR3RW1qcmJMRU00SnJHdFdyQ081aFhyZW9lMjVKTmhxVnRjeVA2ZG1hdlhUQnJoWG5IYzYyV0RCX29tR1JINkhrdEY3X2VUUE1fMGxhOHRtdVUydExEUV9KYWhDWExjekRDWTExWFUzblBEdVRYTzh2eUxmVlA5Y09jczNwSVIxUnhmdzFZVW1DU2oyaDBpaVl0RU43VUxkeFloVUhNcUhoN1gxZTFQWXZpb2xXOEkwcDhaOEREZS1CMUlwa0VJNjhn?oc=5\" target=\"_blank\" rel=\"noopener\">Long format. Chouette d\u2019or : 31 ans de myst\u00e8res, de soup\u00e7ons et de pol\u00e9miques\u2026<\/a>&nbsp;&nbsp;Le Dauphin\u00e9 Lib\u00e9r\u00e9<\/li>\n<li><a href=\"https:\/\/news.google.com\/rss\/articles\/CBMi4AFBVV95cUxQLXNLbVZrR2ZiUThRbk1aTTlYdDdFWFlsLUlScllIblRhVHZENzFncjhYaGRwZFRIVi00bEdCWWpnTUtMSElVRVBDOFU1d2FVQ0tpeldQbkhkWmhxTzNqTmI3Skp5cjNUQXJvUWhCQ0EyVVhRYVFSYm90eWdPX24yZlhNWWc5cERMSjF4X09QWG1uYU5KVExmNEpnM0UzZkM2XzN6dGNQOWNucXNYWWl4M1MxSUhEZDZJdUpjNE9Fai1ZMDVia3ZZSG9VUVVuX1NoQWNkVjVzSHZ6R2ZkT2YxUA?oc=5\" target=\"_blank\" rel=\"noopener\">Lochois : ces participants d\u00e9\u00e7us par la r\u00e9solution de la chasse aux tr\u00e9sors de la Chouette d\u2019or<\/a>&nbsp;&nbsp;lanouvellerepublique.fr<\/li>\n<li><a href=\"https:\/\/news.google.com\/rss\/articles\/CBMiwgFBVV95cUxObElDOHJmdlNvWWZjUXJmNUMwdjctVkN2Y0pxdjJkbTc2dzBwVDQ0LWNmRUU2MnZneFNfVE8wTWV1ZWFjZWJYUFc1dWpOcGRLb1RMa3Z2a2tENUJCWUh4Q0FOUGtCN0pGVFI0RlpZWTgwVnFQWUFWbkZKdGhBcjNoUzh1cjVHVTgtdzh1YkRhX05FamVCQjNsMF9JYjZHbTktVm9FNzQyV0QzdmliZlM0ZUFVdS1Nb29qVGFqVjRjNlllUQ?oc=5\" target=\"_blank\" rel=\"noopener\">\u201cLa D\u00e9couverte de la Chouette d\u2019or\u201d : un debrief pas \u00e0 la hauteur de la qu\u00eate<\/a>&nbsp;&nbsp;T\u00e9l\u00e9rama<\/li>\n<li><a href=\"https:\/\/news.google.com\/rss\/articles\/CBMihAJBVV95cUxQNnQwbDVoUXVuY1Nxb0N5OUEtNHBrTEJuNDhOcUZ4MU5CZGI5THRCSXhqTFB2aXI4THcyd2JBdFdFZ2w0TFNhd1ozZHdBbWRrelVYd1JnbGxpYzhoS1V3Ykl4ak1RWjJtT01yWWFiUkprQ2NpdDNsdU0zTXpScmNMd3FpOWQ0LVNJeGFfd1p1OUVHTmxpNldqUUE0RG8wT3pYcnlyQUVwV2E5YVA0S0RlNHJySUhnWnlQU0FFQXRYaWJaNkVuQ210b3FfcFZoWmtQanpDVnpHWXhmZE95ZUNiVzMyakpnSzEwVE5TMWxwOTVDVmVQVWdsdl94RVJ4WENDaDRUTQ?oc=5\" target=\"_blank\" rel=\"noopener\">\u00abCes pseudo-solutions sont une insulte \u00e0 l\u2019intelligence\u00bb : les r\u00e9v\u00e9lations de G\u00e9rald Gay, sp\u00e9cialiste de la Chouette d\u2019or<\/a>&nbsp;&nbsp;TV Magazine<\/li>\n<li><a href=\"https:\/\/news.google.com\/rss\/articles\/CBMimAJBVV95cUxQNXIxQWFJeGdzWTRVbFBGeDBWVWtFTTZLdGc2enBGR0dvMVp1X1ZzZnN2QUNrVWZvWVJSRXRlT1FUNkVyTzV0Ml8wNVVYdlFxdG9Pb09qdjA0ZV82WURRT2Q0a0JXbWc0YnctM25ZeEFmOEM3QVB0NU9NRUxpSktnWDBmN0FXVjVzS1A2R2l2c2pPN1B4Vnl6VHRUR3N4ZHM2VU9DWVlQTDQ5Z1B4U1J1Y29YVVhOVnRJNVVMelJtcXhidV85UzZZQV84ZjBuRVdzUUZ6UlhWVXB0RGVUaVBNZ3E4SE1vNERMQUFRNVljUDc4WTB3NG5CODFKSkRnUDNvUmlSQ19XaUZtWnoxWmxzWmRrcmg0MENX?oc=5\" target=\"_blank\" rel=\"noopener\">Chouette d\u2019or : le documentaire qui r\u00e9v\u00e8le les \u00e9nigmes de la qu\u00eate diffus\u00e9 ce soir sur TMC<\/a>&nbsp;&nbsp;Programme TV Ouest-France<\/li>\n<\/ol>\n","protected":false},"excerpt":{"rendered":"Long format. Chouette d\u2019or : 31 ans de myst\u00e8res, de soup\u00e7ons et de pol\u00e9miques\u2026&nbsp;&nbsp;Le Dauphin\u00e9 Lib\u00e9r\u00e9 Lochois :&hellip;\n","protected":false},"author":2,"featured_media":162375,"comment_status":"","ping_status":"","sticky":false,"template":"","format":"standard","meta":{"footnotes":""},"categories":[8],"tags":[1687,58,59,107,1011,27,329,937,1757,20881,273,104],"class_list":{"0":"post-162374","1":"post","2":"type-post","3":"status-publish","4":"format-standard","5":"has-post-thumbnail","7":"category-divertissement","8":"tag-culture-loisirs","9":"tag-divertissement","10":"tag-entertainment","11":"tag-fil-info","12":"tag-fr","13":"tag-france","14":"tag-france-monde","15":"tag-histoire","16":"tag-insolite","17":"tag-long-format","18":"tag-selection-de-la-redaction","19":"tag-societe"},"share_on_mastodon":{"url":"https:\/\/pubeurope.com\/@fr\/114651385668482139","error":""},"_links":{"self":[{"href":"https:\/\/www.europesays.com\/fr\/wp-json\/wp\/v2\/posts\/162374","targetHints":{"allow":["GET"]}}],"collection":[{"href":"https:\/\/www.europesays.com\/fr\/wp-json\/wp\/v2\/posts"}],"about":[{"href":"https:\/\/www.europesays.com\/fr\/wp-json\/wp\/v2\/types\/post"}],"author":[{"embeddable":true,"href":"https:\/\/www.europesays.com\/fr\/wp-json\/wp\/v2\/users\/2"}],"replies":[{"embeddable":true,"href":"https:\/\/www.europesays.com\/fr\/wp-json\/wp\/v2\/comments?post=162374"}],"version-history":[{"count":0,"href":"https:\/\/www.europesays.com\/fr\/wp-json\/wp\/v2\/posts\/162374\/revisions"}],"wp:featuredmedia":[{"embeddable":true,"href":"https:\/\/www.europesays.com\/fr\/wp-json\/wp\/v2\/media\/162375"}],"wp:attachment":[{"href":"https:\/\/www.europesays.com\/fr\/wp-json\/wp\/v2\/media?parent=162374"}],"wp:term":[{"taxonomy":"category","embeddable":true,"href":"https:\/\/www.europesays.com\/fr\/wp-json\/wp\/v2\/categories?post=162374"},{"taxonomy":"post_tag","embeddable":true,"href":"https:\/\/www.europesays.com\/fr\/wp-json\/wp\/v2\/tags?post=162374"}],"curies":[{"name":"wp","href":"https:\/\/api.w.org\/{rel}","templated":true}]}}