{"id":162376,"date":"2025-06-09T03:54:30","date_gmt":"2025-06-09T03:54:30","guid":{"rendered":"https:\/\/www.europesays.com\/fr\/162376\/"},"modified":"2025-06-09T03:54:30","modified_gmt":"2025-06-09T03:54:30","slug":"ios-26-tout-ce-quapple-prepare-pour-la-grosse-mise-a-jour-de-liphone-en-2025","status":"publish","type":"post","link":"https:\/\/www.europesays.com\/fr\/162376\/","title":{"rendered":"iOS 26 : tout ce qu\u2019Apple pr\u00e9pare pour la grosse mise \u00e0 jour de l\u2019iPhone en 2025"},"content":{"rendered":"<p class=\"ed__a-p ed__bdy__l\">Depuis quelques semaines, les rumeurs autour d\u2019iOS 19 \u2014 normalement <a href=\"https:\/\/www.lesnumeriques.com\/telephone-portable\/apple-veut-abandonner-ios-19-la-prochaine-mise-a-jour-pour-iphone-s-appellerait-ios-26-n237471.html\" title=\"Apple veut abandonner iOS 19 : la prochaine mise \u00e0 jour pour iPhone s\u2019appellerait... iOS 26\" rel=\"nofollow noopener\" target=\"_blank\">renomm\u00e9e iOS 26<\/a> par Apple \u2014 se sont d\u00e9cupl\u00e9es. L\u2019occasion de d\u00e9couvrir avant l\u2019heure les nouveaut\u00e9s pr\u00e9vues pour cette nouvelle mise \u00e0 jour majeure de l\u2019iPhone. Voici ce qu\u2019Apple devrait annoncer lors de la <a href=\"https:\/\/www.lesnumeriques.com\/telephone-portable\/wwdc-2025-voici-quand-apple-presentera-les-nouveautes-d-ios-19-sur-iphone-n234723.html\" title=\"WWDC 2025 : voici quand Apple pr\u00e9sentera les nouveaut\u00e9s d\u2019iOS 19 sur iPhone\" rel=\"nofollow noopener\" target=\"_blank\">WWDC 2025<\/a> !<\/p>\n<p>Nouvelle interface : la grosse nouveaut\u00e9 d\u2019iOS 26<\/p>\n<p class=\"ed__a-p ed__bdy__l\">Avec iOS 26, Apple miserait clairement sur un \u00e9l\u00e9ment : l\u2019interface. Celle-ci subirait <a href=\"https:\/\/www.lesnumeriques.com\/telephone-portable\/ios-19-la-nouvelle-interface-des-iphone-continue-de-se-preciser-voici-de-nouvelles-images-n235313.html\" title=\"iOS\u00a019\u00a0: la nouvelle interface des iPhone continue de se pr\u00e9ciser, voici de nouvelles images\" rel=\"nofollow noopener\" target=\"_blank\">un gros ravalement de fa\u00e7ade<\/a>, \u00e0 l\u2019instar de ce qu\u2019a \u00e9t\u00e9 iOS 7.<\/p>\n<p class=\"ed__a-p ed__bdy__l\">Dans les d\u00e9tails, l\u2019iPhone devrait tout d\u2019abord profiter d\u2019une <a href=\"https:\/\/www.lesnumeriques.com\/telephone-portable\/ios-19-place-a-une-toute-nouvelle-interface-spectaculaire-pour-les-iphone-d-apple-n234067.html\" title=\"iOS 19 : place \u00e0 une toute nouvelle interface \u201cspectaculaire\u201d pour les iPhone d\u2019Apple\" rel=\"nofollow noopener\" target=\"_blank\">interface unifi\u00e9e<\/a> avec les Mac et les iPad. \u201cIl s&rsquo;agit d&rsquo;ajouter des effets de transparence \u00e0 l&rsquo;interface utilisateur et de r\u00e9organiser certaines applications pour qu&rsquo;elles soient mieux comprises par une nouvelle g\u00e9n\u00e9ration d&rsquo;utilisateurs, afin de donner l&rsquo;impression d&rsquo;une plus grande unit\u00e9 entre l&rsquo;individu et les appareils\u201d, expliquait r\u00e9cemment le journaliste Mark Gurman.<\/p>\n<p class=\"ed__a-p ed__bdy__l\">Cela se mat\u00e9rialiserait par l\u2019emprunt d\u2019\u00e9l\u00e9ments de langage <a href=\"https:\/\/www.lesnumeriques.com\/telephone-portable\/ios-19-les-utilisateurs-adoreront-la-prochaine-interface-des-iphone-voici-pourquoi-n234262.html\" title=\"iOS 19 : les utilisateurs \u201cadoreront\u201d la prochaine interface des iPhone, voici pourquoi\u00a0!\" rel=\"nofollow noopener\" target=\"_blank\">provenant de visionOS<\/a>, et notamment des effets de transparence et de rondeur. L\u2019interface serait aussi <a href=\"https:\/\/www.lesnumeriques.com\/telephone-portable\/ios-19-une-interface-amelioree-pour-les-grands-iphone-grace-a-ce-simple-changement-d-apple-n235862.html\" title=\"iOS 19 : une interface am\u00e9lior\u00e9e pour les grands iPhone gr\u00e2ce \u00e0 ce simple changement d\u2019Apple\" rel=\"nofollow noopener\" target=\"_blank\">plus adapt\u00e9e aux grands iPhone<\/a>, avec des barres de navigation plac\u00e9es en bas de l\u2019\u00e9cran.<\/p>\n<p>Apple compte se faire discret sur l\u2019intelligence artificielle<\/p>\n<p class=\"ed__a-p ed__bdy__l\">Contrairement \u00e0 iOS 18, Apple se calmerait sur Apple Intelligence. Il faut dire que la d\u00e9ception est grande de ce c\u00f4t\u00e9, avec la promesse non tenue d\u2019un Siri surboost\u00e9 \u00e0 l\u2019IA \u2014 dont le lancement a \u00e9t\u00e9 d\u00e9cal\u00e9 \u00e0 la fin de l\u2019ann\u00e9e 2025.<\/p>\n<p class=\"ed__a-p ed__bdy__l\">Cela n\u2019emp\u00eacherait pas Apple d\u2019apporter quelques am\u00e9liorations avec <a href=\"https:\/\/www.lesnumeriques.com\/telephone-portable\/ios-19-nouveautes-date-de-sortie-modeles-compatibles-tout-savoir-sur-la-prochaine-mise-a-jour-des-iphone-d-apple-a234210.html\" title=\"iOS\u00a019\u00a0: nouveaut\u00e9s, date de sortie, mod\u00e8les compatibles\u2026 Tout savoir sur la prochaine mise \u00e0 jour des iPhone d\u2019Apple\" rel=\"nofollow noopener\" target=\"_blank\">iOS 26<\/a>, avec l\u2019introduction d\u2019au moins un autre agent IA en plus de ChatGPT (potentiellement Google Gemini) ou encore d\u2019une API permettant l\u2019int\u00e9gration des outils d\u2019Apple <a href=\"https:\/\/www.lesnumeriques.com\/telephone-portable\/ios-19-pas-de-nouvelles-fonctionnalites-pour-apple-intelligence-mais-quelques-ameliorations-n234015.html\" title=\"iOS 19\u00a0: pas de nouvelles fonctionnalit\u00e9s pour Apple Intelligence, mais quelques am\u00e9liorations\" rel=\"nofollow noopener\" target=\"_blank\">dans les applications tierces<\/a>.<\/p>\n<p class=\"ed__a-p ed__bdy__l\">Sant\u00e9 aurait de son c\u00f4t\u00e9 droit \u00e0 une interface mise \u00e0 jour, avec en plus <a href=\"https:\/\/www.lesnumeriques.com\/telephone-portable\/ios-19-apple-jouerait-au-vrai-medecin-sur-iphone-grace-a-l-intelligence-artificielle-n234958.html\" title=\"iOS 19 : Apple jouerait au \u201cvrai m\u00e9decin\u201d sur iPhone gr\u00e2ce \u00e0 l\u2019intelligence artificielle\" rel=\"nofollow noopener\" target=\"_blank\">un coach sant\u00e9 aliment\u00e9 par l\u2019IA<\/a>. Objectif : \u201cproposer des recommandations personnalis\u00e9es sur les moyens d&rsquo;am\u00e9liorer sa sant\u00e9\u201d, bas\u00e9es sur les donn\u00e9es collect\u00e9es par l\u2019application.<\/p>\n<p class=\"ed__a-p ed__bdy__l\">L\u2019intelligence artificielle permettrait aussi d\u2019optimiser la gestion de la batterie sur l\u2019iPhone, et donc l\u2019autonomie, gr\u00e2ce \u00e0 une <a href=\"https:\/\/www.lesnumeriques.com\/telephone-portable\/iphone-ios-19-ameliorerait-l-autonomie-grace-a-apple-intelligence-n236743.html\" title=\"iPhone : iOS\u00a019 am\u00e9liorerait l\u2019autonomie gr\u00e2ce \u00e0 Apple Intelligence\" rel=\"nofollow noopener\" target=\"_blank\">nouvelle fonctionnalit\u00e9 d\u00e9di\u00e9e<\/a>. Enfin, Apple proposerait la <a href=\"https:\/\/www.lesnumeriques.com\/ecouteurs-sans-fil\/ios-19-promet-une-nouvelle-ere-pour-les-airpods-la-traduction-instantanee-n234181.html\" title=\"iOS 19 transforme les AirPods, Apple pr\u00e9pare une traduction instantan\u00e9e qui pourrait tout changer\" rel=\"nofollow noopener\" target=\"_blank\">traduction en temps r\u00e9el<\/a> sur les AirPods gr\u00e2ce \u00e0 iOS 26 ainsi qu&rsquo;un <a href=\"https:\/\/www.lesnumeriques.com\/telephone-portable\/ios-19-apple-prepare-du-nouveau-pour-le-wifi-et-le-calendrier-des-iphone-n236724.html\" title=\"iOS 19 : Apple pr\u00e9pare du nouveau pour le wifi et le calendrier des iPhone\" rel=\"nofollow noopener\" target=\"_blank\">calendrier sous IA<\/a>.<\/p>\n<p>Les autres nouveaut\u00e9s attendues avec iOS 26<\/p>\n<p class=\"ed__a-p ed__bdy__l\">Pour finir, parlons rapidement des autres nouveaut\u00e9s, plus ou moins grandes, pr\u00e9vues par Apple :<\/p>\n<ul class=\"ed__lists ed__bdy__l\">\n<li>Une application d\u00e9di\u00e9e aux jeux vid\u00e9o<\/li>\n<li>L\u2019am\u00e9lioration du RCS, avec notamment le cryptage des messages de bout en bout<\/li>\n<li>Le temps de charge restant sur l\u2019\u00e9cran de verrouillage<\/li>\n<li>\n<a href=\"https:\/\/www.lesnumeriques.com\/telephone-portable\/ios-19-et-ipados-19-apple-miserait-beaucoup-sur-le-multitache-voici-comment-n235993.html\" title=\"iOS 19 et iPadOS 19 : Apple miserait beaucoup sur le multit\u00e2che, voici comment !\" rel=\"nofollow noopener\" target=\"_blank\">Un mode bureau<\/a> \u00e0 la Samsung DeX<\/li>\n<li>Une migration simplifi\u00e9e d\u2019une eSIM vers un smartphone Android<\/li>\n<li>De <a href=\"https:\/\/www.lesnumeriques.com\/telephone-portable\/ios-19-apple-transforme-l-iphone-avec-de-nouvelles-options-d-accessibilite-n236811.html\" title=\"iOS 19 : Apple transforme l\u2019iPhone avec de nouvelles options d\u2019accessibilit\u00e9\" rel=\"nofollow noopener\" target=\"_blank\">nouvelles fonctions d\u2019accessibilit\u00e9<\/a>\n<\/li>\n<\/ul>\n<p class=\"ed__a-p ed__bdy__l\">Toutes ces nouveaut\u00e9s devraient \u00eatre d\u00e9voil\u00e9es officiellement lors de la WWDC 2025. Reste \u00e0 voir ce qu\u2019Apple confirmera \u2014 ou pas \u2014 lors de sa keynote du 9 juin.<\/p>\n","protected":false},"excerpt":{"rendered":"Depuis quelques semaines, les rumeurs autour d\u2019iOS 19 \u2014 normalement renomm\u00e9e iOS 26 par Apple \u2014 se sont&hellip;\n","protected":false},"author":2,"featured_media":162377,"comment_status":"","ping_status":"","sticky":false,"template":"","format":"standard","meta":{"footnotes":""},"categories":[7],"tags":[1011,27,43,40,41,39,42,44],"class_list":{"0":"post-162376","1":"post","2":"type-post","3":"status-publish","4":"format-standard","5":"has-post-thumbnail","7":"category-sciences-et-technologies","8":"tag-fr","9":"tag-france","10":"tag-science","11":"tag-science-and-technology","12":"tag-sciences","13":"tag-sciences-et-technologies","14":"tag-technologies","15":"tag-technology"},"share_on_mastodon":{"url":"https:\/\/pubeurope.com\/@fr\/114651389378876867","error":""},"_links":{"self":[{"href":"https:\/\/www.europesays.com\/fr\/wp-json\/wp\/v2\/posts\/162376","targetHints":{"allow":["GET"]}}],"collection":[{"href":"https:\/\/www.europesays.com\/fr\/wp-json\/wp\/v2\/posts"}],"about":[{"href":"https:\/\/www.europesays.com\/fr\/wp-json\/wp\/v2\/types\/post"}],"author":[{"embeddable":true,"href":"https:\/\/www.europesays.com\/fr\/wp-json\/wp\/v2\/users\/2"}],"replies":[{"embeddable":true,"href":"https:\/\/www.europesays.com\/fr\/wp-json\/wp\/v2\/comments?post=162376"}],"version-history":[{"count":0,"href":"https:\/\/www.europesays.com\/fr\/wp-json\/wp\/v2\/posts\/162376\/revisions"}],"wp:featuredmedia":[{"embeddable":true,"href":"https:\/\/www.europesays.com\/fr\/wp-json\/wp\/v2\/media\/162377"}],"wp:attachment":[{"href":"https:\/\/www.europesays.com\/fr\/wp-json\/wp\/v2\/media?parent=162376"}],"wp:term":[{"taxonomy":"category","embeddable":true,"href":"https:\/\/www.europesays.com\/fr\/wp-json\/wp\/v2\/categories?post=162376"},{"taxonomy":"post_tag","embeddable":true,"href":"https:\/\/www.europesays.com\/fr\/wp-json\/wp\/v2\/tags?post=162376"}],"curies":[{"name":"wp","href":"https:\/\/api.w.org\/{rel}","templated":true}]}}