{"id":162380,"date":"2025-06-09T03:56:11","date_gmt":"2025-06-09T03:56:11","guid":{"rendered":"https:\/\/www.europesays.com\/fr\/162380\/"},"modified":"2025-06-09T03:56:11","modified_gmt":"2025-06-09T03:56:11","slug":"le-bateau-humanitaire-qui-transportait-rima-hassan-a-gaza-deroute-par-larmee-israelienne","status":"publish","type":"post","link":"https:\/\/www.europesays.com\/fr\/162380\/","title":{"rendered":"Le bateau humanitaire qui transportait Rima Hassan \u00e0 Gaza d\u00e9rout\u00e9 par l&rsquo;arm\u00e9e isra\u00e9lienne"},"content":{"rendered":"<p>Le minist\u00e8re isra\u00e9lien des Affaires \u00e9trang\u00e8res a affirm\u00e9 que le bateau allait accoster en Isra\u00ebl, d\u2019o\u00f9 ses passagers devront \u00abretourner dans leurs pays\u00bb. Jean-Luc M\u00e9lenchon d\u00e9nonce une \u00abarrestation ill\u00e9gale\u00bb et appelle la communaut\u00e9 internationale \u00e0 r\u00e9agir.<\/p>\n<p class=\"fig-paragraph\">L&rsquo;organisation Freedom Flotilla Coalition, qui a affr\u00e9t\u00e9\u00a0<a href=\"http:\/\/www.lefigaro.fr\/international\/israel-ordonne-a-l-armee-d-empecher-l-arrivee-a-gaza-du-bateau-humanitaire-dans-lequel-se-trouve-rima-hassan-20250608\" data-fig-type=\"NewsFlash\" data-gtm-custom-categorie=\"navigation\" data-gtm-custom-action=\"crossclick\" data-gtm-custom-label=\"Contextuel\" data-gtm-event=\"customEventSPE\" data-fig-domain=\"LEFIGARO\" rel=\"nofollow noopener\" target=\"_blank\">le bateau humanitaire Madleen<\/a>\u00a0\u00e0 destination de Gaza, avec \u00e0 son bord notamment l\u2019eurod\u00e9put\u00e9e LFI Rima Hassan et l&rsquo;activiste su\u00e9doise\u00a0<a href=\"http:\/\/www.lefigaro.fr\/politique\/comment-se-deroule-le-voyage-de-greta-thunberg-et-rima-hassan-en-route-vers-gaza-a-bord-d-un-voilier-20250603\" data-fig-type=\"Article\" data-gtm-custom-categorie=\"navigation\" data-gtm-custom-action=\"crossclick\" data-gtm-custom-label=\"Contextuel\" data-gtm-event=\"customEventSPE\" data-fig-domain=\"LEFIGARO\" rel=\"nofollow noopener\" target=\"_blank\">Greta Thunberg<\/a>, a affirm\u00e9 lundi que celui-ci avait \u00e9t\u00e9 \u00abarraisonn\u00e9\u00bb par l&rsquo;arm\u00e9e isra\u00e9lienne. \u00abLa liaison a \u00e9t\u00e9 perdue avec le Madleen. L&rsquo;arm\u00e9e isra\u00e9lienne a arraisonn\u00e9 le bateau\u00bb a d\u2019abord indiqu\u00e9 cette organisation sur Telegram, affirmant que l&rsquo;\u00e9quipage avait \u00e9t\u00e9 \u00abkidnapp\u00e9 par les forces isra\u00e9liennes\u00bb.<\/p>\n<p class=\"fig-paragraph\">Parti d\u2019Italie le 1er juin pour \u00abbriser le blocus isra\u00e9lien\u00bb, le voilier faisait route vers Gaza apr\u00e8s une escale en \u00c9gypte, en d\u00e9pit de l\u2019ordre donn\u00e9 par Isra\u00ebl \u00e0 son arm\u00e9e de l\u2019emp\u00eacher de rallier le territoire palestinien. Selon les derniers pointages \u00e0 22H00 GMT, il se trouvait \u00e0 31 milles nautiques (57 km) de Gaza. L&rsquo;AFP n&rsquo;a pu contacter aucune des personnes \u00e0 bord &#8211; la communication sur le compte X de Rima Hassan est assur\u00e9e par son \u00e9quipe depuis qu\u2019elle a perdu contact avec elle.<\/p>\n<p class=\"fig-paragraph\">Le minist\u00e8re isra\u00e9lien des Affaires \u00e9trang\u00e8res a affirm\u00e9 lundi que le bateau avait \u00e9t\u00e9 d\u00e9rout\u00e9 et allait accoster en Isra\u00ebl, d\u2019o\u00f9 ses passagers devront \u00abretourner dans leurs pays\u00bb. Le voilier \u00abfait route en toute s\u00e9curit\u00e9 vers les c\u00f4tes d\u2019Isra\u00ebl. Il est pr\u00e9vu que les passagers retournent dans leurs pays\u00bb, a indiqu\u00e9 le minist\u00e8re dans un communiqu\u00e9, peu apr\u00e8s les d\u00e9clarations de l\u2019ONG.<\/p>\n<p>M\u00e9lenchon d\u00e9nonce une \u00abarrestation ill\u00e9gale\u00bb<\/p>\n<p class=\"fig-paragraph\">Jean-Luc M\u00e9lenchon appelle \u00ables \u00c9tats, l\u2019Union europ\u00e9enne, les Nations unies et l\u2019ensemble de la communaut\u00e9 internationale\u00bb \u00e0 \u00abcondamner cette arrestation ill\u00e9gale\u00bb, \u00e0 exiger \u00abla lib\u00e9ration imm\u00e9diate et inconditionnelle de l\u2019ensemble des membres de l\u2019\u00e9quipage\u00bb et \u00e0 \u00abfaire pression sur les autorit\u00e9s isra\u00e9liennes pour qu\u2019elles laissent passer sans entrave l\u2019aide humanitaire vers Gaza, conform\u00e9ment au droit international\u00bb.<\/p>\n<p class=\"fig-paragraph\">\u00abCette interception, op\u00e9r\u00e9e en dehors des eaux territoriales isra\u00e9liennes, constitue une violation flagrante du droit international, notamment du droit maritime et du droit humanitaire, a-t-il d\u00e9clar\u00e9 dans un communiqu\u00e9. L\u2019arrestation des membres de l\u2019\u00e9quipage et la saisie de l\u2019aide destin\u00e9e \u00e0 une population en d\u00e9tresse humanitaire imm\u00e9diate sont inacceptables\u00bb.<\/p>\n<p>\u00abNous resterons mobilis\u00e9s\u00bb<\/p>\n<p class=\"fig-paragraph\">Plus t\u00f4t dimanche, le ministre isra\u00e9lien de la D\u00e9fense,\u00a0<a href=\"http:\/\/www.lefigaro.fr\/vox\/monde\/israel-katz-qui-veut-la-paix-se-doit-de-combattre-le-terrorisme-20241007\" target=\"_blank\" data-fig-type=\"Article\" rel=\"noopener nofollow\" data-gtm-custom-categorie=\"navigation\" data-gtm-custom-action=\"crossclick\" data-gtm-custom-label=\"Contextuel\" data-gtm-event=\"customEventSPE\" data-fig-domain=\"LEFIGARO\">Isra\u00ebl Katz,<\/a>\u00a0avait annonc\u00e9 avoir ordonn\u00e9 \u00e0 l\u2019arm\u00e9e isra\u00e9lienne de l\u2019\u00abemp\u00eacher (&#8230;) d\u2019atteindre Gaza\u00bb. \u00abJ\u2019ai donn\u00e9 pour instruction \u00e0 Tsahal d\u2019emp\u00eacher le navire\u00a0Madleen d\u2019atteindre Gaza. \u00c0 Greta l\u2019antis\u00e9mite et \u00e0 ses compagnons, porte-voix de la propagande du (mouvement islamiste palestinien) Hamas, je dis clairement\u00a0: faites demi-tour car vous n\u2019arriverez pas \u00e0 Gaza\u00bb, avait d\u00e9clar\u00e9 le ministre dans un communiqu\u00e9.<\/p>\n<p class=\"fig-paragraph\">\u00abNous resterons mobilis\u00e9s jusqu\u2019\u00e0 la derni\u00e8re minute &#8211; jusqu\u2019\u00e0 ce qu\u2019Isra\u00ebl coupe Internet et les r\u00e9seaux\u00bb, avait alors r\u00e9pondu l\u2019\u00e9lue franco-palestinienne Rima Hassan, alors dans les eaux \u00e9gyptiennes. \u00abNous n\u2019avons pas peur\u00bb des Isra\u00e9liens, avait de son c\u00f4t\u00e9 affirm\u00e9 l\u2019activiste allemande Yaesmin Acar, qui figure parmi les douze passagers, les autres \u00e9tant six Fran\u00e7ais, une Su\u00e9doise, un Br\u00e9silien, un Espagnol, un Turc et un N\u00e9erlandais. \u00abLe message qu\u2019ils nous envoient (&#8230;) ne nous fait pas reculer\u00bb, avait-elle ajout\u00e9.<\/p>\n","protected":false},"excerpt":{"rendered":"Le minist\u00e8re isra\u00e9lien des Affaires \u00e9trang\u00e8res a affirm\u00e9 que le bateau allait accoster en Isra\u00ebl, d\u2019o\u00f9 ses passagers&hellip;\n","protected":false},"author":2,"featured_media":162381,"comment_status":"","ping_status":"","sticky":false,"template":"","format":"standard","meta":{"footnotes":""},"categories":[5],"tags":[259,11,260,3259,1011,27,665,26418,14,261,12,262,15442,28],"class_list":{"0":"post-162380","1":"post","2":"type-post","3":"status-publish","4":"format-standard","5":"has-post-thumbnail","7":"category-international","8":"tag-actualite-internationale","9":"tag-actualites","10":"tag-affaires-etrangeres","11":"tag-conflit-israelo-palestinien","12":"tag-fr","13":"tag-france","14":"tag-gaza","15":"tag-greta-thunberg","16":"tag-international","17":"tag-ministere-des-affaires-etrangeres","18":"tag-news","19":"tag-politique-etrangere","20":"tag-rima-hassan","21":"tag-world"},"share_on_mastodon":{"url":"https:\/\/pubeurope.com\/@fr\/114651397076346393","error":""},"_links":{"self":[{"href":"https:\/\/www.europesays.com\/fr\/wp-json\/wp\/v2\/posts\/162380","targetHints":{"allow":["GET"]}}],"collection":[{"href":"https:\/\/www.europesays.com\/fr\/wp-json\/wp\/v2\/posts"}],"about":[{"href":"https:\/\/www.europesays.com\/fr\/wp-json\/wp\/v2\/types\/post"}],"author":[{"embeddable":true,"href":"https:\/\/www.europesays.com\/fr\/wp-json\/wp\/v2\/users\/2"}],"replies":[{"embeddable":true,"href":"https:\/\/www.europesays.com\/fr\/wp-json\/wp\/v2\/comments?post=162380"}],"version-history":[{"count":0,"href":"https:\/\/www.europesays.com\/fr\/wp-json\/wp\/v2\/posts\/162380\/revisions"}],"wp:featuredmedia":[{"embeddable":true,"href":"https:\/\/www.europesays.com\/fr\/wp-json\/wp\/v2\/media\/162381"}],"wp:attachment":[{"href":"https:\/\/www.europesays.com\/fr\/wp-json\/wp\/v2\/media?parent=162380"}],"wp:term":[{"taxonomy":"category","embeddable":true,"href":"https:\/\/www.europesays.com\/fr\/wp-json\/wp\/v2\/categories?post=162380"},{"taxonomy":"post_tag","embeddable":true,"href":"https:\/\/www.europesays.com\/fr\/wp-json\/wp\/v2\/tags?post=162380"}],"curies":[{"name":"wp","href":"https:\/\/api.w.org\/{rel}","templated":true}]}}