{"id":162382,"date":"2025-06-09T03:57:10","date_gmt":"2025-06-09T03:57:10","guid":{"rendered":"https:\/\/www.europesays.com\/fr\/162382\/"},"modified":"2025-06-09T03:57:10","modified_gmt":"2025-06-09T03:57:10","slug":"avec-jordan-bardella-le-rn-se-reve-en-leader-de-lextreme-droite-europeenne-liberation","status":"publish","type":"post","link":"https:\/\/www.europesays.com\/fr\/162382\/","title":{"rendered":"Avec Jordan Bardella, le RN se r\u00eave en leader de l\u2019extr\u00eame droite europ\u00e9enne \u2013 Lib\u00e9ration"},"content":{"rendered":"<p class=\"sc-ksZaOG ehjQrN text-element\">Le jour de la Pentec\u00f4te, les chr\u00e9tiens se rappellent la fois o\u00f9 les disciples du Christ, r\u00e9unis dans une salle, ont vu descendre sur eux les langues de feu de l\u2019Esprit Saint et se sont d\u00e9couvert la facult\u00e9 de s\u2019exprimer dans tous les dialectes du monde connu. Au Rassemblement national (RN), rares sont les cadres \u00e0 baragouiner autre chose qu\u2019un sabir d\u2019anglais. Il faudra bien le concours du Saint-Esprit \u2013 ou \u00e0 d\u00e9faut, de traducteurs \u2013 pour entendre quelque chose aux discours des alli\u00e9s europ\u00e9ens, que le parti d\u2019extr\u00eame droite r\u00e9unit, ce lundi 9 juin, dans le Loiret.<\/p>\n<p class=\"sc-ksZaOG ehjQrN text-element\">L\u2019id\u00e9e est de produire une d\u00e9monstration de force en y convoquant ses a<\/p>\n","protected":false},"excerpt":{"rendered":"Le jour de la Pentec\u00f4te, les chr\u00e9tiens se rappellent la fois o\u00f9 les disciples du Christ, r\u00e9unis dans&hellip;\n","protected":false},"author":2,"featured_media":162383,"comment_status":"","ping_status":"","sticky":false,"template":"","format":"standard","meta":{"footnotes":""},"categories":[4],"tags":[11,1076,1011,27,3044,1077,12,8552,25,2848,364,7247],"class_list":{"0":"post-162382","1":"post","2":"type-post","3":"status-publish","4":"format-standard","5":"has-post-thumbnail","7":"category-france","8":"tag-actualites","9":"tag-extreme-droite","10":"tag-fr","11":"tag-france","12":"tag-giorgia-meloni","13":"tag-jordan-bardella","14":"tag-news","15":"tag-parlement-europeen","16":"tag-republique-francaise","17":"tag-rn","18":"tag-union-europeenne","19":"tag-viktor-orban"},"share_on_mastodon":{"url":"https:\/\/pubeurope.com\/@fr\/114651400997558442","error":""},"_links":{"self":[{"href":"https:\/\/www.europesays.com\/fr\/wp-json\/wp\/v2\/posts\/162382","targetHints":{"allow":["GET"]}}],"collection":[{"href":"https:\/\/www.europesays.com\/fr\/wp-json\/wp\/v2\/posts"}],"about":[{"href":"https:\/\/www.europesays.com\/fr\/wp-json\/wp\/v2\/types\/post"}],"author":[{"embeddable":true,"href":"https:\/\/www.europesays.com\/fr\/wp-json\/wp\/v2\/users\/2"}],"replies":[{"embeddable":true,"href":"https:\/\/www.europesays.com\/fr\/wp-json\/wp\/v2\/comments?post=162382"}],"version-history":[{"count":0,"href":"https:\/\/www.europesays.com\/fr\/wp-json\/wp\/v2\/posts\/162382\/revisions"}],"wp:featuredmedia":[{"embeddable":true,"href":"https:\/\/www.europesays.com\/fr\/wp-json\/wp\/v2\/media\/162383"}],"wp:attachment":[{"href":"https:\/\/www.europesays.com\/fr\/wp-json\/wp\/v2\/media?parent=162382"}],"wp:term":[{"taxonomy":"category","embeddable":true,"href":"https:\/\/www.europesays.com\/fr\/wp-json\/wp\/v2\/categories?post=162382"},{"taxonomy":"post_tag","embeddable":true,"href":"https:\/\/www.europesays.com\/fr\/wp-json\/wp\/v2\/tags?post=162382"}],"curies":[{"name":"wp","href":"https:\/\/api.w.org\/{rel}","templated":true}]}}