{"id":162388,"date":"2025-06-09T04:03:22","date_gmt":"2025-06-09T04:03:22","guid":{"rendered":"https:\/\/www.europesays.com\/fr\/162388\/"},"modified":"2025-06-09T04:03:22","modified_gmt":"2025-06-09T04:03:22","slug":"un-voyage-vers-les-sixties-avec-de-nombreux-decors-sera-le-fil-conducteur","status":"publish","type":"post","link":"https:\/\/www.europesays.com\/fr\/162388\/","title":{"rendered":"un voyage vers les sixties, avec de nombreux d\u00e9cors, sera le fil conducteur"},"content":{"rendered":"<p>C\u2019est l\u2019une des questions revenant chaque ann\u00e9e, \u00e0 la m\u00eame \u00e9poque. Elle concerne la <a href=\"https:\/\/www.estrepublicain.fr\/culture-loisirs\/2025\/05\/17\/bien-dans-son-epoque-la-foire-expo-poursuit-sur-sa-lancee\" target=\"_blank\" rel=\"noopener\">Foire Expo de Nancy<\/a>. \u00ab\u00a0Quel est le th\u00e8me de cette ann\u00e9e\u00a0?\u00a0\u00bb Le th\u00e8me\u2026 Le fil conducteur animant cet \u00e9v\u00e8nement \u00e9conomique majeur du Grand Est.<\/p>\n<p>Bien souvent, un pays ou une grande ville assurent un d\u00e9paysement pris\u00e9 des visiteurs. On a eu New York, Londres, San Francisco, <a href=\"https:\/\/www.estrepublicain.fr\/culture-loisirs\/2023\/05\/27\/foire-expo-si-venise-nous-etait-contee\" target=\"_blank\" rel=\"noopener\">Venise<\/a> , Cuba, l\u2019Irlande, les Cara\u00efbes et leurs tr\u00e9sors\u2026 \u00c0 chaque fois, l\u2019immersion a fait son effet.<\/p>\n<p>Cette\u00a0ann\u00e9e, c\u2019est bien un nouveau voyage qui est propos\u00e9, mais un poil diff\u00e9rent puisque celui-ci ne met pas le cap sur de lointaines contr\u00e9es&#8230;<\/p>\n","protected":false},"excerpt":{"rendered":"C\u2019est l\u2019une des questions revenant chaque ann\u00e9e, \u00e0 la m\u00eame \u00e9poque. Elle concerne la Foire Expo de Nancy.&hellip;\n","protected":false},"author":2,"featured_media":162389,"comment_status":"","ping_status":"","sticky":false,"template":"","format":"standard","meta":{"footnotes":""},"categories":[9635],"tags":[1111,11,1687,3602,1707,1704,1706,1705,10174,1777,674,1685,1011,27,775,6364,1702,12,25,5711],"class_list":{"0":"post-162388","1":"post","2":"type-post","3":"status-publish","4":"format-standard","5":"has-post-thumbnail","7":"category-nancy","8":"tag-actu","9":"tag-actualites","10":"tag-culture-loisirs","11":"tag-edition-bar-le-duc","12":"tag-edition-luneville","13":"tag-edition-nancy-et-agglomeration","14":"tag-edition-pont-a-mousson","15":"tag-edition-toul","16":"tag-edition-verdun","17":"tag-eu","18":"tag-europe","19":"tag-foire-et-salon","20":"tag-fr","21":"tag-france","22":"tag-grand-est","23":"tag-metropole-du-grand-nancy-54b1","24":"tag-nancy","25":"tag-news","26":"tag-republique-francaise","27":"tag-vandoeuvre-les-nancy"},"share_on_mastodon":{"url":"https:\/\/pubeurope.com\/@fr\/114651424601399545","error":""},"_links":{"self":[{"href":"https:\/\/www.europesays.com\/fr\/wp-json\/wp\/v2\/posts\/162388","targetHints":{"allow":["GET"]}}],"collection":[{"href":"https:\/\/www.europesays.com\/fr\/wp-json\/wp\/v2\/posts"}],"about":[{"href":"https:\/\/www.europesays.com\/fr\/wp-json\/wp\/v2\/types\/post"}],"author":[{"embeddable":true,"href":"https:\/\/www.europesays.com\/fr\/wp-json\/wp\/v2\/users\/2"}],"replies":[{"embeddable":true,"href":"https:\/\/www.europesays.com\/fr\/wp-json\/wp\/v2\/comments?post=162388"}],"version-history":[{"count":0,"href":"https:\/\/www.europesays.com\/fr\/wp-json\/wp\/v2\/posts\/162388\/revisions"}],"wp:featuredmedia":[{"embeddable":true,"href":"https:\/\/www.europesays.com\/fr\/wp-json\/wp\/v2\/media\/162389"}],"wp:attachment":[{"href":"https:\/\/www.europesays.com\/fr\/wp-json\/wp\/v2\/media?parent=162388"}],"wp:term":[{"taxonomy":"category","embeddable":true,"href":"https:\/\/www.europesays.com\/fr\/wp-json\/wp\/v2\/categories?post=162388"},{"taxonomy":"post_tag","embeddable":true,"href":"https:\/\/www.europesays.com\/fr\/wp-json\/wp\/v2\/tags?post=162388"}],"curies":[{"name":"wp","href":"https:\/\/api.w.org\/{rel}","templated":true}]}}