{"id":162398,"date":"2025-06-09T04:12:14","date_gmt":"2025-06-09T04:12:14","guid":{"rendered":"https:\/\/www.europesays.com\/fr\/162398\/"},"modified":"2025-06-09T04:12:14","modified_gmt":"2025-06-09T04:12:14","slug":"la-bobine-la-fabrique-opera-la-municipalite-eteint-la-lumiere","status":"publish","type":"post","link":"https:\/\/www.europesays.com\/fr\/162398\/","title":{"rendered":"LA BOBINE, LA FABRIQUE OP\u00c9RA, LA MUNICIPALIT\u00c9 \u00c9TEINT LA LUMI\u00c9RE"},"content":{"rendered":"<p>Posted On 9 juin 2025 <\/p>\n<p>Ce n&rsquo;est pas seulement <a href=\"https:\/\/grenoble-le-changement.fr\/2025\/06\/07\/stade-des-alpes-les-elus-sattaquent-au-fcg-et-au-gf38\/\" target=\"_blank\" rel=\"noopener\">le sport avec la gestion calamiteuse du Stade des Alpes<\/a> qui est mis en difficult\u00e9s, mais aussi la culture. Cette fin de mandat est en train de solder une politique une d\u00e9cennie catastrophique faite d&rsquo;Oukases , de suppressions de subventions, de r\u00e9glements de comptes dans le secteur culturel.\u00a0<\/p>\n<p>Un journaliste de gauche ,\u00a0 Fr\u00e9d\u00e9ric Martel de France Culture ,<a href=\"https:\/\/grenoble-le-changement.fr\/2021\/03\/01\/frederic-martel-france-culture-et-e-piolle-oukases-coups-de-menton-et-arbitraire-politique\/\" target=\"_blank\" rel=\"noopener\"> avait \u00e9tabli un inventaire accablant<\/a> et r\u00e9cemment Yves Aupetitallot, <a href=\"https:\/\/grenoble-le-changement.fr\/2025\/04\/27\/lex-directeur-du-magasin-cnac-torpille-la-politique-culturelle-de-grenoble\/\" target=\"_blank\" rel=\"noopener\">ancien directeur du Magasin-CNAC a port\u00e9 le coup de gr\u00e2ce e<\/a>n \u00e9voquant \u00ab\u00a0Un champ de ruines culturel \u00bb concluant \u00a0\u00ab\u00a0toutes les forces politiques, de droite ou de gauche, doivent s\u2019unir pour tourner la page Piolle\u00a0\u00bb car \u00ab\u00a0un troisi\u00e8me mandat de cette nature et Grenoble sera vraiment un village\u00a0\u00bb.<\/p>\n<p><a href=\"https:\/\/i0.wp.com\/grenoble-le-changement.fr\/wp-content\/uploads\/2025\/06\/Capture-de\u0301cran-2025-06-08-a\u0300-17.41.25.png?ssl=1\" rel=\"lightbox[82496] noopener\" target=\"_blank\"><img decoding=\"async\" data-id=\"82497\" src=\"https:\/\/i0.wp.com\/grenoble-le-changement.fr\/wp-content\/uploads\/2025\/06\/Capture-de\u0301cran-2025-06-08-a\u0300-17.41.25.png?resize=678%2C293&amp;ssl=1\" alt=\"\" class=\"wp-image-82497 jetpack-lazy-image\" data-recalc-dims=\"1\" data-lazy-src=\"https:\/\/i0.wp.com\/grenoble-le-changement.fr\/wp-content\/uploads\/2025\/06\/Capture-de\u0301cran-2025-06-08-a\u0300-17.41.25.png?resize=678%2C293&amp;is-pending-load=1#038;ssl=1\" \/><\/a><\/p>\n<p><strong>\u00a0 LA BOBINE EST EN REDRESSEMENT JUDICIAIRE<\/strong><\/p>\n<p>Aujourd&rsquo;hui La Bobine est en liquidation judiciaire . \u00ab\u00a0C\u2019est un des lieux embl\u00e9matiques de la culture \u00e0 Grenoble. Depuis 27 ans, La Bobine proposait des concerts, des ateliers, un service de restauration et un bar. Dans le tr\u00e8s beau cadre du parc Paul-Mistral \u00a0\u00bb rappelle Cl\u00e9ment Berthet dans le DL ( 8\/6\/24).\u00a0<\/p>\n<p><strong>L.LHEUREUX L&rsquo;ADJOINTE ( Verts\/LFI) CALAMIT\u00c9 AURA \u00c9T\u00c9 LA FOSSOYEUSE de la CULTURE<\/strong><\/p>\n<p>A cette annonce on entend aucun \u00e9lu,<a href=\"https:\/\/grenoble-le-changement.fr\/2023\/12\/14\/culture-l-lheureux-se-torpille-elle-meme\/\" target=\"_blank\" rel=\"noopener\"> Lucille Lheureux l&rsquo;Adjointe\/calamit\u00e9 ( Verts\/LFI)<\/a> \u00e0 la culture n&rsquo;a pas encore exprim\u00e9 sa compassion et son impuissance , mais \u00e7a viendra . F\u00e9minisons bien le mot :elle aura \u00e9t\u00e9 une fossoyeuse de la culture. Un lieu suppl\u00e9mentaire de convivialit\u00e9 et d&rsquo;\u00e9changes disparait. La ville s&rsquo;affaiblit, s&rsquo;affadit , se normalise.\u00a0 Tout \u00e0 c\u00f4t\u00e9 par contre on a trouv\u00e9 les fonds pour installer sous l&rsquo;anneau de vitesse <a href=\"https:\/\/grenoble-le-changement.fr\/2024\/10\/15\/ecole-du-velo-un-an-de-gadget-hors-de-prix\/\" target=\"_blank\" rel=\"noopener\">l&rsquo;\u00e9cole du v\u00e9lo avec &#8230; 1,2 millions d&rsquo;\u20ac de budget<\/a> . Il y avait une centaine d&rsquo;inscrits \u00e0 la rentr\u00e9e derni\u00e8re et d&rsquo;apr\u00e9s nos calculs l&rsquo;heure pour les cours pour adultes revient \u00e0 1300 \u20ac.\u00a0<\/p>\n<p><strong>230 000 \u20ac POUR 100 PANIERS REPAS \u00e0 la FIN DE L&rsquo;ANN\u00c9E<\/strong><\/p>\n<p>\u00e7a fait penser <a style=\"font-size: revert; font-family: -apple-system, BlinkMacSystemFont, &#039;Segoe UI&#039;, Roboto, Oxygen-Sans, Ubuntu, Cantarell, &#039;Helvetica Neue&#039;, sans-serif;\" href=\"https:\/\/grenoble-le-changement.fr\/2024\/02\/06\/securite-sociale-alimentaire-la-nouvelle-fumisterie-made-in-grenoble\/\" target=\"_blank\" rel=\"noopener\">\u00e0 l&rsquo;\u00e9tude sur la \u00a0\u00bb s\u00e9curit\u00e9 sociale alimentaire\u00a0\u00bb<\/a> et les 230 000 \u20ac de subventions \u00e0 une association savoyarde amie qui produira une centaine de paniers repas en fin d&rsquo;ann\u00e9e.<\/p>\n<p>Rien pour la Bobine sinon deux mois d&rsquo;exon\u00e9ration de loyer. Selon certains internautes qui s&rsquo;expriment sur le site du DL, la suppression du parking de 120 places derri\u00e8re l&rsquo;anneau de vitesse aurait contribu\u00e9 au probl\u00e8me. M\u00eame si une minorit\u00e9 vient en voitures, si celle-ci disparait, l&rsquo;\u00e9quilibre financier est compromis. Les commerces grenoblois le savent bien.\u00a0<\/p>\n<p><strong>LA BOBINE A DONN\u00c9 DES GAGES EN SOUTENANT L&rsquo;ULTRA GAUCHE DU 38<\/strong><\/p>\n<p>Pourtant la Bobine avait donn\u00e9 des gages, <a href=\"https:\/\/grenoble-le-changement.fr\/2024\/02\/22\/38-rue-dalembert-les-privileges-honteux-de-lextreme-gauche\/\" target=\"_blank\" rel=\"noopener\">soutenant le groupe de l&rsquo;ultra gauche<\/a> install\u00e9 par la municipalit\u00e9 <a href=\"https:\/\/grenoble-le-changement.fr\/2022\/03\/21\/38-dalembert-b-boer-et-c-chappet-attaquent-le-bail\/\" target=\"_blank\" rel=\"noopener\">pour 40 ans au 38 rue d&rsquo;Alembert.<\/a> Le 5 juin une soir\u00e9e \u00e9tait organis\u00e9e pour l&rsquo;aider \u00e0 recueillir les 27 000 \u20ac qui manquent encore pour les travaux. Une perte de recettes pour la Bobine qui n&rsquo;\u00e9tait pas la plus opportune alors elle-m\u00eame dans la phase de redressement judiciaire&#8230;\u00a0<\/p>\n<p><a href=\"https:\/\/i0.wp.com\/grenoble-le-changement.fr\/wp-content\/uploads\/2025\/06\/Unknown.png?ssl=1\" rel=\"lightbox[82496] noopener\" target=\"_blank\"><img decoding=\"async\" data-id=\"82498\" src=\"https:\/\/i0.wp.com\/grenoble-le-changement.fr\/wp-content\/uploads\/2025\/06\/Unknown.png?w=678&amp;ssl=1\" alt=\"\" class=\"wp-image-82498 jetpack-lazy-image\" data-recalc-dims=\"1\" data-lazy-src=\"https:\/\/www.europesays.com\/fr\/wp-content\/uploads\/2025\/06\/Unknown.png\" \/><\/a><br \/>\nLa Bobine en soutien au 38 rue d&rsquo;Alembert : l&rsquo;appui \u00e0 l&rsquo;ultra gauche n&rsquo;a pas suffit &#8230;<\/p>\n<p><strong>Patrick SOUILLOT ( LA FABRIQUE OP\u00c9RA) A D\u00c9MOCRATIS\u00c9 L&rsquo;OP\u00c9RA<\/strong><\/p>\n<p>Du c\u00f4t\u00e9 de la Fabrique Op\u00e9ra, Patrick Souillot , l&#8217;embl\u00e9matique chef d&rsquo;orchestre est confiant. Certes il a demand\u00e9 de placer la structure en redressement judiciaire lui aussi, mais il veut s&rsquo;en sortir. Cr\u00e9\u00e9e en 2006 par le chef d\u2019orchestre, cette structure propose des op\u00e9ras de grands noms (Verdi, Bernstein, Gounod\u2026) en f\u00e9d\u00e9rant 400 \u00e0 500 \u00e9l\u00e8ves, apprentis et \u00e9tudiants issus d\u2019\u00e9tablissements d\u2019enseignement professionnel et technique. Avec un credo, l\u2019op\u00e9ra pour tous. \u00ab\u00a0Ce mod\u00e8le a permis \u00e0 des milliers de jeunes de gagner confiance en eux, d\u2019acqu\u00e9rir des comp\u00e9tences, et de participer \u00e0 des \u0153uvres collectives d\u2019exception. Il a d\u00e9mocratis\u00e9 l\u2019op\u00e9ra, attir\u00e9 un public plus jeune et familial\u00a0\u00bb, estime Patrick Souillot ( DL du 5\/6\/25)\u00a0<\/p>\n<p><strong>4000 \u20ac DE LA VILLE SUR&#8230; 600 000 \u20ac DE BUDGET<\/strong><\/p>\n<p>Son succ\u00e9s est formidable , appuy\u00e9 sur une centaine de b\u00e9n\u00e9voles, un budget aliment\u00e9 \u00e0 67 % par la billetterie,\u00a0 des sponsors, des m\u00e9c\u00e8nes, 47 \u00e9tablissements scolaires touch\u00e9s&#8230; Avec ces 600 000 \u20ac de budget elle per\u00e7oit une subvention de&#8230; 4000 \u20ac de la ville et celle de la M\u00e9tropole n&rsquo;est plus vers\u00e9e du <a href=\"https:\/\/grenoble-le-changement.fr\/2024\/12\/19\/des-heures-sombres-pour-la-culture-a-grenoble\/\" target=\"_blank\" rel=\"noopener\">fait d&rsquo;un conflit politique ville\/M\u00e9tropole!\u00a0<\/a> Pour comparer, des toilettes s\u00e8ches install\u00e9es au jardin de ville, ferm\u00e9es ,car elles ne fonctionnent pas, coutent 55 000 \u20ac. Les toilettes \u00e0 \u00e9oliennes install\u00e9es parc paul Mistral et enlev\u00e9es&#8230; 110 000 \u20ac.<\/p>\n<p><strong>WEST SIDE STORY A ATTIR\u00c9 1 200 SPECTATEURS AU SUMMUM<\/strong><\/p>\n<p>West Side Story d\u00e9but juin a accueilli 1 200 spectateurs au Summun. L&rsquo;oeuvre de d\u00e9mocratisation de l&rsquo;Op\u00e9ra est donc menac\u00e9e par la politique municipale. Celle ci est \u00e0 front de boeuf tant elle est b\u00eate. Car derri\u00e8re des accents de modernit\u00e9 sur la plan\u00e8te pour endormir le gogo, on \u00e0 \u00e0 faire \u00e0 des incomp\u00e9tents maladifs.\u00a0<\/p>\n<p><a href=\"https:\/\/i2.wp.com\/grenoble-le-changement.fr\/wp-content\/uploads\/2025\/06\/468648154_18083332654530991_3270882591550944306_n.jpg?ssl=1\" rel=\"lightbox[82496] noopener\" target=\"_blank\"><img decoding=\"async\" data-id=\"82499\" src=\"https:\/\/i2.wp.com\/grenoble-le-changement.fr\/wp-content\/uploads\/2025\/06\/468648154_18083332654530991_3270882591550944306_n.jpg?resize=678%2C848&amp;ssl=1\" alt=\"\" class=\"wp-image-82499 jetpack-lazy-image\" data-recalc-dims=\"1\" data-lazy-src=\"https:\/\/www.europesays.com\/fr\/wp-content\/uploads\/2025\/06\/468648154_18083332654530991_3270882591550944306_n.jpg\" \/><\/a><br \/>\nAlain Carignon a MC2 avec Patrick Souillot,le chef d&rsquo;orchestre,  Laetitia Rabih, Pr\u00e9sidente du MC2 , Aurelie Ferro et Henri Baile <\/p>\n<p><strong>LES \u00c9LUS ROUGE\/VERTS ONT TIR\u00c9 SUR TOUT CE QUI BOUGE<\/strong><\/p>\n<p>L&rsquo;arriv\u00e9e des Rouge\/Verts avait \u00e9t\u00e9 marqu\u00e9e par la suppression de la subvention aux Musiciens du Louvre , puis par la dissolution de la R\u00e9gie RC2 qui g\u00e9rait \u00a0\u00bb le ciel\u00a0\u00bb et La Chaufferie car ils voulaient se d\u00e9barrasser des deux op\u00e9rateurs: en fin de proc\u00e9dure, salaires \u00e0 r\u00e9tablir sur 4 ans, indemnit\u00e9s, obligation de r\u00e9embaucher qu&rsquo;il faut payer pour l&rsquo;\u00e9viter,<a href=\"https:\/\/grenoble-le-changement.fr\/2024\/04\/11\/affaires-et-proces-les-elus-verts-et-allies-dans-la-tourmente\/\" target=\"_blank\" rel=\"noopener\"> l&rsquo;op\u00e9ration avoisinera le million d&rsquo;\u20ac.\u00a0<\/a><\/p>\n<p><strong>ILS ONT REPRIS LA PROGRAMMATION DES TH\u00c9\u00c2TRES&#8230;<\/strong><\/p>\n<p>Il y a eu l&rsquo;\u00e9limination du\u00a0 Tricycle, le collectif qui assurait la programmation des Th\u00e9\u00e2tres ,afin de la reprendre en mains <a href=\"https:\/\/grenoble-le-changement.fr\/2024\/09\/04\/la-municipalisation-du-theatre-saccentue\/\" target=\"_blank\" rel=\"noopener\">,qui aboutit a perdre 40 000<\/a> spectateurs<a href=\"https:\/\/grenoble-le-changement.fr\/2021\/09\/08\/theatre-municipal-la-secte-rouge-verts-etend-son-emprise\/\" target=\"_blank\" rel=\"noopener\"> au Th\u00e9\u00e2tre Municipal<\/a> dont la directrice ob\u00e9it \u00e0 l&rsquo;Adjointe \u00e0 la culture.\u00a0<\/p>\n<p><strong>&#8230; IMPOS\u00c9 DES CADRES \u00e0 LA CR\u00c9ATION ARTISTIQUE<\/strong><\/p>\n<p>On se souvient de la fermeture des biblioth\u00e8ques, et \u00e7a continue. De la baisse de la subvention \u00e0 MC2. Une premi\u00e8re.\u00a0 Un champ de ruines municipal dans lequel les cr\u00e9ateurs ont surv\u00e9cu dans la d\u00e9brouillardise , maintenant \u00e0 Grenoble cette effervescence et cette diversit\u00e9 culturelle qui sont la marque de la ville.\u00a0 <a href=\"https:\/\/grenoble-le-changement.fr\/2023\/07\/28\/culture-la-prise-en-mains-par-la-municipalite-saccelere\/\" target=\"_blank\" rel=\"noopener\">Malgr\u00e9 la volont\u00e9 par les chartes et autres obligations d&rsquo;imposer le discours municipal<\/a> dans toutes les cr\u00e9ations culturelles.<\/p>\n<p><strong>LA FIN DU MANDAT CONFIRME LE D\u00c9BUT\u00a0<\/strong><\/p>\n<p>La fin de la Bobine, les menaces qui p\u00e8sent sur la Fabrique Op\u00e9ra \u00e9clairent d&rsquo;un jour particulier la fin du mandat. Elle confirme le d\u00e9but . Par sectarisme, refus de tout pragmatisme, choix financiers li\u00e9s \u00e0 une id\u00e9ologie hors sol, Eric Piolle et sa majorit\u00e9 ont fait un mal fou \u00e0 Grenoble.\u00a0<\/p>\n<p><strong>Laurence RUFFIN ( Verts\/LFI) la CANDIDATE DE PIOLLE DEVRA S&rsquo;EXPLIQUER<\/strong><\/p>\n<p>Laurence Ruffin, choisie pour poursuivre cette politique en changeant seulement le visage, devra s&rsquo;en expliquer. Pas seulement sur l&rsquo;avenir. Mais sur le pass\u00e9 le plus ancien et le plus r\u00e9cent.\u00a0 Avec la m\u00eame m\u00e9thode , m\u00e9lange de brutalit\u00e9 et d&rsquo;indiff\u00e9rence, elle converge vers le m\u00eame r\u00e9sultat.\u00a0<\/p>\n","protected":false},"excerpt":{"rendered":"Posted On 9 juin 2025 Ce n&rsquo;est pas seulement le sport avec la gestion calamiteuse du Stade des&hellip;\n","protected":false},"author":2,"featured_media":162399,"comment_status":"","ping_status":"","sticky":false,"template":"","format":"standard","meta":{"footnotes":""},"categories":[9566],"tags":[29500,1111,11,9601,29501,2430,29502,29503,1777,674,1011,27,15175,2731,29504,29505,29506,29507,29508,29509,10612,29510,12,29511,29512,25,15177],"class_list":{"0":"post-162398","1":"post","2":"type-post","3":"status-publish","4":"format-standard","5":"has-post-thumbnail","7":"category-grenoble","8":"tag-la-fabrique-opera","9":"tag-actu","10":"tag-actualites","11":"tag-alain-carignon","12":"tag-aurelie-ferro","13":"tag-auvergne-rhone-alpes","14":"tag-clement-berthet","15":"tag-cnac","16":"tag-eu","17":"tag-europe","18":"tag-fr","19":"tag-france","20":"tag-frederic-martel","21":"tag-grenoble","22":"tag-henri-baile","23":"tag-la-bobine","24":"tag-la-chaufferie","25":"tag-laetitia-rabih","26":"tag-le-ciel","27":"tag-le-magasin","28":"tag-lucille-lheureux","29":"tag-mc2","30":"tag-news","31":"tag-patrick-souillot","32":"tag-rc2","33":"tag-republique-francaise","34":"tag-yves-aupetitallot"},"share_on_mastodon":{"url":"https:\/\/pubeurope.com\/@fr\/114651460178311027","error":""},"_links":{"self":[{"href":"https:\/\/www.europesays.com\/fr\/wp-json\/wp\/v2\/posts\/162398","targetHints":{"allow":["GET"]}}],"collection":[{"href":"https:\/\/www.europesays.com\/fr\/wp-json\/wp\/v2\/posts"}],"about":[{"href":"https:\/\/www.europesays.com\/fr\/wp-json\/wp\/v2\/types\/post"}],"author":[{"embeddable":true,"href":"https:\/\/www.europesays.com\/fr\/wp-json\/wp\/v2\/users\/2"}],"replies":[{"embeddable":true,"href":"https:\/\/www.europesays.com\/fr\/wp-json\/wp\/v2\/comments?post=162398"}],"version-history":[{"count":0,"href":"https:\/\/www.europesays.com\/fr\/wp-json\/wp\/v2\/posts\/162398\/revisions"}],"wp:featuredmedia":[{"embeddable":true,"href":"https:\/\/www.europesays.com\/fr\/wp-json\/wp\/v2\/media\/162399"}],"wp:attachment":[{"href":"https:\/\/www.europesays.com\/fr\/wp-json\/wp\/v2\/media?parent=162398"}],"wp:term":[{"taxonomy":"category","embeddable":true,"href":"https:\/\/www.europesays.com\/fr\/wp-json\/wp\/v2\/categories?post=162398"},{"taxonomy":"post_tag","embeddable":true,"href":"https:\/\/www.europesays.com\/fr\/wp-json\/wp\/v2\/tags?post=162398"}],"curies":[{"name":"wp","href":"https:\/\/api.w.org\/{rel}","templated":true}]}}