{"id":162419,"date":"2025-06-09T04:26:19","date_gmt":"2025-06-09T04:26:19","guid":{"rendered":"https:\/\/www.europesays.com\/fr\/162419\/"},"modified":"2025-06-09T04:26:19","modified_gmt":"2025-06-09T04:26:19","slug":"debut-des-reservations-pour-la-braderie-de-lille-a-partir-du-jeudi-12-juin-2025","status":"publish","type":"post","link":"https:\/\/www.europesays.com\/fr\/162419\/","title":{"rendered":"D\u00e9but des r\u00e9servations pour la Braderie de Lille \u00e0 partir du jeudi 12 juin 2025"},"content":{"rendered":"<p style=\"text-align: justify;\">La <strong>Braderie de Lille <\/strong> aura lieu du <strong>samedi 06 septembre 2025 \u00e0 8h<\/strong> et se terminera le <strong>dimanche 07 septembre 2025 \u00e0 18h<\/strong> soit <strong>34h de chine et de f\u00eate !<\/strong><\/p>\n<p style=\"text-align: justify;\">La Braderie de Lille 2025<br \/>Comme les ann\u00e9es pr\u00e9c\u00e9dentes, le public pourra s\u2019orienter gr\u00e2ce au <strong>regroupement d\u2019activit\u00e9s par zone g\u00e9ographique,<\/strong> ce qui permet aussi une <strong>circulation plus fluide<\/strong> et<strong> apais\u00e9e :<\/strong><br \/><strong>\u2013 un \u00ab axe de la chine \u00bb avec les brocanteurs et antiquaires<\/strong> (boulevard Louis XIV, boulevard de la Libert\u00e9, avenue du Pr\u00e9sident Kennedy, dans les rues adjacentes et le long de l\u2019Esplanade).<br \/>\u2013 des <strong>rues d\u00e9di\u00e9es<\/strong> pour les<strong> r\u00e9sidents, particuliers<\/strong> et <strong>commer\u00e7ants s\u00e9dentaires<\/strong>,<br \/><strong>\u2013 Gare Saint-Sauveur :<\/strong> <strong>Braderie des enfants le samedi <\/strong>et <strong>programmation culturelle<\/strong>,<br \/><strong>\u2013 Palais des Beaux-Arts :<\/strong> <strong>Braderie de la BD<\/strong>,<br \/>\u2013 <strong>Porte de Paris, rue Pierre Mauroy <\/strong>(entre la place Simon Vollant et la rue Malpart)<strong>, place Augustin Laurent &amp; Place Rihour<\/strong><strong> :<\/strong> un <strong>village des associations<\/strong>,<br \/><strong>\u2013 <\/strong><strong>Champ de Mars :<\/strong> <strong>f\u00eate foraine.<\/strong><\/p>\n<p><a href=\"https:\/\/www.zoomsurlille.fr\/wp-content\/uploads\/2018\/06\/braderie2018_02.jpg\" target=\"_blank\" rel=\"noopener\"><img loading=\"lazy\" decoding=\"async\" width=\"1024\" height=\"678\" class=\"wp-image-28674\" style=\"width: 512px; height: 339px;\" src=\"https:\/\/www.europesays.com\/fr\/wp-content\/uploads\/2025\/06\/braderie2018_02-1024x678.jpg\" alt=\"\"  \/><\/a><\/p>\n<p style=\"text-align: justify;\">Un p\u00e9rim\u00e8tre totalement herm\u00e9tique<br \/><strong><b><img loading=\"lazy\" decoding=\"async\" class=\" size-full wp-image-45 lazyloaded\" src=\"https:\/\/www.europesays.com\/fr\/wp-content\/uploads\/2025\/06\/arrow.png\" alt=\"\" width=\"9\" height=\"9\" data-lazy-src=\"https:\/\/www.europesays.com\/fr\/wp-content\/uploads\/2025\/06\/arrow.png\"\/><\/b><\/strong> Le<strong> p\u00e9rim\u00e8tre sera enti\u00e8rement s\u00e9curis\u00e9,<\/strong> <strong>les points d\u2019acc\u00e8s<\/strong> seront <strong>contr\u00f4l\u00e9s en permanence<\/strong> par les<strong> agents municipaux<\/strong> et plac\u00e9s <strong>sous surveillance polici\u00e8re,<\/strong> tout <strong>comme l\u2019ensemble des installations dans le p\u00e9rim\u00e8tre.<\/strong><\/p>\n<p style=\"text-align: justify;\"><strong><b><img loading=\"lazy\" decoding=\"async\" class=\" size-full wp-image-45 lazyloaded\" src=\"https:\/\/www.europesays.com\/fr\/wp-content\/uploads\/2025\/06\/arrow.png\" alt=\"\" width=\"9\" height=\"9\" data-lazy-src=\"https:\/\/www.europesays.com\/fr\/wp-content\/uploads\/2025\/06\/arrow.png\"\/><\/b><\/strong> Les<strong> bradeux<\/strong> devront sans aucune exception, <strong>pr\u00e9senter leur laisser-passer<\/strong> pour<strong> acc\u00e9der au p\u00e9rim\u00e8tre de la braderie<\/strong> de la premi\u00e8re \u00e0 la derni\u00e8re minute de l\u2019\u00e9v\u00e8nement.<\/p>\n<p style=\"text-align: justify;\"><strong><b><img loading=\"lazy\" decoding=\"async\" class=\" size-full wp-image-45 lazyloaded\" src=\"https:\/\/www.europesays.com\/fr\/wp-content\/uploads\/2025\/06\/arrow.png\" alt=\"\" width=\"9\" height=\"9\" data-lazy-src=\"https:\/\/www.europesays.com\/fr\/wp-content\/uploads\/2025\/06\/arrow.png\"\/><\/b><\/strong> Les <strong>visiteurs<\/strong> pourront eux <strong>entrer librement<\/strong> dans le p\u00e9rim\u00e8tre mais pourront aussi \u00eatre<strong> contr\u00f4l\u00e9s par les forces de l\u2019ordre \u00e0 tout moment.<\/strong><\/p>\n<p style=\"text-align: justify;\"><strong><b><img loading=\"lazy\" decoding=\"async\" class=\" size-full wp-image-45 lazyloaded\" src=\"https:\/\/www.europesays.com\/fr\/wp-content\/uploads\/2025\/06\/arrow.png\" alt=\"\" width=\"9\" height=\"9\" data-lazy-src=\"https:\/\/www.europesays.com\/fr\/wp-content\/uploads\/2025\/06\/arrow.png\"\/><\/b><\/strong> Le <strong>p\u00e9rim\u00e8tre brad\u00e9 sera interdit au stationnement<\/strong> et <strong>ferm\u00e9 \u00e0 toute circulation automobile<\/strong> du <strong>vendredi 05 septembre 2025 \u00e0 19h au lundi 08 septembre 2025 \u00e0 1h.<\/strong><\/p>\n<p style=\"text-align: justify;\"><strong><b><img loading=\"lazy\" decoding=\"async\" class=\" size-full wp-image-45 lazyloaded\" src=\"https:\/\/www.europesays.com\/fr\/wp-content\/uploads\/2025\/06\/arrow.png\" alt=\"\" width=\"9\" height=\"9\" data-lazy-src=\"https:\/\/www.europesays.com\/fr\/wp-content\/uploads\/2025\/06\/arrow.png\"\/><\/b><\/strong> La<strong> Ville de Lille<\/strong> met en place <strong>un syst\u00e8me de laisser-passer,<\/strong> que l\u2019on peut <strong>demander en ligne<\/strong> sur\u00a0<strong>reservation-braderie.lille.fr<\/strong> \u00e0 partir du<strong> 12 juin 2025<\/strong> ou <strong>aux guichets <\/strong>(5, rue Jules de Vicq \u2013 Lille) \u00e0 partir du <strong>08 juillet 2025 <\/strong>(ouverture du mardi au vendredi de 9h \u00e0 17h et le samedi de 9h \u00e0 12h) avec <strong>toutes les pi\u00e8ces justificatives demand\u00e9es <\/strong>(carte grise, pi\u00e8ce d\u2019identit\u00e9 du (ou des) conducteur(s), indiquant le nom, la date et le lieu de naissance du (ou des) conducteur(s)), pour les personnes qui, pour des <strong>raisons exceptionnelles,<\/strong> devront<strong> circuler dans le p\u00e9rim\u00e8tre avant<\/strong> et<strong> apr\u00e8s l\u2019\u00e9v\u00e8nement.<\/strong><strong><br \/><\/strong><\/p>\n<p><a href=\"https:\/\/www.zoomsurlille.fr\/wp-content\/uploads\/2018\/06\/braderie2018_01.jpg\" target=\"_blank\" rel=\"noopener\"><img decoding=\"async\" loading=\"lazy\" width=\"1024\" height=\"678\" class=\"wp-image-28673\" style=\"width: 512px; height: 339px;\" src=\"https:\/\/www.europesays.com\/fr\/wp-content\/uploads\/2025\/06\/braderie2018_01-1024x678.jpg\" alt=\"\"  \/><\/a><\/p>\n<p style=\"text-align: justify;\">R\u00e9servations \u00e0 partir du jeudi 12 juin 2025<br \/>Les <strong>r\u00e9servations d\u2019emplacements sur Internet<\/strong> sont accessibles sur <strong>reservation-braderie.lille.fr<\/strong> \u00e0 partir du<strong> jeudi 12 juin 2025<\/strong> et<strong> jusqu\u2019au mardi 19 ao\u00fbt 2025.<\/strong> A partir du <strong>mardi 08 juillet 2025,<\/strong> les <strong>Lillois<\/strong> peuvent s\u2019inscrire aux <strong>guichets du service \u00e9v\u00e9nementiel de la Ville<\/strong> situ\u00e9 au <strong>5, rue Jules de Vicq \u00e0 Lille<\/strong>  (ouverture du mardi au vendredi de 9h \u00e0 17h) et<strong> recevoir le pr\u00e9cieux s\u00e9same.<\/strong><\/p>\n<p style=\"text-align: center;\"><strong>R\u00e9servation obligatoire pour tous<\/strong>.<\/p>\n<p><a href=\"https:\/\/www.europesays.com\/fr\/wp-content\/uploads\/2025\/06\/inscriptions_braderie2016.jpg\" target=\"_blank\" rel=\"noopener\"><img decoding=\"async\" loading=\"lazy\" width=\"660\" height=\"437\" class=\"wp-image-19256\" style=\"width: 495px; height: 328px;\" src=\"https:\/\/www.europesays.com\/fr\/wp-content\/uploads\/2025\/06\/inscriptions_braderie2016.jpg\" alt=\"Braderie de Lille 2016 : R\u00e9servez votre emplacement \u00e0 partir du 08 ao\u00fbt 2016\"  \/><\/a><\/p>\n<p><strong>Vous habitez dans le p\u00e9rim\u00e8tre Braderie<\/strong> <br \/><strong><b><img decoding=\"async\" loading=\"lazy\" data-lazy-src=\"https:\/\/www.europesays.com\/fr\/wp-content\/uploads\/2025\/06\/arrow.png\" class=\" size-full wp-image-45 lazyloaded\" src=\"https:\/\/www.europesays.com\/fr\/wp-content\/uploads\/2025\/06\/arrow.png\" alt=\"\" width=\"9\" height=\"9\"\/><\/b><\/strong> <strong>Votre lieu de Braderie :<\/strong> devant la fa\u00e7ade de votre domicile.<\/p>\n<p><strong><b><img decoding=\"async\" loading=\"lazy\" data-lazy-src=\"https:\/\/www.europesays.com\/fr\/wp-content\/uploads\/2025\/06\/arrow.png\" width=\"9\" height=\"9\" class=\" size-full wp-image-45 lazyloaded\" src=\"https:\/\/www.europesays.com\/fr\/wp-content\/uploads\/2025\/06\/arrow.png\" alt=\"\"\/><\/b><\/strong> <strong>Installation :<\/strong> du samedi 06 septembre 2025 \u00e0 8h jusqu\u2019au dimanche 07 septembre 2025 \u00e0 18h<\/p>\n<p><strong><b><img decoding=\"async\" loading=\"lazy\" data-lazy-src=\"https:\/\/www.europesays.com\/fr\/wp-content\/uploads\/2025\/06\/arrow.png\" width=\"9\" height=\"9\" class=\" size-full wp-image-45 lazyloaded\" src=\"https:\/\/www.europesays.com\/fr\/wp-content\/uploads\/2025\/06\/arrow.png\" alt=\"\"\/><\/b><\/strong> <strong>Vente : <\/strong>du samedi 06 septembre 2025 \u00e0 8h jusqu\u2019au dimanche 07 septembre 2025 \u00e0 18h<strong><\/strong><\/p>\n<p style=\"text-align: justify;\"><strong><b><img loading=\"lazy\" decoding=\"async\" class=\" size-full wp-image-45 lazyloaded\" src=\"https:\/\/www.europesays.com\/fr\/wp-content\/uploads\/2025\/06\/arrow.png\" alt=\"\" width=\"9\" height=\"9\" data-lazy-src=\"https:\/\/www.europesays.com\/fr\/wp-content\/uploads\/2025\/06\/arrow.png\"\/><\/b> Les documents \u00e0 fournir :<\/strong><br \/><strong>\u2013 vous \u00eates propri\u00e9taire ou locataire :<\/strong> un<strong> titre d\u2019identit\u00e9 recto-verso<\/strong> + un <strong>justificatif de domicile de moins de 3 mois<\/strong> (quittance de loyer, abonnement gaz, eau, \u00e9lectricit\u00e9, ligne t\u00e9l\u00e9phonique fixe).<\/p>\n<p><strong><b><img loading=\"lazy\" decoding=\"async\" class=\" size-full wp-image-45 lazyloaded\" src=\"https:\/\/www.europesays.com\/fr\/wp-content\/uploads\/2025\/06\/arrow.png\" alt=\"\" width=\"9\" height=\"9\" data-lazy-src=\"https:\/\/www.europesays.com\/fr\/wp-content\/uploads\/2025\/06\/arrow.png\"\/><\/b> Plus d\u2019infos sur le site de la Ville de Lille &gt;&gt;&gt; <\/strong><a href=\"https:\/\/www.lille.fr\/Braderie-de-Lille\" target=\"_blank\" rel=\"noopener\">cliquez ici !!!<\/a><strong><br \/><\/strong><\/p>\n<p style=\"text-align: justify;\"><strong>Vous habitez dans le p\u00e9rim\u00e8tre de la Braderie, dans une rue non autoris\u00e9e \u00e0 la Braderie ou dans les rues de Lille qui ne sont plus autoris\u00e9es \u00e0 la Braderie depuis 2017<\/strong><br \/><strong>Depuis 2017, vous ne pouvez plus brader devant chez vous si vous habitez : <\/strong>rues Colbert, des Sarrazins, d\u2019Esquermes, Jules Guesde, d\u2019Arras, de Douai, de Cambrai et de Maubeuge (de la rue de Cambrai \u00e0 la rue de Douai) \/ Places Vanhoenacker, Casquette ou de la Nouvelle Aventure \/ Boulevards de la Libert\u00e9, Louis XIV ou Victor Hugo<\/p>\n<p style=\"text-align: justify;\">En contrepartie, <strong>vous \u00eates prioritaire<\/strong> pour obtenir <strong>un emplacement gratuit<\/strong> dans des <strong>zones d\u00e9di\u00e9es au c\u0153ur de la Braderie.<\/strong><\/p>\n<p style=\"text-align: justify;\"><strong><b><img loading=\"lazy\" decoding=\"async\" class=\" size-full wp-image-45 lazyloaded\" src=\"https:\/\/www.europesays.com\/fr\/wp-content\/uploads\/2025\/06\/arrow.png\" alt=\"\" width=\"9\" height=\"9\" data-lazy-src=\"https:\/\/www.europesays.com\/fr\/wp-content\/uploads\/2025\/06\/arrow.png\"\/><\/b> Votre lieu de Braderie :<\/strong> un <strong>emplacement de 5 m\u00e8tres<\/strong> d\u00e9livr\u00e9 au fur et \u00e0 mesure des inscriptions <strong>en fonction des disponibilit\u00e9s<\/strong> sur les lieux suivants : autour du parc Jean-Baptiste Lebas, des squares Foch et Dutilleul, au Quai du Wault, avenue du Peuple Belge, sur la place de la R\u00e9publique et rue Bichat.<\/p>\n<p><strong><b><img decoding=\"async\" loading=\"lazy\" data-lazy-src=\"https:\/\/www.europesays.com\/fr\/wp-content\/uploads\/2025\/06\/arrow.png\" width=\"9\" height=\"9\" class=\" size-full wp-image-45 lazyloaded\" src=\"https:\/\/www.europesays.com\/fr\/wp-content\/uploads\/2025\/06\/arrow.png\" alt=\"\"\/><\/b><\/strong> <strong>Installation :<\/strong> samedi 06 septembre 2025 de 6h \u00e0 8h.<\/p>\n<p><strong><b><img decoding=\"async\" loading=\"lazy\" data-lazy-src=\"https:\/\/www.europesays.com\/fr\/wp-content\/uploads\/2025\/06\/arrow.png\" width=\"9\" height=\"9\" class=\" size-full wp-image-45 lazyloaded\" src=\"https:\/\/www.europesays.com\/fr\/wp-content\/uploads\/2025\/06\/arrow.png\" alt=\"\"\/><\/b><\/strong> <strong>Vente : <\/strong>du samedi 06 septembre 2025 \u00e0 8h jusqu\u2019au dimanche 07 septembre 2025 \u00e0 18h.<\/p>\n<p style=\"text-align: justify;\"><strong><b><img loading=\"lazy\" decoding=\"async\" class=\" size-full wp-image-45 lazyloaded\" src=\"https:\/\/www.europesays.com\/fr\/wp-content\/uploads\/2025\/06\/arrow.png\" alt=\"\" width=\"9\" height=\"9\" data-lazy-src=\"https:\/\/www.europesays.com\/fr\/wp-content\/uploads\/2025\/06\/arrow.png\"\/><\/b> Les documents \u00e0 fournir :<\/strong><br \/><strong>\u2013 vous \u00eates propri\u00e9taire ou locataire :<\/strong> un<strong> titre d\u2019identit\u00e9 recto-verso<\/strong> + un <strong>justificatif de domicile de moins de 3 mois<\/strong> (quittance de loyer, abonnement gaz, eau, \u00e9lectricit\u00e9, ligne t\u00e9l\u00e9phonique fixe) + la <strong>carte grise du v\u00e9hicule<\/strong> si vous venez en voiture.<\/p>\n<p><strong><b><img loading=\"lazy\" decoding=\"async\" class=\" size-full wp-image-45 lazyloaded\" src=\"https:\/\/www.europesays.com\/fr\/wp-content\/uploads\/2025\/06\/arrow.png\" alt=\"\" width=\"9\" height=\"9\" data-lazy-src=\"https:\/\/www.europesays.com\/fr\/wp-content\/uploads\/2025\/06\/arrow.png\"\/><\/b> Plus d\u2019infos sur le site de la Ville de Lille &gt;&gt;&gt; <\/strong><a href=\"https:\/\/www.lille.fr\/Braderie-de-Lille\" target=\"_blank\" rel=\"noopener\">cliquez ici !!!<\/a><\/p>\n<p><strong>Vous \u00eates Lillois, Lommois ou Hellemmois habitant en dehors du p\u00e9rim\u00e8tre de la Braderie<\/strong><br \/>Vous serez<strong> inscrit sur liste d\u2019attente<\/strong> et serez <strong>recontact\u00e9 par sms selon les places disponibles<\/strong> les <strong>26 et 27 ao\u00fbt 2025.<\/strong><\/p>\n<p><strong><b><img decoding=\"async\" loading=\"lazy\" class=\" size-full wp-image-45 lazyloaded\" src=\"https:\/\/www.europesays.com\/fr\/wp-content\/uploads\/2025\/06\/arrow.png\" alt=\"\" data-lazy-src=\"https:\/\/www.europesays.com\/fr\/wp-content\/uploads\/2025\/06\/arrow.png\" width=\"9\" height=\"9\"\/><\/b> Votre lieu de Braderie : un emplacement<\/strong> vous sera <strong>d\u00e9livr\u00e9 selon disponibilit\u00e9s de places vacantes.<\/strong><\/p>\n<p><strong><b><img decoding=\"async\" loading=\"lazy\" data-lazy-src=\"https:\/\/www.europesays.com\/fr\/wp-content\/uploads\/2025\/06\/arrow.png\" width=\"9\" height=\"9\" class=\" size-full wp-image-45 lazyloaded\" src=\"https:\/\/www.europesays.com\/fr\/wp-content\/uploads\/2025\/06\/arrow.png\" alt=\"\"\/><\/b><\/strong> <strong>Installation :<\/strong> samedi 06 septembre 2025 de 6h \u00e0 8h.<\/p>\n<p><strong><b><img decoding=\"async\" loading=\"lazy\" data-lazy-src=\"https:\/\/www.europesays.com\/fr\/wp-content\/uploads\/2025\/06\/arrow.png\" width=\"9\" height=\"9\" class=\" size-full wp-image-45 lazyloaded\" src=\"https:\/\/www.europesays.com\/fr\/wp-content\/uploads\/2025\/06\/arrow.png\" alt=\"\"\/><\/b><\/strong> <strong>Vente : <\/strong>du samedi 06 septembre 2025 \u00e0 8h jusqu\u2019au dimanche 07 septembre 2025 \u00e0 18h.<\/p>\n<p style=\"text-align: justify;\"><strong><b><img loading=\"lazy\" decoding=\"async\" class=\" size-full wp-image-45 lazyloaded\" src=\"https:\/\/www.europesays.com\/fr\/wp-content\/uploads\/2025\/06\/arrow.png\" alt=\"\" width=\"9\" height=\"9\" data-lazy-src=\"https:\/\/www.europesays.com\/fr\/wp-content\/uploads\/2025\/06\/arrow.png\"\/><\/b> Les documents \u00e0 fournir :<\/strong><br \/><strong>\u2013 vous \u00eates propri\u00e9taire ou locataire :<\/strong> un<strong> titre d\u2019identit\u00e9 recto-verso<\/strong> + un <strong>justificatif de domicile de moins de 3 mois<\/strong> (quittance de loyer, abonnement gaz, eau, \u00e9lectricit\u00e9, ligne t\u00e9l\u00e9phonique fixe) + la <strong>carte grise du v\u00e9hicule<\/strong>.<\/p>\n<p><strong><b><img loading=\"lazy\" decoding=\"async\" class=\" size-full wp-image-45 lazyloaded\" src=\"https:\/\/www.europesays.com\/fr\/wp-content\/uploads\/2025\/06\/arrow.png\" alt=\"\" width=\"9\" height=\"9\" data-lazy-src=\"https:\/\/www.europesays.com\/fr\/wp-content\/uploads\/2025\/06\/arrow.png\"\/><\/b> Plus d\u2019infos sur le site de la Ville de Lille &gt;&gt;&gt; <\/strong><a href=\"https:\/\/www.lille.fr\/Braderie-de-Lille\" target=\"_blank\" rel=\"noopener\">cliquez ici !!!<\/a><\/p>\n<p style=\"text-align: justify;\"><strong>Vous souhaitez participer \u00e0 la Braderie des Enfants<\/strong><br \/>La <strong>Braderie des enfants<\/strong> est <strong>ouverte \u00e0 tous les Lillois, Lommois<\/strong> et<strong> Hellemmois.<\/strong> L\u2019inscription est <strong>valable pour la journ\u00e9e du samedi uniquement,<\/strong> <strong>dans la limite des places disponibles.<\/strong><\/p>\n<p><strong><b><img decoding=\"async\" loading=\"lazy\" data-lazy-src=\"https:\/\/www.europesays.com\/fr\/wp-content\/uploads\/2025\/06\/arrow.png\" width=\"9\" height=\"9\" class=\" size-full wp-image-45 lazyloaded\" src=\"https:\/\/www.europesays.com\/fr\/wp-content\/uploads\/2025\/06\/arrow.png\" alt=\"\"\/><\/b><\/strong> <strong>Installation :<\/strong> samedi 06 septembre 2025 de 6h \u00e0 8h<\/p>\n<p><strong><b><strong><b><img decoding=\"async\" loading=\"lazy\" data-lazy-src=\"https:\/\/www.europesays.com\/fr\/wp-content\/uploads\/2025\/06\/arrow.png\" width=\"9\" height=\"9\" class=\" size-full wp-image-45 lazyloaded\" src=\"https:\/\/www.europesays.com\/fr\/wp-content\/uploads\/2025\/06\/arrow.png\" alt=\"\"\/><\/b><\/strong> <strong>Vente : <\/strong><\/b><\/strong>samedi 06 septembre 2025 entre 8h et 19h. La pr\u00e9sence des exposants est requise jusqu\u2019\u00e0 19h.<\/p>\n<p><strong><b><img loading=\"lazy\" decoding=\"async\" class=\" size-full wp-image-45 lazyloaded\" src=\"https:\/\/www.europesays.com\/fr\/wp-content\/uploads\/2025\/06\/arrow.png\" alt=\"\" width=\"9\" height=\"9\" data-lazy-src=\"https:\/\/www.europesays.com\/fr\/wp-content\/uploads\/2025\/06\/arrow.png\"\/><\/b> Les documents \u00e0 fournir :<\/strong><br \/>\u2013 un<strong> titre d\u2019identit\u00e9 recto-verso<\/strong> + un <strong>justificatif de domicile de moins de 3 mois<\/strong> (quittance de loyer, abonnement gaz, eau, \u00e9lectricit\u00e9, ligne t\u00e9l\u00e9phonique fixe) + la <strong>carte grise du v\u00e9hicule<\/strong>.<\/p>\n<p><strong><b><img loading=\"lazy\" decoding=\"async\" class=\" size-full wp-image-45 lazyloaded\" src=\"https:\/\/www.europesays.com\/fr\/wp-content\/uploads\/2025\/06\/arrow.png\" alt=\"\" width=\"9\" height=\"9\" data-lazy-src=\"https:\/\/www.europesays.com\/fr\/wp-content\/uploads\/2025\/06\/arrow.png\"\/><\/b> Plus d\u2019infos sur le site de la Ville de Lille &gt;&gt;&gt; <\/strong><a href=\"https:\/\/www.lille.fr\/Braderie-de-Lille\" target=\"_blank\" rel=\"noopener\">cliquez ici !!!<\/a><\/p>\n<p><strong>Commer\u00e7ants, brocanteurs, antiquaires, associations\u2026 <\/strong><\/p>\n<p><strong><b><img loading=\"lazy\" decoding=\"async\" class=\" size-full wp-image-45 lazyloaded\" src=\"https:\/\/www.europesays.com\/fr\/wp-content\/uploads\/2025\/06\/arrow.png\" alt=\"\" width=\"9\" height=\"9\" data-lazy-src=\"https:\/\/www.europesays.com\/fr\/wp-content\/uploads\/2025\/06\/arrow.png\"\/><\/b> Plus d\u2019infos sur le site de la Ville de Lille &gt;&gt;&gt; <\/strong><a href=\"https:\/\/www.lille.fr\/Braderie-de-Lille\" target=\"_blank\" rel=\"noopener\">cliquez ici !!!<\/a><\/p>\n<p style=\"text-align: justify;\">Que pouvez-vous vendre pendant la braderie ? <br \/><strong>Autoris\u00e9 :<\/strong><br \/><img decoding=\"async\" loading=\"lazy\" class=\" size-full wp-image-45 lazyloaded\" src=\"https:\/\/www.europesays.com\/fr\/wp-content\/uploads\/2025\/04\/arrow.png\" alt=\"\" width=\"9\" height=\"9\" data-lazy-src=\"https:\/\/www.europesays.com\/fr\/wp-content\/uploads\/2025\/04\/arrow.png\"\/> La <strong>vente de brocante<\/strong> et <strong>d\u2019antiquit\u00e9s,<\/strong><br \/><img decoding=\"async\" loading=\"lazy\" class=\" size-full wp-image-45 lazyloaded\" src=\"https:\/\/www.europesays.com\/fr\/wp-content\/uploads\/2025\/04\/arrow.png\" alt=\"\" width=\"9\" height=\"9\" data-lazy-src=\"https:\/\/www.europesays.com\/fr\/wp-content\/uploads\/2025\/04\/arrow.png\"\/> La <strong>vente d\u2019objets de collection,<\/strong><br \/><img decoding=\"async\" loading=\"lazy\" class=\" size-full wp-image-45 lazyloaded\" src=\"https:\/\/www.europesays.com\/fr\/wp-content\/uploads\/2025\/04\/arrow.png\" alt=\"\" width=\"9\" height=\"9\" data-lazy-src=\"https:\/\/www.europesays.com\/fr\/wp-content\/uploads\/2025\/04\/arrow.png\"\/> La <strong>vente d\u2019objets de seconde main,<\/strong><br \/><img decoding=\"async\" loading=\"lazy\" class=\" size-full wp-image-45 lazyloaded\" src=\"https:\/\/www.europesays.com\/fr\/wp-content\/uploads\/2025\/04\/arrow.png\" alt=\"\" width=\"9\" height=\"9\" data-lazy-src=\"https:\/\/www.europesays.com\/fr\/wp-content\/uploads\/2025\/04\/arrow.png\"\/> La<strong> vente d\u2019objets neufs<\/strong> uniquement par les <strong>professionnels s\u00e9dentaires des rues autoris\u00e9es \u00e0 la Braderie<\/strong> dans le<strong> cadre de leurs activit\u00e9s habituelles.<\/strong><br \/><img decoding=\"async\" loading=\"lazy\" class=\" size-full wp-image-45 lazyloaded\" src=\"https:\/\/www.europesays.com\/fr\/wp-content\/uploads\/2025\/04\/arrow.png\" alt=\"\" width=\"9\" height=\"9\" data-lazy-src=\"https:\/\/www.europesays.com\/fr\/wp-content\/uploads\/2025\/04\/arrow.png\"\/> La <strong>vente de jeux, d\u2019accessoires<\/strong> et <strong>d\u2019objets d\u2019occasion pour enfants<\/strong> \u00e0 la <strong>Gare Saint-Sauveur,<\/strong><br \/><img decoding=\"async\" loading=\"lazy\" class=\" size-full wp-image-45 lazyloaded\" src=\"https:\/\/www.europesays.com\/fr\/wp-content\/uploads\/2025\/04\/arrow.png\" alt=\"\" width=\"9\" height=\"9\" data-lazy-src=\"https:\/\/www.europesays.com\/fr\/wp-content\/uploads\/2025\/04\/arrow.png\"\/> La <strong>vente alimentaire \u00e0 emporter<\/strong> uniquement :<br \/>\u2013 pour les <strong>commer\u00e7ants s\u00e9dentaires<\/strong> selon leur <strong>activit\u00e9 habituelle<\/strong> dans les <strong>rues autoris\u00e9es \u00e0 la Braderie,<\/strong><br \/>\u2013 pour les <strong>friteries, food trucks<\/strong> et <strong>triporteurs<\/strong> aux <strong>emplacements d\u00e9finis par la mairie,<\/strong><br \/>\u2013 pour les<strong> commer\u00e7ants des march\u00e9s de plein air<\/strong> selon leur <strong>activit\u00e9 habituelle.<\/strong><\/p>\n<p>Les commer\u00e7ants s\u00e9dentaires et non s\u00e9dentaires ne peuvent vendre exclusivement que les produits de leur activit\u00e9 habituelle.<\/p>\n<p><a href=\"https:\/\/www.europesays.com\/fr\/wp-content\/uploads\/2025\/06\/braderie_lille_2020.jpg\" target=\"_blank\" rel=\"noopener\"><img decoding=\"async\" loading=\"lazy\" width=\"660\" height=\"440\" class=\"wp-image-46532\" style=\"width: 495px; height: 330px;\" src=\"https:\/\/www.europesays.com\/fr\/wp-content\/uploads\/2025\/06\/braderie_lille_2020.jpg\" alt=\"\"  \/><\/a><\/p>\n<p style=\"text-align: justify;\"><strong>Interdit :<\/strong><br \/><img decoding=\"async\" loading=\"lazy\" class=\" size-full wp-image-45 lazyloaded\" src=\"https:\/\/www.europesays.com\/fr\/wp-content\/uploads\/2025\/04\/arrow.png\" alt=\"\" width=\"9\" height=\"9\" data-lazy-src=\"https:\/\/www.europesays.com\/fr\/wp-content\/uploads\/2025\/04\/arrow.png\"\/> <strong>Toute vente d\u2019objets neufs<\/strong> (hors commerces s\u00e9dentaires dans le cadre de leurs activit\u00e9s habituelles),<br \/><img decoding=\"async\" loading=\"lazy\" class=\" size-full wp-image-45 lazyloaded\" src=\"https:\/\/www.europesays.com\/fr\/wp-content\/uploads\/2025\/04\/arrow.png\" alt=\"\" width=\"9\" height=\"9\" data-lazy-src=\"https:\/\/www.europesays.com\/fr\/wp-content\/uploads\/2025\/04\/arrow.png\"\/> <strong>Toute vente par des commer\u00e7ants non s\u00e9dentaires,<\/strong> <strong>en dehors des march\u00e9s de la place S\u00e9bastopol,<\/strong> de <strong>Wazemmes<\/strong> et de la<strong> place du Concert,<\/strong><br \/><img decoding=\"async\" loading=\"lazy\" class=\" size-full wp-image-45 lazyloaded\" src=\"https:\/\/www.europesays.com\/fr\/wp-content\/uploads\/2025\/04\/arrow.png\" alt=\"\" width=\"9\" height=\"9\" data-lazy-src=\"https:\/\/www.europesays.com\/fr\/wp-content\/uploads\/2025\/04\/arrow.png\"\/> <strong>Toute vente alimentaire par des particuliers<\/strong> ou <strong>commer\u00e7ants s\u00e9dentaires et non s\u00e9dentaires<\/strong> (autres que celles pr\u00e9cis\u00e9es pr\u00e9c\u00e9demment), <br \/><img decoding=\"async\" loading=\"lazy\" class=\" size-full wp-image-45 lazyloaded\" src=\"https:\/\/www.europesays.com\/fr\/wp-content\/uploads\/2025\/04\/arrow.png\" alt=\"\" width=\"9\" height=\"9\" data-lazy-src=\"https:\/\/www.europesays.com\/fr\/wp-content\/uploads\/2025\/04\/arrow.png\"\/><strong> Toute vente d\u2019animaux vivants, d\u2019animaux empaill\u00e9s<\/strong> ou de <strong>parties d\u2019animaux <\/strong><strong>r\u00e9pertori\u00e9s dans la liste mondiale des esp\u00e8ces menac\u00e9es.<\/strong><\/p>\n<p class=\"has-text-align-right\">Source : Ville de Lille \/ Photos et images : DR \u2013 \u00a9 Ville de Lille \/ \u00a9 Zoom Sur Lille<\/p>\n","protected":false},"excerpt":{"rendered":"La Braderie de Lille aura lieu du samedi 06 septembre 2025 \u00e0 8h et se terminera le dimanche&hellip;\n","protected":false},"author":2,"featured_media":162420,"comment_status":"","ping_status":"","sticky":false,"template":"","format":"standard","meta":{"footnotes":""},"categories":[2815],"tags":[29513,29514,1111,11,17804,18703,29515,29516,6961,1777,674,1011,27,811,29517,1307,4670,29518,12,25,27384],"class_list":{"0":"post-162419","1":"post","2":"type-post","3":"status-publish","4":"format-standard","5":"has-post-thumbnail","7":"category-lille","8":"tag-06-septembre-2025","9":"tag-07-septembre-2025","10":"tag-actu","11":"tag-actualites","12":"tag-braderie","13":"tag-braderie-de-lille","14":"tag-braderie-de-lille-2024","15":"tag-braderie-des-enfants","16":"tag-brocante","17":"tag-eu","18":"tag-europe","19":"tag-fr","20":"tag-france","21":"tag-hauts-de-france","22":"tag-hellemmois","23":"tag-lille","24":"tag-lillois","25":"tag-lommois","26":"tag-news","27":"tag-republique-francaise","28":"tag-reservations"},"share_on_mastodon":{"url":"https:\/\/pubeurope.com\/@fr\/114651515970006553","error":""},"_links":{"self":[{"href":"https:\/\/www.europesays.com\/fr\/wp-json\/wp\/v2\/posts\/162419","targetHints":{"allow":["GET"]}}],"collection":[{"href":"https:\/\/www.europesays.com\/fr\/wp-json\/wp\/v2\/posts"}],"about":[{"href":"https:\/\/www.europesays.com\/fr\/wp-json\/wp\/v2\/types\/post"}],"author":[{"embeddable":true,"href":"https:\/\/www.europesays.com\/fr\/wp-json\/wp\/v2\/users\/2"}],"replies":[{"embeddable":true,"href":"https:\/\/www.europesays.com\/fr\/wp-json\/wp\/v2\/comments?post=162419"}],"version-history":[{"count":0,"href":"https:\/\/www.europesays.com\/fr\/wp-json\/wp\/v2\/posts\/162419\/revisions"}],"wp:featuredmedia":[{"embeddable":true,"href":"https:\/\/www.europesays.com\/fr\/wp-json\/wp\/v2\/media\/162420"}],"wp:attachment":[{"href":"https:\/\/www.europesays.com\/fr\/wp-json\/wp\/v2\/media?parent=162419"}],"wp:term":[{"taxonomy":"category","embeddable":true,"href":"https:\/\/www.europesays.com\/fr\/wp-json\/wp\/v2\/categories?post=162419"},{"taxonomy":"post_tag","embeddable":true,"href":"https:\/\/www.europesays.com\/fr\/wp-json\/wp\/v2\/tags?post=162419"}],"curies":[{"name":"wp","href":"https:\/\/api.w.org\/{rel}","templated":true}]}}