{"id":162421,"date":"2025-06-09T04:28:09","date_gmt":"2025-06-09T04:28:09","guid":{"rendered":"https:\/\/www.europesays.com\/fr\/162421\/"},"modified":"2025-06-09T04:28:09","modified_gmt":"2025-06-09T04:28:09","slug":"lundi-de-pentecote-quels-sont-les-centres-commerciaux-ouverts-a-marseille","status":"publish","type":"post","link":"https:\/\/www.europesays.com\/fr\/162421\/","title":{"rendered":"Lundi de Pentec\u00f4te. Quels sont les centres commerciaux ouverts \u00e0 Marseille\u00a0?"},"content":{"rendered":"<p>            Par<br \/>\n        <strong><br \/>\n            <a href=\"https:\/\/actu.fr\/auteur\/thibault-nadal-actu-fr\" title=\"Consulter tous les articles de Thibault Nadal\" rel=\"nofollow noopener\" target=\"_blank\">Thibault Nadal<\/a><br \/>\n        <\/strong><\/p>\n<p>        Publi\u00e9 le<\/p>\n<p>            9 juin 2025 \u00e0 6h04        <\/p>\n<p>Comme depuis 21\u00a0ans, ce lundi 9\u00a0juin 2025 ne sera pas un jour f\u00e9ri\u00e9 comme les autres en raison de l\u2019instauration de la journ\u00e9e de solidarit\u00e9. Mais certains Marseillais et touristes qui ont la chance de ne pas travailler et de pouvoir profiter d\u2019un <strong>week-end de trois jours qui s\u2019annonce radieux sur la cit\u00e9 phoc\u00e9enne<\/strong>. Voici les centres commerciaux qui resteront ouverts \u00e0 <a href=\"https:\/\/actu.fr\/marseille\/\" rel=\"nofollow noopener\" target=\"_blank\">Marseille<\/a> et dans les <a href=\"https:\/\/actu.fr\/provence-alpes-cote-d-azur\/bouches-du-rhone_13\" rel=\"nofollow noopener\" target=\"_blank\">Bouches-du-Rh\u00f4ne<\/a> pour ceux qui veulent fuir la chaleur ou simplement en profiter pour leurs courses ou emplettes.<\/p>\n<p>\u00c0 Marseille\u2009?<\/p>\n<p class=\" wall-content\">Ce lundi 9\u00a0juin, c\u2019est f\u00e9ri\u00e9\u2026 mais pas pour tout le monde. Dans les centres commerciaux de Marseille, le personnel sera \u00e0 pied d\u2019\u0153uvre selon ses horaires\u2009:<\/p>\n<ul class=\" wall-content\">\n<li>Les Terrasses du port (2e)\u2009: de 10h \u00e0 20h (jusqu\u2019\u00e0 minuit pour les restaurants),<\/li>\n<li>Centre Bourse (1er)\u2009: de 10h \u00e0 19h,<\/li>\n<li>Centre Prado Shopping (8e)\u2009: de 10h \u00e0 19h,<\/li>\n<li>Grand littoral (16e)\u2009: de 10h \u00e0 19h et Carrefour de 9h \u00e0 20h,<\/li>\n<li>Centre Valentine (11e)\u2009: de 10h \u00e0 19h,<\/li>\n<li>Centre commercial Bonneveine (8e)\u2009: de 10h \u00e0 18h.<\/li>\n<\/ul>\n<p class=\" wall-content\">Dans le centre-ville, les magasins ont fait le choix pour la grande majorit\u00e9 d\u2019ouvrir lors de cette journ\u00e9e. Idem pour les restaurants et activit\u00e9s en bord de mer. En revanche, certains mus\u00e9es seront ferm\u00e9s, comme le pr\u00e9cise <a href=\"https:\/\/musees.marseille.fr\/visite?museum=memorial-des-deportations\" rel=\"nofollow noopener\" target=\"_blank\">la ville de Marseille sur son site<\/a>.<\/p>\n<p>Et dans les Bouches-du-Rh\u00f4ne\u2009?<\/p>\n<p class=\" wall-content\">En dehors de Marseille, \u00e0 Cabri\u00e8s, <strong>Avant Cap<\/strong> ne bouleversera pas ses horaires et restera ouvert de 9h30 \u00e0 10h30. M\u00eame programme \u00e0 Plan-de-Campagne. Le centre commercial La Galerie Barn\u00e9oud sera accessible de 9h30 \u00e0 19h30.<\/p>\n<p class=\" wall-content\">Enfin, <strong>le village de marques McArthurGlen Provence<\/strong> accueillera normalement ses clients, entre 10h et 19h.<\/p>\n<p class=\" wall-content\">Suivez toute l\u2019actualit\u00e9 de vos villes et m\u00e9dias favoris en vous inscrivant \u00e0 <a href=\"https:\/\/moncompte.actu.fr\" title=\"D\u00e9couvez Mon Actu\" rel=\"nofollow noopener\" data-trk=\"{&quot;cta&quot;:{&quot;action&quot;:&quot;https:\\\/\\\/moncompte.actu.fr&quot;,&quot;category&quot;:&quot;mon compte&quot;,&quot;from&quot;:&quot;article footer&quot;,&quot;name&quot;:&quot;Mon actu&quot;,&quot;type&quot;:&quot;cta&quot;}}\" target=\"_blank\">Mon Actu<\/a>.<\/p>\n","protected":false},"excerpt":{"rendered":"Par Thibault Nadal Publi\u00e9 le 9 juin 2025 \u00e0 6h04 Comme depuis 21\u00a0ans, ce lundi 9\u00a0juin 2025 ne&hellip;\n","protected":false},"author":2,"featured_media":162422,"comment_status":"","ping_status":"","sticky":false,"template":"","format":"standard","meta":{"footnotes":""},"categories":[2814],"tags":[1111,11,215,1777,674,1011,27,884,12,882,25,104],"class_list":{"0":"post-162421","1":"post","2":"type-post","3":"status-publish","4":"format-standard","5":"has-post-thumbnail","7":"category-marseille","8":"tag-actu","9":"tag-actualites","10":"tag-commerce","11":"tag-eu","12":"tag-europe","13":"tag-fr","14":"tag-france","15":"tag-marseille","16":"tag-news","17":"tag-provence-alpes-cote-dazur","18":"tag-republique-francaise","19":"tag-societe"},"share_on_mastodon":{"url":"","error":""},"_links":{"self":[{"href":"https:\/\/www.europesays.com\/fr\/wp-json\/wp\/v2\/posts\/162421","targetHints":{"allow":["GET"]}}],"collection":[{"href":"https:\/\/www.europesays.com\/fr\/wp-json\/wp\/v2\/posts"}],"about":[{"href":"https:\/\/www.europesays.com\/fr\/wp-json\/wp\/v2\/types\/post"}],"author":[{"embeddable":true,"href":"https:\/\/www.europesays.com\/fr\/wp-json\/wp\/v2\/users\/2"}],"replies":[{"embeddable":true,"href":"https:\/\/www.europesays.com\/fr\/wp-json\/wp\/v2\/comments?post=162421"}],"version-history":[{"count":0,"href":"https:\/\/www.europesays.com\/fr\/wp-json\/wp\/v2\/posts\/162421\/revisions"}],"wp:featuredmedia":[{"embeddable":true,"href":"https:\/\/www.europesays.com\/fr\/wp-json\/wp\/v2\/media\/162422"}],"wp:attachment":[{"href":"https:\/\/www.europesays.com\/fr\/wp-json\/wp\/v2\/media?parent=162421"}],"wp:term":[{"taxonomy":"category","embeddable":true,"href":"https:\/\/www.europesays.com\/fr\/wp-json\/wp\/v2\/categories?post=162421"},{"taxonomy":"post_tag","embeddable":true,"href":"https:\/\/www.europesays.com\/fr\/wp-json\/wp\/v2\/tags?post=162421"}],"curies":[{"name":"wp","href":"https:\/\/api.w.org\/{rel}","templated":true}]}}