{"id":162427,"date":"2025-06-09T04:31:10","date_gmt":"2025-06-09T04:31:10","guid":{"rendered":"https:\/\/www.europesays.com\/fr\/162427\/"},"modified":"2025-06-09T04:31:10","modified_gmt":"2025-06-09T04:31:10","slug":"lyon-diamanda-fontaines-d-c-clara-luciani-pour-la-deuxieme-semaine-des-nuits-de-fourviere","status":"publish","type":"post","link":"https:\/\/www.europesays.com\/fr\/162427\/","title":{"rendered":"Lyon. Diamanda, Fontaines D.C, Clara Luciani pour la deuxi\u00e8me semaine des Nuits de Fourvi\u00e8re"},"content":{"rendered":"<p>Lanc\u00e9e \u00e0 vive allure lundi derni\u00e8re par le <a title=\"https:\/\/c.leprogres.fr\/culture-loisirs\/2025\/06\/03\/hofesh-shechter-aux-nuits-de-fourviere-une-ouverture-monumentale\" href=\"https:\/\/www.leprogres.fr\/culture-loisirs\/2025\/06\/03\/hofesh-shechter-aux-nuits-de-fourviere-une-ouverture-monumentale\" target=\"_blank\" rel=\"noopener\">\u00ab\u00a0concert dans\u00e9\u00a0\u00bb du chor\u00e9graphe Hofesh Shechter<\/a>, les Nuits de Fourvi\u00e8re entament leur deuxi\u00e8me semaine avec un intense programme d\u2019activit\u00e9s.<\/p>\n<p>Du rock et de la chanson fran\u00e7aise<\/p>\n<p>Sur le front des concerts en particulier puisque le th\u00e9\u00e2tre romain verra se succ\u00e9der excellents repr\u00e9sentants du rock irlandais (Fontaines D.C ce lundi), valeur s\u00fbre de la chanson (Jean-Louis Aubert le jeudi 12\u00a0juin) et nouveaux piliers de la sc\u00e8ne hexagonale (Clara Luciani le 13\u00a0juin).<\/p>\n<p>C\u2019est aussi l\u2019heure d\u2019appr\u00e9cier le 14\u00a0juin les \u00ab\u00a0samedis des nuits\u00a0\u00bb en compagnie des drag queens du cabaret de Madame Arthur, de collectifs de danseurs ou de la musicienne \u00e9lectro lyonnaise Romane Santarelli.<\/p>\n<p class=\"note\"><a href=\"https:\/\/www.nuitsdefourviere.com\" target=\"_blank\" rel=\"noopener\">www.nuitsdefourviere.com<\/a><\/p>\n","protected":false},"excerpt":{"rendered":"Lanc\u00e9e \u00e0 vive allure lundi derni\u00e8re par le \u00ab\u00a0concert dans\u00e9\u00a0\u00bb du chor\u00e9graphe Hofesh Shechter, les Nuits de Fourvi\u00e8re&hellip;\n","protected":false},"author":2,"featured_media":162428,"comment_status":"","ping_status":"","sticky":false,"template":"","format":"standard","meta":{"footnotes":""},"categories":[1889],"tags":[1111,11,2430,1687,2757,1777,674,1011,27,2428,2756,873,12,28848,25,2429,3140],"class_list":{"0":"post-162427","1":"post","2":"type-post","3":"status-publish","4":"format-standard","5":"has-post-thumbnail","7":"category-lyon","8":"tag-actu","9":"tag-actualites","10":"tag-auvergne-rhone-alpes","11":"tag-culture-loisirs","12":"tag-edition-lyon-villeurbanne","13":"tag-eu","14":"tag-europe","15":"tag-fr","16":"tag-france","17":"tag-lyon","18":"tag-lyon-bassin","19":"tag-musique","20":"tag-news","21":"tag-nuits-de-fourviere","22":"tag-republique-francaise","23":"tag-rhone","24":"tag-spectacle"},"share_on_mastodon":{"url":"https:\/\/pubeurope.com\/@fr\/114651534696902730","error":""},"_links":{"self":[{"href":"https:\/\/www.europesays.com\/fr\/wp-json\/wp\/v2\/posts\/162427","targetHints":{"allow":["GET"]}}],"collection":[{"href":"https:\/\/www.europesays.com\/fr\/wp-json\/wp\/v2\/posts"}],"about":[{"href":"https:\/\/www.europesays.com\/fr\/wp-json\/wp\/v2\/types\/post"}],"author":[{"embeddable":true,"href":"https:\/\/www.europesays.com\/fr\/wp-json\/wp\/v2\/users\/2"}],"replies":[{"embeddable":true,"href":"https:\/\/www.europesays.com\/fr\/wp-json\/wp\/v2\/comments?post=162427"}],"version-history":[{"count":0,"href":"https:\/\/www.europesays.com\/fr\/wp-json\/wp\/v2\/posts\/162427\/revisions"}],"wp:featuredmedia":[{"embeddable":true,"href":"https:\/\/www.europesays.com\/fr\/wp-json\/wp\/v2\/media\/162428"}],"wp:attachment":[{"href":"https:\/\/www.europesays.com\/fr\/wp-json\/wp\/v2\/media?parent=162427"}],"wp:term":[{"taxonomy":"category","embeddable":true,"href":"https:\/\/www.europesays.com\/fr\/wp-json\/wp\/v2\/categories?post=162427"},{"taxonomy":"post_tag","embeddable":true,"href":"https:\/\/www.europesays.com\/fr\/wp-json\/wp\/v2\/tags?post=162427"}],"curies":[{"name":"wp","href":"https:\/\/api.w.org\/{rel}","templated":true}]}}