{"id":162431,"date":"2025-06-09T04:34:09","date_gmt":"2025-06-09T04:34:09","guid":{"rendered":"https:\/\/www.europesays.com\/fr\/162431\/"},"modified":"2025-06-09T04:34:09","modified_gmt":"2025-06-09T04:34:09","slug":"les-centres-commerciaux-sont-ils-ouverts-a-paris","status":"publish","type":"post","link":"https:\/\/www.europesays.com\/fr\/162431\/","title":{"rendered":"les centres commerciaux sont-ils ouverts \u00e0 Paris\u00a0?"},"content":{"rendered":"<p>            Par<br \/>\n        <strong><br \/>\n            <a href=\"https:\/\/actu.fr\/auteur\/redaction-paris\" title=\"Consulter tous les articles de R\u00e9daction Paris\" target=\"_blank\" rel=\"noopener\">R\u00e9daction Paris<\/a><br \/>\n        <\/strong><\/p>\n<p>        Publi\u00e9 le<\/p>\n<p>            9 juin 2025 \u00e0 6h14        <\/p>\n<p>C\u2019est le <a href=\"https:\/\/actu.fr\/societe\/lundi-de-pentecote-jour-ferie-jour-chome-jour-non-paye-doit-on-aller-travailler-le-9-juin_62718272.html\" target=\"_blank\" rel=\"noopener\">dernier jour f\u00e9ri\u00e9 du printemps<\/a>, avant la <a href=\"https:\/\/actu.fr\/societe\/le-14-juillet-c-est-la-fete-nationale-en-france-mais-que-celebre-t-on-exactement_61334610.html\" target=\"_blank\" rel=\"noopener\">f\u00eate Nationale du 14-juillet<\/a>. Ce lundi 9 juin 2025, jour de la <strong><a href=\"https:\/\/actu.fr\/societe\/ce-dimanche-c-est-la-pentecote-quelle-est-l-origine-de-cette-fete-et-que-celebre-t-on_61075319.html\" target=\"_blank\" rel=\"noopener\">Pentec\u00f4te<\/a><\/strong>, nombreux sont les Fran\u00e7ais qui jouiront d\u2019une belle grasse matin\u00e9e. Mais pourra-t-on profiter de cette journ\u00e9e ch\u00f4m\u00e9e pour f<strong>aire les boutiques<\/strong> \u00e0 <a href=\"https:\/\/actu.fr\/paris\/\" target=\"_blank\" rel=\"noopener\">Paris<\/a> ? Voici la r\u00e9ponse.<\/p>\n<p>Les centres commerciaux ouverts \u00e0 Paris pendant le lundi de Pentec\u00f4te<\/p>\n<p class=\" wall-content wall-content\">Si vous voulez faire des emplettes pendant ce jour non travaill\u00e9, tous les centres commerciaux de Paris sont ouverts :<\/p>\n<ul class=\" wall-content wall-content\">\n<li><strong>Galeries Lafayette des Champs-\u00c9lys\u00e9es<\/strong> : de 10 \u00e0 21 heures<\/li>\n<li><strong>Galeries Lafayette Paris Haussmann<\/strong> : de 11 \u00e0 20 heures<\/li>\n<li><strong>Printemps Haussmann<\/strong> : de 11 \u00e0 20 heures<\/li>\n<li><strong>Passage du Havre<\/strong> : de 11 \u00e0 19 heures<\/li>\n<li><strong>Carrousel du Louvre<\/strong> : de 10 \u00e0 19 heures<\/li>\n<li><strong>Westfield Forum des Halles<\/strong> : boutiques de 10 heures \u00e0 20h30 \u2013 restaurants de 11 \u00e0 23 heures, cin\u00e9ma UGC de 9 \u00e0 23 heures, Monoprix 8 \u00e0 22 heures<\/li>\n<li><strong>La Samaritaine<\/strong> : de 10 \u00e0 20 heures<\/li>\n<li><strong>BHV Marais : <\/strong>de 10 \u00e0 20 heures<\/li>\n<li><strong>Bercy Village<\/strong> : de 10 \u00e0 20 heures<\/li>\n<li><strong>Italie Deux<\/strong> : de 10 \u00e0 20 heures<\/li>\n<li><strong>Le Bon March\u00e9 Rive Gauche<\/strong> : de 10 \u00e0 19h45<\/li>\n<li><strong>Le Centre Beaugrenelle<\/strong> : boutiques de 10 \u00e0 20 heures, restaurants et cin\u00e9ma de 10 heures \u00e0 minuit<\/li>\n<\/ul>\n<p class=\" wall-content\">Suivez toute l\u2019actualit\u00e9 de vos villes et m\u00e9dias favoris en vous inscrivant \u00e0 <a href=\"https:\/\/moncompte.actu.fr\" title=\"D\u00e9couvez Mon Actu\" rel=\"nofollow noopener\" data-trk=\"{&quot;cta&quot;:{&quot;action&quot;:&quot;https:\\\/\\\/moncompte.actu.fr&quot;,&quot;category&quot;:&quot;mon compte&quot;,&quot;from&quot;:&quot;article footer&quot;,&quot;name&quot;:&quot;Mon actu&quot;,&quot;type&quot;:&quot;cta&quot;}}\" target=\"_blank\">Mon Actu<\/a>.<\/p>\n","protected":false},"excerpt":{"rendered":"Par R\u00e9daction Paris Publi\u00e9 le 9 juin 2025 \u00e0 6h14 C\u2019est le dernier jour f\u00e9ri\u00e9 du printemps, avant&hellip;\n","protected":false},"author":2,"featured_media":162432,"comment_status":"","ping_status":"","sticky":false,"template":"","format":"standard","meta":{"footnotes":""},"categories":[1888],"tags":[1111,1928,11,1927,215,130,1777,674,1011,27,12,1926,626,1925,25,104],"class_list":{"0":"post-162431","1":"post","2":"type-post","3":"status-publish","4":"format-standard","5":"has-post-thumbnail","7":"category-paris","8":"tag-actu","9":"tag-actu-paris","10":"tag-actualites","11":"tag-actualites-paris","12":"tag-commerce","13":"tag-consommation","14":"tag-eu","15":"tag-europe","16":"tag-fr","17":"tag-france","18":"tag-news","19":"tag-news-paris","20":"tag-paris","21":"tag-paris-news","22":"tag-republique-francaise","23":"tag-societe"},"share_on_mastodon":{"url":"https:\/\/pubeurope.com\/@fr\/114651546503109065","error":""},"_links":{"self":[{"href":"https:\/\/www.europesays.com\/fr\/wp-json\/wp\/v2\/posts\/162431","targetHints":{"allow":["GET"]}}],"collection":[{"href":"https:\/\/www.europesays.com\/fr\/wp-json\/wp\/v2\/posts"}],"about":[{"href":"https:\/\/www.europesays.com\/fr\/wp-json\/wp\/v2\/types\/post"}],"author":[{"embeddable":true,"href":"https:\/\/www.europesays.com\/fr\/wp-json\/wp\/v2\/users\/2"}],"replies":[{"embeddable":true,"href":"https:\/\/www.europesays.com\/fr\/wp-json\/wp\/v2\/comments?post=162431"}],"version-history":[{"count":0,"href":"https:\/\/www.europesays.com\/fr\/wp-json\/wp\/v2\/posts\/162431\/revisions"}],"wp:featuredmedia":[{"embeddable":true,"href":"https:\/\/www.europesays.com\/fr\/wp-json\/wp\/v2\/media\/162432"}],"wp:attachment":[{"href":"https:\/\/www.europesays.com\/fr\/wp-json\/wp\/v2\/media?parent=162431"}],"wp:term":[{"taxonomy":"category","embeddable":true,"href":"https:\/\/www.europesays.com\/fr\/wp-json\/wp\/v2\/categories?post=162431"},{"taxonomy":"post_tag","embeddable":true,"href":"https:\/\/www.europesays.com\/fr\/wp-json\/wp\/v2\/tags?post=162431"}],"curies":[{"name":"wp","href":"https:\/\/api.w.org\/{rel}","templated":true}]}}