{"id":162435,"date":"2025-06-09T04:36:16","date_gmt":"2025-06-09T04:36:16","guid":{"rendered":"https:\/\/www.europesays.com\/fr\/162435\/"},"modified":"2025-06-09T04:36:16","modified_gmt":"2025-06-09T04:36:16","slug":"budget-2026-pierre-moscovici-ecarte-la-piste-dune-annee-blanche","status":"publish","type":"post","link":"https:\/\/www.europesays.com\/fr\/162435\/","title":{"rendered":"Budget 2026\u00a0: Pierre Moscovici \u00e9carte la piste d\u2019une \u00ab\u00a0ann\u00e9e blanche\u00a0\u00bb"},"content":{"rendered":"<p>Vers une <strong>\u00ab\u00a0ann\u00e9e blanche\u00a0\u00bb<\/strong> pour le budget 2026\u00a0? Alors que <a href=\"https:\/\/rennes.maville.com\/actu\/actudet_-budget-2026-travail-ressources-argent-public...-que-retenir-du-discours-de-francois-bayrou-_54135-6766165_actu.Htm\" target=\"_blank\" rel=\"noopener\">le Premier ministre Fran\u00e7ois Bayrou doit annoncer d\u2019ici au 14\u00a0juillet ses orientations pour le prochain budget<\/a>, pour d\u00e9gager 40\u00a0milliards d\u2019euros d\u2019efforts, plusieurs pistes circulent dont celle d\u2019un gel budg\u00e9taire. Mais cette derni\u00e8re\u00a0n\u2019a pas les faveurs de <a href=\"https:\/\/rennes.maville.com\/actu\/actudet_-entretien.-budget-de-l-etat-2024-est-une-annee-noire-juge-pierre-moscovici-_54135-6555253_actu.Htm\" target=\"_blank\" rel=\"noopener\">Pierre Moscovici, premier pr\u00e9sident de la Cour des comptes<\/a>, comme il l\u2019a indiqu\u00e9 ce dimanche 8\u00a0juin 2025 au micro de RadioJ.<\/p>\n<p><strong>\u00ab\u00a0En mati\u00e8re de d\u00e9penses publiques, je suis toujours favorable \u00e0 une approche structurelle, celle qui r\u00e9forme les politiques publiques, plus qu\u2019\u00e0 n\u2019importe quelle forme de rabot<\/strong>\u00a0\u00bb, explique Pierre Moscovici dans cet entretien, qui sera diffus\u00e9 en d\u00e9but d\u2019apr\u00e8s-midi, rapporte l\u2019AFP.<\/p>\n<p>Une <strong>\u00ab\u00a0ann\u00e9e blanche\u00a0\u00bb<\/strong>,<strong> \u00ab\u00a0ce serait ce qu\u2019on appelle un\u2019one shot\u2019. On le fait une fois et apr\u00e8s, qu\u2019est-ce que vous faites\u00a0? Alors que ce n\u2019est pas en 2026 qu\u2019il fait faire des efforts, c\u2019est en 26, 27, 28, 29 et 30 au moins. Et pour cela il faut modifier les politiques publiques\u00a0\u00bb<\/strong>, juge-t-il.<\/p>\n<p>\u00ab Plus vous avez de moyens, plus vous devez payer \u00bb<\/p>\n<p><strong>\u00ab\u00a0Il y a un effort important \u00e0 faire\u00a0\u00bb<\/strong>, \u00e0 partager <strong>\u00ab\u00a0entre toutes les cat\u00e9gories d\u2019institutions publiques, il faut faire des \u00e9conomies sur l\u2019\u00c9tat, sur les collectivit\u00e9s locales et sur la s\u00e9curit\u00e9 sociale\u00a0\u00bb<\/strong>, argumente-t-il.<\/p>\n<p><strong>\u00ab\u00a0Ce doit \u00eatre partag\u00e9 entre les Fran\u00e7ais en fonction de leur capacit\u00e9 contributive, plus vous avez de moyens, plus vous devez payer\u00a0\u00bb<\/strong> et <strong>\u00ab\u00a0il faut d\u2019abord faire des \u00e9conomies en d\u00e9penses, et ensuite, \u00e9ventuellement, marginalement et de fa\u00e7on juste, recourir \u00e0 l\u2019outil fiscal<\/strong>\u00a0\u00bb, ajoute Pierre Moscovici.<\/p>\n<p><strong>Lire aussi\u00a0:<\/strong> <a href=\"https:\/\/rennes.maville.com\/actu\/actudet_-budget-2026.-comment-trouver-40-milliards-d-euros-les-grandes-pistes-a-disposition-du-gouvernement-_54135-6764987_actu.Htm\" target=\"_blank\" rel=\"noopener\">Budget 2026. Comment trouver 40\u00a0milliards d\u2019euros\u00a0? Les grandes pistes \u00e0 disposition du gouvernement<\/a><\/p>\n<p>Alors que les d\u00e9penses publiques atteignent <strong>\u00ab\u00a057\u00a0% du PIB [\u2026], le taux le plus \u00e9lev\u00e9 d\u2019Europe. Si nous revenions progressivement vers 54, 55, on aurait juste un peu minci, [\u2026] on n\u2019aurait pas fondu. On n\u2019est pas en train d\u2019imposer l\u2019aust\u00e9rit\u00e9 aux Fran\u00e7ais\u00a0\u00bb,<\/strong> qui consisterait \u00e0<strong> \u00ab\u00a0toucher aux prestations, [\u2026] casser le service public\u00a0\u00bb<\/strong>, fait-il valoir.<\/p>\n<p>\u00ab\u00a0Je n\u2019ai jamais \u00e9t\u00e9 obs\u00e9d\u00e9 par la pr\u00e9sidentielle\u00a0\u00bb<\/p>\n<p>Interrog\u00e9 sur une \u00e9ventuelle candidature \u00e0 la pr\u00e9sidentielle en 2027, Pierre Moscovici indique qu\u2019en septembre\u00a02026, \u00e0 l\u2019issue de son mandat \u00e0 la Cour des comptes, il serait <strong>\u00ab\u00a0un homme libre. Je participerai au d\u00e9bat politique, je participerai aussi \u00e0 la r\u00e9flexion sur l\u2019\u00e9lection pr\u00e9sidentielle. Candidat, je n\u2019y pense m\u00eame pas\u00a0\u00bb<\/strong>, affirme-t-il.<\/p>\n<p><strong>\u00ab\u00a0Vous pouvez y penser ou pas\u00a0?\u00a0\u00bb<\/strong> le relance le journaliste\u00a0: <strong>\u00ab\u00a0\u00e7a peut me venir comme \u00e7a peut ne pas me venir, quand je vois toutes les personnes qui y pensent\u2026 Je n\u2019ai jamais \u00e9t\u00e9 obs\u00e9d\u00e9 par la pr\u00e9sidentielle\u00a0\u00bb<\/strong>, r\u00e9pond M. Moscovici.<\/p>\n<p>\u00a0<\/p>\n","protected":false},"excerpt":{"rendered":"Vers une \u00ab\u00a0ann\u00e9e blanche\u00a0\u00bb pour le budget 2026\u00a0? Alors que le Premier ministre Fran\u00e7ois Bayrou doit annoncer d\u2019ici&hellip;\n","protected":false},"author":2,"featured_media":162436,"comment_status":"","ping_status":"","sticky":false,"template":"","format":"standard","meta":{"footnotes":""},"categories":[1888],"tags":[5734,11,5648,8386,1003,5492,7890,1777,674,1011,27,29520,12,626,11850,8061,25],"class_list":{"0":"post-162435","1":"post","2":"type-post","3":"status-publish","4":"format-standard","5":"has-post-thumbnail","7":"category-paris","8":"tag-5734","9":"tag-actualites","10":"tag-annee","11":"tag-blanche","12":"tag-budget","13":"tag-caen","14":"tag-ecarte","15":"tag-eu","16":"tag-europe","17":"tag-fr","18":"tag-france","19":"tag-moscovici","20":"tag-news","21":"tag-paris","22":"tag-pierre","23":"tag-piste","24":"tag-republique-francaise"},"share_on_mastodon":{"url":"https:\/\/pubeurope.com\/@fr\/114651554456809422","error":""},"_links":{"self":[{"href":"https:\/\/www.europesays.com\/fr\/wp-json\/wp\/v2\/posts\/162435","targetHints":{"allow":["GET"]}}],"collection":[{"href":"https:\/\/www.europesays.com\/fr\/wp-json\/wp\/v2\/posts"}],"about":[{"href":"https:\/\/www.europesays.com\/fr\/wp-json\/wp\/v2\/types\/post"}],"author":[{"embeddable":true,"href":"https:\/\/www.europesays.com\/fr\/wp-json\/wp\/v2\/users\/2"}],"replies":[{"embeddable":true,"href":"https:\/\/www.europesays.com\/fr\/wp-json\/wp\/v2\/comments?post=162435"}],"version-history":[{"count":0,"href":"https:\/\/www.europesays.com\/fr\/wp-json\/wp\/v2\/posts\/162435\/revisions"}],"wp:featuredmedia":[{"embeddable":true,"href":"https:\/\/www.europesays.com\/fr\/wp-json\/wp\/v2\/media\/162436"}],"wp:attachment":[{"href":"https:\/\/www.europesays.com\/fr\/wp-json\/wp\/v2\/media?parent=162435"}],"wp:term":[{"taxonomy":"category","embeddable":true,"href":"https:\/\/www.europesays.com\/fr\/wp-json\/wp\/v2\/categories?post=162435"},{"taxonomy":"post_tag","embeddable":true,"href":"https:\/\/www.europesays.com\/fr\/wp-json\/wp\/v2\/tags?post=162435"}],"curies":[{"name":"wp","href":"https:\/\/api.w.org\/{rel}","templated":true}]}}