{"id":162441,"date":"2025-06-09T04:39:35","date_gmt":"2025-06-09T04:39:35","guid":{"rendered":"https:\/\/www.europesays.com\/fr\/162441\/"},"modified":"2025-06-09T04:39:35","modified_gmt":"2025-06-09T04:39:35","slug":"ukraine-la-force-des-faibles-danna-colin-lebedev","status":"publish","type":"post","link":"https:\/\/www.europesays.com\/fr\/162441\/","title":{"rendered":"\u00abUkraine, la force des faibles \u00bb d\u2019Anna Colin-Lebedev"},"content":{"rendered":"<p class=\"t-content__chapo\">\n                                                C\u2019est le 1\u00a0200\u1d49 jour de guerre en Ukraine &#8211; et autant de journ\u00e9es d&rsquo;une r\u00e9sistance qui a surpris le monde entier &#8211; \u00e0 commencer par la Russie, convaincue le 24 f\u00e9vrier 2022 que la chute de Kiev ne serait qu&rsquo;une formalit\u00e9.\u00a0Dans son dernier livre, Anna Colin-Lebedev, ma\u00eetresse de conf\u00e9rences en sciences politiques \u00e0 l&rsquo;universit\u00e9 Paris-Nanterre, se penche sur les racines de cette r\u00e9sistance, sur le sens de l&rsquo;engagement citoyen, sur les ingr\u00e9dients de son succ\u00e8s. Intitul\u00e9 \u00ab\u00a0Ukraine, la force des faibles\u00a0\u00bb, le texte t\u00e9moigne aussi de la vitalit\u00e9 de la d\u00e9mocratie ukrainienne.                    <\/p>\n<p>        <img decoding=\"async\" fetchpriority=\"low\" src=\"https:\/\/www.europesays.com\/fr\/wp-content\/uploads\/2025\/06\/2025-06-07T053305Z_504236668_RC2FXEA1ZRQT_RTRMADP_3_UKRAINE-CRISIS-ATTACK-KHARKIV.JPG\" alt=\"Des pompiers interviennent sur le site d'un b\u00e2timent touch\u00e9 par une frappe de drone russe, \u00e0 Kharkiv, en Ukraine, le 7 juin 2025.\"   width=\"980\" height=\"551\" loading=\"eager\" class=\"m-figure__img lazy\"\/><\/p>\n<p>                Des pompiers interviennent sur le site d&rsquo;un b\u00e2timent touch\u00e9 par une frappe de drone russe, \u00e0 Kharkiv, en Ukraine, le 7 juin 2025.                REUTERS &#8211; Sofiia Gatilova            <\/p>\n<p>Dans cette r\u00e9sistance, face \u00e0 l&rsquo;agresseur, la soci\u00e9t\u00e9 civile ukrainienne joue un r\u00f4le cl\u00e9, du soutien logistique aux soldats \u00e0 l&rsquo;apprentissage du maniement des drones ou des soins de premier secours.<\/p>\n<p>        <img decoding=\"async\" fetchpriority=\"low\" src=\"https:\/\/www.europesays.com\/fr\/wp-content\/uploads\/2025\/06\/160558_couverture_Hres_0.jpg\" alt=\"Anna Colin Lebedev La force du faible et ci-joint la couv du livre\"   style=\"max-height:600px\" loading=\"lazy\" class=\"m-figure__img lazy\"\/><\/p>\n<p>                Anna Colin Lebedev La force du faible et ci-joint la couv du livre                \u00a9 \u00c9ditions Seuil            <\/p>\n<p><a href=\"https:\/\/www.rfi.fr\/fr\/tag\/ukraine\/\" target=\"_self\" rel=\"noopener\"><strong>Suivez\u00a0nos derni\u00e8res infos, reportages et \u00e9missions\u00a0sur la guerre en Ukraine<\/strong><\/a><\/p>\n","protected":false},"excerpt":{"rendered":"C\u2019est le 1\u00a0200\u1d49 jour de guerre en Ukraine &#8211; et autant de journ\u00e9es d&rsquo;une r\u00e9sistance qui a surpris&hellip;\n","protected":false},"author":2,"featured_media":162442,"comment_status":"","ping_status":"","sticky":false,"template":"","format":"standard","meta":{"footnotes":""},"categories":[1590],"tags":[11,1777,674,3258,1380,12,132,220],"class_list":{"0":"post-162441","1":"post","2":"type-post","3":"status-publish","4":"format-standard","5":"has-post-thumbnail","7":"category-ukraine","8":"tag-actualites","9":"tag-eu","10":"tag-europe","11":"tag-livre-international","12":"tag-livres","13":"tag-news","14":"tag-russie","15":"tag-ukraine"},"share_on_mastodon":{"url":"https:\/\/pubeurope.com\/@fr\/114651566168365435","error":""},"_links":{"self":[{"href":"https:\/\/www.europesays.com\/fr\/wp-json\/wp\/v2\/posts\/162441","targetHints":{"allow":["GET"]}}],"collection":[{"href":"https:\/\/www.europesays.com\/fr\/wp-json\/wp\/v2\/posts"}],"about":[{"href":"https:\/\/www.europesays.com\/fr\/wp-json\/wp\/v2\/types\/post"}],"author":[{"embeddable":true,"href":"https:\/\/www.europesays.com\/fr\/wp-json\/wp\/v2\/users\/2"}],"replies":[{"embeddable":true,"href":"https:\/\/www.europesays.com\/fr\/wp-json\/wp\/v2\/comments?post=162441"}],"version-history":[{"count":0,"href":"https:\/\/www.europesays.com\/fr\/wp-json\/wp\/v2\/posts\/162441\/revisions"}],"wp:featuredmedia":[{"embeddable":true,"href":"https:\/\/www.europesays.com\/fr\/wp-json\/wp\/v2\/media\/162442"}],"wp:attachment":[{"href":"https:\/\/www.europesays.com\/fr\/wp-json\/wp\/v2\/media?parent=162441"}],"wp:term":[{"taxonomy":"category","embeddable":true,"href":"https:\/\/www.europesays.com\/fr\/wp-json\/wp\/v2\/categories?post=162441"},{"taxonomy":"post_tag","embeddable":true,"href":"https:\/\/www.europesays.com\/fr\/wp-json\/wp\/v2\/tags?post=162441"}],"curies":[{"name":"wp","href":"https:\/\/api.w.org\/{rel}","templated":true}]}}