{"id":162443,"date":"2025-06-09T04:40:11","date_gmt":"2025-06-09T04:40:11","guid":{"rendered":"https:\/\/www.europesays.com\/fr\/162443\/"},"modified":"2025-06-09T04:40:11","modified_gmt":"2025-06-09T04:40:11","slug":"etats-unis-et-chine-a-londres-pour-prolonger-la-treve-dans-leur-conflit-douanier-actualites","status":"publish","type":"post","link":"https:\/\/www.europesays.com\/fr\/162443\/","title":{"rendered":"Etats-Unis et Chine \u00e0 Londres pour prolonger la tr\u00eave dans leur conflit douanier : Actualit\u00e9s"},"content":{"rendered":"<p class=\"lead \">Apr\u00e8s Gen\u00e8ve il y a un mois, Am\u00e9ricains et Chinois entament une nouvelle s\u00e9rie de discussions lundi \u00e0 Londres, avec pour objectif de prolonger la tr\u00eave dans leur guerre commerciale, alors que les tensions entre les deux premi\u00e8res puissances \u00e9conomiques persistent.<\/p>\n<p class=\"lead \">C\u00f4t\u00e9 am\u00e9ricain, le pr\u00e9sident Donald Trump a annonc\u00e9 vendredi que la d\u00e9l\u00e9gation serait compos\u00e9e du secr\u00e9taire au Tr\u00e9sor, Scott Bessent, celui au Commerce, Howard Lutnick, et du repr\u00e9sentant de la Maison Blanche pour le Commerce (USTR), Jamieson Greer.<\/p>\n<p class=\"lead \">Le minist\u00e8re chinois des Affaires \u00e9trang\u00e8res a pour sa part pr\u00e9cis\u00e9 samedi que le vice-Premier ministre chinois, He Lifeng, m\u00e8nera la d\u00e9l\u00e9gation, comme lors des n\u00e9gociations en Suisse.<\/p>\n<p class=\"lead \">\u00ab\u00a0Cette r\u00e9union devrait bien se passer\u00a0\u00bb, a assur\u00e9 sur son r\u00e9seau social Truth le pr\u00e9sident am\u00e9ricain.<\/p>\n<p class=\"lead \">\u00ab\u00a0Nous souhaitons que la Chine et les Etats-Unis poursuivent sur la lanc\u00e9e de l&rsquo;accord sign\u00e9 \u00e0 Gen\u00e8ve\u00a0\u00bb, a insist\u00e9 dimanche la porte-parole de la Maison Blanche, Karoline Leavitt, sur FoxNews.<\/p>\n<p class=\"lead \">Le gouvernement britannique a pr\u00e9cis\u00e9 de son c\u00f4t\u00e9 ne pas \u00eatre impliqu\u00e9 dans les n\u00e9gociations mais \u00ab\u00a0nous d\u00e9fendons le libre-\u00e9change et avons exprim\u00e9 clairement l&rsquo;id\u00e9e qu&rsquo;une guerre commerciale n&rsquo;est bonne pour personne, nous soutenons donc ces discussions\u00a0\u00bb, a d\u00e9clar\u00e9 \u00e0 l&rsquo;AFP un porte-parole.<\/p>\n<p class=\"lead \">&#8211; \u00ab\u00a0Redresser la trajectoire\u00a0\u00bb &#8211;<\/p>\n<p class=\"lead \">Une rencontre qui intervient apr\u00e8s un premier \u00e9change t\u00e9l\u00e9phonique, jeudi, entre les pr\u00e9sidents am\u00e9ricain et chinois, conversation qualifi\u00e9e de \u00ab\u00a0tr\u00e8s positive\u00a0\u00bb par Donald Trump alors que Xi Jinping a demand\u00e9 \u00e0 son homologue am\u00e9ricain de \u00ab\u00a0redresser la trajectoire du grand navire des relations sino-am\u00e9ricaines\u00a0\u00bb, selon la presse chinoise.<\/p>\n<p class=\"lead \">Mais \u00e9galement apr\u00e8s un brusque acc\u00e8s de tension dans la semaine, alors que M. Trump a accus\u00e9 P\u00e9kin de ne pas respecter les termes de l&rsquo;accord de d\u00e9sescalade sign\u00e9 \u00e0 Gen\u00e8ve.<\/p>\n<p class=\"lead \">\u00ab\u00a0Nous souhaitons que la Chine applique sa part de l&rsquo;accord. Et c&rsquo;est sur quoi notre \u00e9quipe compte discuter demain\u00a0\u00bb, \u00e0 Londres, a soulign\u00e9 Mme Leavitt.<\/p>\n<p class=\"lead \">En Suisse, Washington avait accept\u00e9, apr\u00e8s deux jours de n\u00e9gociations, de ramener les droits de douane sur les produits chinois de 145% \u00e0 30%, en \u00e9change d&rsquo;un mouvement similaire par P\u00e9kin, de 125% \u00e0 10% sur les produits am\u00e9ricains, pour une dur\u00e9e de 90 jours.<\/p>\n<p class=\"lead \">Les deux capitales \u00e9taient en effet entr\u00e9es dans une surench\u00e8re de droits de douane au lendemain de l&rsquo;annonce par le pr\u00e9sident Trump, d\u00e9but avril, de ses droits de douane dits \u00ab\u00a0r\u00e9ciproques\u00a0\u00bb, imposant au moins 10% sur l&rsquo;ensemble des produits entrants aux Etats-Unis, quelle que soit la provenance.<\/p>\n<p class=\"lead \">Les produits chinois ont \u00e9t\u00e9 initialement frapp\u00e9s de 34% de surtaxe, qui venaient s&rsquo;ajouter aux 20% impos\u00e9s dans le cadre de la lutte contre le trafic de fentanyl, un puissant opio\u00efde cause d&rsquo;une crise sanitaire majeure aux Etats-Unis, et aux droits de douane pr\u00e9existants \u00e0 la r\u00e9\u00e9lection de Donald Trump.<\/p>\n<p class=\"lead \">&#8211; \u00ab\u00a0Canal vert\u00a0\u00bb &#8211;<\/p>\n<p class=\"lead \">P\u00e9kin avait r\u00e9pliqu\u00e9 par des droits de douane \u00e9quivalents, entra\u00eenant une surench\u00e8re avec Washington, pour atteindre respectivement 125% et 145% sur les produits de chaque pays, fort ralentissement des \u00e9changes commerciaux entre les deux g\u00e9ants \u00e0 la cl\u00e9.<\/p>\n<p class=\"lead \">Tout en travaillant \u00e0 la normalisation de ses relations avec Washington, le gouvernement chinois s&rsquo;est lanc\u00e9 dans une s\u00e9rie de discussions avec ses autres partenaires commerciaux pour constituer un front commun face aux Etats-Unis, commen\u00e7ant par les autres pays asiatiques, Japon et Cor\u00e9e du Sud en t\u00eate.<\/p>\n<p class=\"lead \">Jeudi, il s&rsquo;est tourn\u00e9 vers le Canada, avec lequel la Chine souhaite \u00ab\u00a0r\u00e9gulariser\u00a0\u00bb ses relations, apr\u00e8s un appel entre son Premier ministre Le Qiang et son homologue canadien Mark Carney, alors que les liens bilat\u00e9raux sont tendus depuis de nombreuses ann\u00e9es.<\/p>\n<p class=\"lead \">P\u00e9kin a \u00e9galement propos\u00e9 \u00e0 l&rsquo;Union europ\u00e9enne (UE) un \u00ab\u00a0canal vert\u00a0\u00bb afin de faciliter les exportations de terres rares vers le bloc, en permettant \u00ab\u00a0d&rsquo;acc\u00e9l\u00e9rer le traitement\u00a0\u00bb des demandes consid\u00e9r\u00e9es comme \u00ab\u00a0conformes\u00a0\u00bb.<\/p>\n<p class=\"lead \">Un geste cons\u00e9cutif \u00e0 des \u00e9changes entre son ministre du Commerce, Wang Wentao et le commissaire europ\u00e9en au Commerce, Maros Sefcovic, et alors que se profile en juillet un sommet entre l&rsquo;UE et la Chine. Celui-ci pourrait, l\u00e0 aussi, mener \u00e0 un r\u00e9\u00e9quilibrage des \u00e9changes entre le bloc europ\u00e9en et P\u00e9kin.<\/p>\n<p class=\"small font-weight-bold text-gray3 \"> publi\u00e9 le 9 juin \u00e0 05h04, AFP<\/p>\n<p>                             Partager<\/p>\n","protected":false},"excerpt":{"rendered":"Apr\u00e8s Gen\u00e8ve il y a un mois, Am\u00e9ricains et Chinois entament une nouvelle s\u00e9rie de discussions lundi \u00e0&hellip;\n","protected":false},"author":2,"featured_media":162444,"comment_status":"","ping_status":"","sticky":false,"template":"","format":"standard","meta":{"footnotes":""},"categories":[1589],"tags":[11,309,215,312,2822,73,1866,12,1864,1865,1863,308],"class_list":{"0":"post-162443","1":"post","2":"type-post","3":"status-publish","4":"format-standard","5":"has-post-thumbnail","7":"category-etats-unis","8":"tag-actualites","9":"tag-chine","10":"tag-commerce","11":"tag-diplomatie","12":"tag-douanes","13":"tag-etats-unis","14":"tag-etats-unis-damerique","15":"tag-news","16":"tag-united-states","17":"tag-united-states-of-america","18":"tag-us","19":"tag-usa"},"share_on_mastodon":{"url":"https:\/\/pubeurope.com\/@fr\/114651570081538057","error":""},"_links":{"self":[{"href":"https:\/\/www.europesays.com\/fr\/wp-json\/wp\/v2\/posts\/162443","targetHints":{"allow":["GET"]}}],"collection":[{"href":"https:\/\/www.europesays.com\/fr\/wp-json\/wp\/v2\/posts"}],"about":[{"href":"https:\/\/www.europesays.com\/fr\/wp-json\/wp\/v2\/types\/post"}],"author":[{"embeddable":true,"href":"https:\/\/www.europesays.com\/fr\/wp-json\/wp\/v2\/users\/2"}],"replies":[{"embeddable":true,"href":"https:\/\/www.europesays.com\/fr\/wp-json\/wp\/v2\/comments?post=162443"}],"version-history":[{"count":0,"href":"https:\/\/www.europesays.com\/fr\/wp-json\/wp\/v2\/posts\/162443\/revisions"}],"wp:featuredmedia":[{"embeddable":true,"href":"https:\/\/www.europesays.com\/fr\/wp-json\/wp\/v2\/media\/162444"}],"wp:attachment":[{"href":"https:\/\/www.europesays.com\/fr\/wp-json\/wp\/v2\/media?parent=162443"}],"wp:term":[{"taxonomy":"category","embeddable":true,"href":"https:\/\/www.europesays.com\/fr\/wp-json\/wp\/v2\/categories?post=162443"},{"taxonomy":"post_tag","embeddable":true,"href":"https:\/\/www.europesays.com\/fr\/wp-json\/wp\/v2\/tags?post=162443"}],"curies":[{"name":"wp","href":"https:\/\/api.w.org\/{rel}","templated":true}]}}