{"id":162453,"date":"2025-06-09T04:45:16","date_gmt":"2025-06-09T04:45:16","guid":{"rendered":"https:\/\/www.europesays.com\/fr\/162453\/"},"modified":"2025-06-09T04:45:16","modified_gmt":"2025-06-09T04:45:16","slug":"lois-boisson-elle-muscle-son-tennis-liberation","status":"publish","type":"post","link":"https:\/\/www.europesays.com\/fr\/162453\/","title":{"rendered":"Lo\u00efs Boisson, elle muscle son tennis \u2013 Lib\u00e9ration"},"content":{"rendered":"<p class=\"sc-ksZaOG ehjQrN text-element\">Un d\u00e9cor d\u2019eau. C\u2019est peut-\u00eatre ce qu\u2019il lui faut pour atterrir. A vrai dire, <a href=\"https:\/\/www.liberation.fr\/tags\/lois-boisson\/\" target=\"_blank\" rel=\"noreferrer noopener\" title=\"https:\/\/www.liberation.fr\/tags\/lois-boisson\/\">Lo\u00efs Boisson<\/a> n\u2019est pas encore totalement retomb\u00e9e. Ni m\u00eame remise. Elle tra\u00eene quelques courbatures. Ses articulations sont encore rouill\u00e9es de la veille. La Dijonnaise reprend son souffle \u00e0 l\u2019h\u00f4tel Molitor, luxueux palace jaune moutarde expos\u00e9 dans le XVIe arrondissement, repaire d\u2019artiste underground parisien et maison \u00e9ph\u00e9m\u00e8re pour joueur en qu\u00eate de destin\u00e9e glorieuse \u00e0 Roland-Garros. Elle r\u00e9cup\u00e8re \u00e0 quelques m\u00e8tres de l\u2019historique piscine quasi centenaire. Loin de la terre, pour une fois. Enfin, pas trop non plus : le court Philippe-Chatrier n\u2019est qu\u2019\u00e0 une centaine de m\u00e8tres \u00e0 vol d\u2019oiseau.<\/p>\n<p class=\"sc-ksZaOG ehjQrN text-element\">Point de tee-shirt bleu ni de short blanc macul\u00e9 de poussi\u00e8re ocre. Plut\u00f4t jean large, veste en cuir marron, chevelure d\u00e9tach\u00e9e, sourire retrouv\u00e9. Et l\u2019amertume d\u2019une demi-finale infructueuse. Cong\u00e9di\u00e9e 6-1, 6-2 en une heure et neuf minutes par la num\u00e9ro deux mondiale, <a href=\"https:\/\/www.liberation.fr\/sports\/tennis\/roland-garros-2025-coco-gauff-renverse-aryna-sabalenka-et-remporte-son-premier-titre-a-paris-20250607_URP6W2HR3BHPBCK6WOOO2VEE6E\/\" target=\"_blank\" rel=\"noreferrer noopener\" title=\"https:\/\/www.liberation.fr\/sports\/tennis\/roland-garros-2025-coco-gauff-renverse-aryna-sabalenka-et-remporte-son-premier-titre-a-paris-20250607_URP6W2HR3BHPBCK6WOOO2VEE6E\/\">Coco Gauff<\/a><\/p>\n","protected":false},"excerpt":{"rendered":"Un d\u00e9cor d\u2019eau. C\u2019est peut-\u00eatre ce qu\u2019il lui faut pour atterrir. A vrai dire, Lo\u00efs Boisson n\u2019est pas&hellip;\n","protected":false},"author":2,"featured_media":162454,"comment_status":"","ping_status":"","sticky":false,"template":"","format":"standard","meta":{"footnotes":""},"categories":[2],"tags":[11,1011,27,12,25,4171],"class_list":{"0":"post-162453","1":"post","2":"type-post","3":"status-publish","4":"format-standard","5":"has-post-thumbnail","7":"category-actualites","8":"tag-actualites","9":"tag-fr","10":"tag-france","11":"tag-news","12":"tag-republique-francaise","13":"tag-roland-garros"},"share_on_mastodon":{"url":"https:\/\/pubeurope.com\/@fr\/114651589721530797","error":""},"_links":{"self":[{"href":"https:\/\/www.europesays.com\/fr\/wp-json\/wp\/v2\/posts\/162453","targetHints":{"allow":["GET"]}}],"collection":[{"href":"https:\/\/www.europesays.com\/fr\/wp-json\/wp\/v2\/posts"}],"about":[{"href":"https:\/\/www.europesays.com\/fr\/wp-json\/wp\/v2\/types\/post"}],"author":[{"embeddable":true,"href":"https:\/\/www.europesays.com\/fr\/wp-json\/wp\/v2\/users\/2"}],"replies":[{"embeddable":true,"href":"https:\/\/www.europesays.com\/fr\/wp-json\/wp\/v2\/comments?post=162453"}],"version-history":[{"count":0,"href":"https:\/\/www.europesays.com\/fr\/wp-json\/wp\/v2\/posts\/162453\/revisions"}],"wp:featuredmedia":[{"embeddable":true,"href":"https:\/\/www.europesays.com\/fr\/wp-json\/wp\/v2\/media\/162454"}],"wp:attachment":[{"href":"https:\/\/www.europesays.com\/fr\/wp-json\/wp\/v2\/media?parent=162453"}],"wp:term":[{"taxonomy":"category","embeddable":true,"href":"https:\/\/www.europesays.com\/fr\/wp-json\/wp\/v2\/categories?post=162453"},{"taxonomy":"post_tag","embeddable":true,"href":"https:\/\/www.europesays.com\/fr\/wp-json\/wp\/v2\/tags?post=162453"}],"curies":[{"name":"wp","href":"https:\/\/api.w.org\/{rel}","templated":true}]}}