{"id":162455,"date":"2025-06-09T04:46:13","date_gmt":"2025-06-09T04:46:13","guid":{"rendered":"https:\/\/www.europesays.com\/fr\/162455\/"},"modified":"2025-06-09T04:46:13","modified_gmt":"2025-06-09T04:46:13","slug":"essai-refuse-incomprehension-avec-larbitre-puis-33-0-encaisse-en-dix-minutes-comment-le-rc-vannes-a-coule-contre-bordeaux-begles","status":"publish","type":"post","link":"https:\/\/www.europesays.com\/fr\/162455\/","title":{"rendered":"Essai refus\u00e9, incompr\u00e9hension avec l\u2019arbitre puis 33-0 encaiss\u00e9 en dix minutes\u00a0: comment le RC Vannes a coul\u00e9 contre Bordeaux B\u00e8gles"},"content":{"rendered":"<p>Top 14 (26e journ\u00e9e). Union Bordeaux B\u00e8gles &#8211; RC Vannes : 59-28<\/p>\n<p>Dix minutes en enfer ! Le <a href=\"https:\/\/www.letelegramme.fr\/sports\/rugby\/rc-vannes\/\" target=\"_blank\" rel=\"noopener\">RC Vannes<\/a>, encore en route pour un exploit majeur \u00e0 l\u2019approche de l\u2019heure de jeu, a totalement explos\u00e9 en encaissant cinq essais en dix minutes. Durant cette p\u00e9riode, entre la 57e et la 67e minute de jeu, le score est pass\u00e9 de 19-21 \u00e0 52-21 en faveur de Bordeaux B\u00e8gles.<\/p>\n<p>\u00ab Cette p\u00e9riode a \u00e9t\u00e9 vraiment dure, confiait le capitaine du RCV Francisco Gorrissen. On a essay\u00e9 de rentrer dans le match \u00e0 nouveau, mais quand tu as la qualit\u00e9 des joueurs qu\u2019ils ont en face, en plus en confiance, c\u2019\u00e9tait vraiment dur. C\u2019\u00e9tait un peu un cauchemar et ils ont \u00e9t\u00e9 vraiment forts. \u00bb<\/p>\n<p>La raison de cette tornade bordelo-b\u00e9glaise, outre la fatigue qui commen\u00e7ait \u00e0 arriver, prend s\u00fbrement racine dans un fait de jeu \u00e0 la 53e minute. Les Vannetais sont alors dans un temps fort, ils viennent de prendre l\u2019avantage gr\u00e2ce \u00e0 un essai de Romaric Camou (19-21, 48\u2019), inscrit en sup\u00e9riorit\u00e9 num\u00e9rique apr\u00e8s le carton jaune re\u00e7u par Matis Perchaud (47\u2019). Phil Kit\u00e9 pense inscrire un nouvel essai mais le pilier droit du RCV est p\u00e9nalis\u00e9 par l\u2019arbitre Tual Trainini pour l\u2019avoir \u00ab marqu\u00e9 en deux temps \u00bb.<\/p>\n<p>Incompr\u00e9hension avec l\u2019arbitre<\/p>\n<p>La p\u00e9nalit\u00e9 est m\u00eame avanc\u00e9e de dix m\u00e8tres apr\u00e8s un accrochage entre Th\u00e9o B\u00e9ziat et Damian Penaud. Le d\u00e9but de la fin pour les Bretons.<\/p>\n<p>\u00ab Je pense qu\u2019inconsciemment, les joueurs se sont dit : \u00ab On va faire l\u2019exploit \u00bb, expliquait Jean-No\u00ebl Spitzer \u00e0 l\u2019issue de la rencontre. Le fait d\u2019avoir cet essai refus\u00e9, c\u2019est dix m\u00e8tres de plus. J\u2019ai bien vu dans l\u2019attitude des joueurs, la fa\u00e7on dont ils reculaient, ils ne comprenaient absolument pas la d\u00e9cision de l\u2019arbitre. C\u2019est toujours pareil, la relation joueurs-arbitre existe. Et quand cette relation est perdue, fatalement, le match t\u2019\u00e9chappe. \u00bb<\/p>\n<p>Les Vannetais estimaient que les joueurs de l\u2019UBB \u00e9taient hors-jeu au moment de la p\u00e9nalit\u00e9 jou\u00e9e \u00e0 la main par le RCV \u00e0 cinq m\u00e8tres de l\u2019en-but adverse. Francisco Gorrissen a bien essay\u00e9 d\u2019expliquer son point de vue \u00e0 l\u2019arbitre mais ce dernier, s\u00fbr de lui, n\u2019a pas \u00e9t\u00e9 r\u00e9ceptif. \u00ab Ils \u00e9taient sur leur ligne de but donc c\u2019\u00e9tait bon \u00bb, a-t-il r\u00e9pondu au capitaine du RCV avant de le couper avec un \u00ab c\u2019\u00e9tait bon, merci \u00bb.<\/p>\n<p>Une d\u00e9cision qui semble juste<\/p>\n<p>Les images semblent en effet donner raison \u00e0 M. Trainini. Sur le direct de Canal +, seul Maxime Lamothe, en train d\u2019\u00e9changer avec l\u2019officiel au moment o\u00f9 Sione Kalamafoni joue rapidement la p\u00e9nalit\u00e9, est hors jeu. Mais le talonneur fait bien l\u2019effort de se replacer derri\u00e8re sa ligne avant de prendre part \u00e0 l\u2019action.<\/p>\n<p>Apr\u00e8s cette occasion manqu\u00e9e, les Morbihannais ont pris un \u00e9norme coup sur la t\u00eate. Et les cons\u00e9quences furent d\u00e9sastreuses puisqu\u2019ils encaiss\u00e8rent cinq essais en seulement dix minutes par Tameifuna (57\u2019), Depoortere (59\u2019, 67\u2019), Penaud (62\u2019) et Bielle-Biarrey (64\u2019).<\/p>\n","protected":false},"excerpt":{"rendered":"Top 14 (26e journ\u00e9e). Union Bordeaux B\u00e8gles &#8211; RC Vannes : 59-28 Dix minutes en enfer ! Le&hellip;\n","protected":false},"author":2,"featured_media":162456,"comment_status":"","ping_status":"","sticky":false,"template":"","format":"standard","meta":{"footnotes":""},"categories":[2],"tags":[11,1011,27,12,3164,3167,25,479,60,478,3165],"class_list":{"0":"post-162455","1":"post","2":"type-post","3":"status-publish","4":"format-standard","5":"has-post-thumbnail","7":"category-actualites","8":"tag-actualites","9":"tag-fr","10":"tag-france","11":"tag-news","12":"tag-rc-vannes","13":"tag-rcv","14":"tag-republique-francaise","15":"tag-rugby","16":"tag-sports","17":"tag-top-14","18":"tag-vannes"},"share_on_mastodon":{"url":"https:\/\/pubeurope.com\/@fr\/114651593678123579","error":""},"_links":{"self":[{"href":"https:\/\/www.europesays.com\/fr\/wp-json\/wp\/v2\/posts\/162455","targetHints":{"allow":["GET"]}}],"collection":[{"href":"https:\/\/www.europesays.com\/fr\/wp-json\/wp\/v2\/posts"}],"about":[{"href":"https:\/\/www.europesays.com\/fr\/wp-json\/wp\/v2\/types\/post"}],"author":[{"embeddable":true,"href":"https:\/\/www.europesays.com\/fr\/wp-json\/wp\/v2\/users\/2"}],"replies":[{"embeddable":true,"href":"https:\/\/www.europesays.com\/fr\/wp-json\/wp\/v2\/comments?post=162455"}],"version-history":[{"count":0,"href":"https:\/\/www.europesays.com\/fr\/wp-json\/wp\/v2\/posts\/162455\/revisions"}],"wp:featuredmedia":[{"embeddable":true,"href":"https:\/\/www.europesays.com\/fr\/wp-json\/wp\/v2\/media\/162456"}],"wp:attachment":[{"href":"https:\/\/www.europesays.com\/fr\/wp-json\/wp\/v2\/media?parent=162455"}],"wp:term":[{"taxonomy":"category","embeddable":true,"href":"https:\/\/www.europesays.com\/fr\/wp-json\/wp\/v2\/categories?post=162455"},{"taxonomy":"post_tag","embeddable":true,"href":"https:\/\/www.europesays.com\/fr\/wp-json\/wp\/v2\/tags?post=162455"}],"curies":[{"name":"wp","href":"https:\/\/api.w.org\/{rel}","templated":true}]}}