{"id":162475,"date":"2025-06-09T05:00:35","date_gmt":"2025-06-09T05:00:35","guid":{"rendered":"https:\/\/www.europesays.com\/fr\/162475\/"},"modified":"2025-06-09T05:00:35","modified_gmt":"2025-06-09T05:00:35","slug":"on-va-enfin-savoir-qui-de-xavier-ou-emilien-les-12-coups-de-midi-est-le-plus-fort-jean-luc-reichmann-revele-quils-vont-bientot-saffronter-sur-tf1","status":"publish","type":"post","link":"https:\/\/www.europesays.com\/fr\/162475\/","title":{"rendered":"On va enfin savoir qui de Xavier ou Emilien (Les 12 coups de midi) est le plus fort, Jean-Luc Reichmann r\u00e9v\u00e8le qu\u2019ils vont bient\u00f4t s\u2019affronter sur TF1"},"content":{"rendered":"<p>\u00c9milien r\u00e8gne en ma\u00eetre sur le plateau des 12 coups de midi depuis presque 2 ans. Avant lui, d\u2019autres ma\u00eetres de midi ont marqu\u00e9 l\u2019\u00e9mission comme Xavier. Pour le plus grand plaisir des t\u00e9l\u00e9spectateurs, Jean-Luc Reichmann a annonc\u00e9 qu\u2019un affrontement entre les deux champions est pr\u00e9vu !<\/p>\n<p>C\u2019est le plus grand champion de l\u2019histoire des jeux t\u00e9l\u00e9 fran\u00e7ais. Depuis bient\u00f4t 2 ans, \u00c9milien impressionne les t\u00e9l\u00e9spectateurs avec son savoir qui semble in\u00e9puisable. Ses innombrables victoires lui ont permis d\u2019amasser une cagnotte qui d\u00e9passe les 2 millions d\u2019euros. Avec <a href=\"https:\/\/www.programme-tv.net\/news\/tv\/380142-cetait-assez-inattendu-emilien-les-12-coups-de-midi-reagit-apres-avoir-remporte-sa-22e-etoile-mysterieuse\/\" data-api-deeplink=\"teleloisirs:\/\/news\/380142\" target=\"_blank\" rel=\"noopener\">22 \u00e9toiles au compteur<\/a>, c\u2019est tout simplement du jamais vu ! Apr\u00e8s plus de 600 participations, le jeune Vend\u00e9en est toujours invaincu, mais c&rsquo;est peut-\u00eatre sur le point de changer ! Lors de l\u2019\u00e9mission des 12 coups de midi diffus\u00e9e ce dimanche 8 juin, Jean-Luc Reichmann a annonc\u00e9 qu\u2019un prochain combat de grands ma\u00eetres est dans les tuyaux. Et son adversaire n\u2019est nul d\u2019autre que Xavier, un autre grand champion du programme phare de TF1. Voil\u00e0 de quoi mettre le jeune prodige de 22 ans en difficult\u00e9 !<\/p>\n<p>\u00c9milien et Xavier vont bient\u00f4t s\u2019affronter lors d\u2019un duel in\u00e9dit dans les 12 coups de midi<\/p>\n<p>Pour c\u00e9l\u00e9brer les 15 ann\u00e9es des 12 coups de midi \u00e0 l\u2019antenne, la production pr\u00e9pare un prime tr\u00e8s sp\u00e9cial. C\u2019est en tout cas ce qu\u2019a d\u00e9clar\u00e9 Jean-Luc Reichmann lors de l\u2019\u00e9mission diffus\u00e9e ce dimanche 8 juin. L\u2019animateur a profit\u00e9 qu\u2019un candidat provoque \u00c9milien, le ma\u00eetre des ma\u00eetres, en duel pour r\u00e9v\u00e9ler qu\u2019un affrontement symbolique attend le champion. \u00ab\u00a0On est en train de pr\u00e9parer un prime time le mois prochain avec vous et il y aura des invit\u00e9s de dingue et Xavier a \u00e9galement accept\u00e9 de vous affronter. Alors \u00e7a, \u00e7a va \u00eatre hyper sympa !\u00a0\u00bb, a r\u00e9v\u00e9l\u00e9 l\u2019animateur \u00e0 \u00c9milien. Il nous tarde de d\u00e9couvrir qui d\u2019\u00c9milien ou de Xavier remportera ce combat qui s\u2019annonce tr\u00e8s serr\u00e9 !<\/p>\n<p>                        Xavier a toujours r\u00eav\u00e9 d\u2019affronter \u00c9milien sur le plateau des 12 coups de midi<\/p>\n<p>Parmi les visages embl\u00e9matiques des 12 Coups de midi, difficile de ne pas citer Xavier. Plus de dix ans apr\u00e8s sa premi\u00e8re participation, le champion reste un fid\u00e8le du plateau, r\u00e9pondant pr\u00e9sent \u00e0 presque toutes les \u00e9missions sp\u00e9ciales. Pourtant, malgr\u00e9 ses nombreuses apparitions lors des primes Masters, une confrontation avec \u00c9milien ne s\u2019est encore jamais produite. <a href=\"https:\/\/www.programme-tv.net\/news\/tv\/367720-ce-serait-inedit-cet-affrontement-que-xavier-les-12-coups-de-midi-reve-de-voir-dans-le-jeu-de-tf1\/\" data-api-deeplink=\"teleloisirs:\/\/news\/367720\" target=\"_blank\" rel=\"noopener\">Un face-\u00e0-face qu\u2019il esp\u00e9rait depuis longtemps<\/a>, comme il l\u2019avait confi\u00e9 \u00e0 Jean-Luc Reichmann lors de son passage sur le plateau, le 24 d\u00e9cembre 2024 : \u00ab\u00a0Je ne sais pas s\u2019il l\u2019attend plus que moi, mais en tout cas, on peut bien patienter encore quelques mois. Ce serait plus sympa de le faire sur un Master. Je pense qu\u2019on a tous les deux envie de voir ce que \u00e7a donne, peu importe le r\u00e9sultat.\u00a0\u00bb Dans quelques semaines, ce duel tant attendu aura enfin lieu !<\/p>\n<p>Article r\u00e9dig\u00e9 en collaboration avec 6M\u00e9dias.<\/p>\n","protected":false},"excerpt":{"rendered":"\u00c9milien r\u00e8gne en ma\u00eetre sur le plateau des 12 coups de midi depuis presque 2 ans. Avant lui,&hellip;\n","protected":false},"author":2,"featured_media":162476,"comment_status":"","ping_status":"","sticky":false,"template":"","format":"standard","meta":{"footnotes":""},"categories":[1356],"tags":[244,58,8049,59,1011,27,29525,465,466,8050,252,1364,29526,29527],"class_list":{"0":"post-162475","1":"post","2":"type-post","3":"status-publish","4":"format-standard","5":"has-post-thumbnail","7":"category-television","8":"tag-commentaire","9":"tag-divertissement","10":"tag-emilien-les-12-coups-de-midi","11":"tag-entertainment","12":"tag-fr","13":"tag-france","14":"tag-guid_6089602746001","15":"tag-jean-luc-reichmann","16":"tag-les-12-coups-de-midi","17":"tag-les-douze-coups-de-midi","18":"tag-television","19":"tag-tv","20":"tag-uuid_5c5786fc-9183-406c-be9e-c998ce1f656a","21":"tag-xavier-les-12-coups-de-midi"},"share_on_mastodon":{"url":"https:\/\/pubeurope.com\/@fr\/114651649009797306","error":""},"_links":{"self":[{"href":"https:\/\/www.europesays.com\/fr\/wp-json\/wp\/v2\/posts\/162475","targetHints":{"allow":["GET"]}}],"collection":[{"href":"https:\/\/www.europesays.com\/fr\/wp-json\/wp\/v2\/posts"}],"about":[{"href":"https:\/\/www.europesays.com\/fr\/wp-json\/wp\/v2\/types\/post"}],"author":[{"embeddable":true,"href":"https:\/\/www.europesays.com\/fr\/wp-json\/wp\/v2\/users\/2"}],"replies":[{"embeddable":true,"href":"https:\/\/www.europesays.com\/fr\/wp-json\/wp\/v2\/comments?post=162475"}],"version-history":[{"count":0,"href":"https:\/\/www.europesays.com\/fr\/wp-json\/wp\/v2\/posts\/162475\/revisions"}],"wp:featuredmedia":[{"embeddable":true,"href":"https:\/\/www.europesays.com\/fr\/wp-json\/wp\/v2\/media\/162476"}],"wp:attachment":[{"href":"https:\/\/www.europesays.com\/fr\/wp-json\/wp\/v2\/media?parent=162475"}],"wp:term":[{"taxonomy":"category","embeddable":true,"href":"https:\/\/www.europesays.com\/fr\/wp-json\/wp\/v2\/categories?post=162475"},{"taxonomy":"post_tag","embeddable":true,"href":"https:\/\/www.europesays.com\/fr\/wp-json\/wp\/v2\/tags?post=162475"}],"curies":[{"name":"wp","href":"https:\/\/api.w.org\/{rel}","templated":true}]}}