{"id":162491,"date":"2025-06-09T05:08:09","date_gmt":"2025-06-09T05:08:09","guid":{"rendered":"https:\/\/www.europesays.com\/fr\/162491\/"},"modified":"2025-06-09T05:08:09","modified_gmt":"2025-06-09T05:08:09","slug":"israel-intercepte-le-bateau-humanitaire-avec-a-bord-rima-hassan-et-greta-thunberg","status":"publish","type":"post","link":"https:\/\/www.europesays.com\/fr\/162491\/","title":{"rendered":"Isra\u00ebl intercepte le bateau humanitaire avec \u00e0 bord Rima Hassan et Greta Thunberg"},"content":{"rendered":"<p>Madleen ne pourra pas atteindre son objectif. Le bateau humanitaire qui tentait de rallier <a href=\"https:\/\/www.20minutes.fr\/monde\/gaza\/\" target=\"_blank\" class=\"color-ultramarine c-link\" rel=\"noopener\">Gaza<\/a> \u2013 avec \u00e0 son bord l\u2019activiste su\u00e9doise <a href=\"https:\/\/www.20minutes.fr\/planete\/greta-thunberg\/\" target=\"_blank\" class=\"color-ultramarine c-link\" rel=\"noopener\">Greta Thunberg<\/a> ou encore l\u2019eurod\u00e9put\u00e9e franco-palestinienne de gauche <a href=\"https:\/\/www.20minutes.fr\/politique\/rima-hassan\/\" target=\"_blank\" class=\"color-ultramarine c-link\" rel=\"noopener\">Rima Hassan<\/a> \u2013 a \u00e9t\u00e9 d\u00e9rout\u00e9 dans la nuit de dimanche \u00e0 ce lundi par les autorit\u00e9s isra\u00e9liennes.<\/p>\n<p>Le navire \u00ab\u00a0fait route en toute s\u00e9curit\u00e9 vers les c\u00f4tes d\u2019<a href=\"https:\/\/www.20minutes.fr\/monde\/israel\/\" target=\"_blank\" class=\"color-ultramarine c-link\" rel=\"noopener\">Isra\u00ebl<\/a>. Il est pr\u00e9vu que les passagers retournent dans leurs pays\u00a0\u00bb, a indiqu\u00e9 le minist\u00e8re des Affaires \u00e9trang\u00e8res isra\u00e9lien.<\/p>\n<p>Plus d\u2019un an et demi de guerre<\/p>\n<p>Le voilier avec \u00e0 son bord douze militants, fran\u00e7ais, allemand, br\u00e9silien, turc, su\u00e9dois, espagnol et n\u00e9erlandais, \u00e9tait parti d\u2019Italie le 1er\u00a0juin pour \u00ab\u00a0briser le blocus isra\u00e9lien\u00a0\u00bb \u00e0 Gaza, en proie \u00e0 une situation humanitaire d\u00e9sastreuse apr\u00e8s plus d\u2019un an et demi de guerre entre l\u2019Etat h\u00e9breu et le <a href=\"https:\/\/www.20minutes.fr\/monde\/hamas\/\" target=\"_blank\" class=\"color-ultramarine c-link\" rel=\"noopener\">Hamas<\/a>. Apr\u00e8s une escale en Egypte, il \u00e9tait arriv\u00e9 \u00e0 moins de 31 milles nautiques (57\u00a0km) de Gaza en d\u00e9pit de l\u2019ordre donn\u00e9 par Isra\u00ebl \u00e0 son arm\u00e9e de l\u2019en emp\u00eacher.<\/p>\n<\/p>\n<p>Au cours de la nuit, l\u2019organisation Freedom Flotilla Coalition, qui a affr\u00e9t\u00e9 le bateau, avait annonc\u00e9 que l\u2019arm\u00e9e isra\u00e9lienne avait arraisonn\u00e9 celui-ci. L\u2019ONG avait affirm\u00e9 sur Telegram que l\u2019\u00e9quipage avait \u00e9t\u00e9 \u00ab\u00a0kidnapp\u00e9 par les forces isra\u00e9liennes\u00a0\u00bb. Le dirigeant du parti LFI de Rima Hassan, <a href=\"https:\/\/www.20minutes.fr\/politique\/jean-luc-melenchon\/\" target=\"_blank\" class=\"color-ultramarine c-link\" rel=\"noopener\">Jean-Luc M\u00e9lenchon<\/a>, a pour sa part d\u00e9nonc\u00e9 l&rsquo;\u00ab\u00a0arrestation ill\u00e9gale\u00a0\u00bb des 12 passagers.<\/p>\n<p>Le gouvernement isra\u00e9lien a accus\u00e9 ce lundi \u00ab\u00a0Greta Thunberg et les autres (d\u2019avoir) essay\u00e9 de mettre en sc\u00e8ne une provocation m\u00e9diatique dans le seul but de se faire de la publicit\u00e9\u00a0\u00bb. \u00ab\u00a0L\u2019Etat d\u2019Isra\u00ebl ne permettra \u00e0 personne de briser le blocus maritime de Gaza, dont l\u2019objectif principal est d\u2019emp\u00eacher le transfert d\u2019armes au Hamas, une organisation terroriste meurtri\u00e8re qui d\u00e9tient nos otages et commet des crimes de guerre\u00a0\u00bb, avait dit plus t\u00f4t le ministre isra\u00e9lien de la D\u00e9fense, Isra\u00ebl Katz.<\/p>\n<p>Les alertes de l\u2019ONU et l\u2019OMS<\/p>\n<p>Isra\u00ebl fait face \u00e0 une forte pression internationale pour mettre fin \u00e0 la guerre \u00e0 Gaza o\u00f9 la population est quotidiennement bombard\u00e9e et est menac\u00e9e de famine du fait des restrictions impos\u00e9es par Isra\u00ebl sur l\u2019aide, selon l\u2019ONU. Samedi, l\u2019Organisation mondiale de la Sant\u00e9 (OMS) a mis en garde contre \u00ab\u00a0l\u2019effondrement du syst\u00e8me de sant\u00e9 de la bande de Gaza\u00a0\u00bb, o\u00f9 \u00ab\u00a0il n\u2019y a d\u00e9j\u00e0 plus aucun h\u00f4pital en service dans le nord\u00a0\u00bb du territoire.<\/p>\n<p><a href=\"https:\/\/www.20minutes.fr\/monde\/conflit_israelo-palestinien\/\" target=\"_blank\" class=\"c-link c-btn c-btn--primary\" rel=\"noopener\">Notre dossier sur le Conflit isra\u00e9lo-palestinien<\/a><\/p>\n<p>L\u2019Etat h\u00e9breu est en guerre contre le Hamas depuis l\u2019attaque sanglante perp\u00e9tr\u00e9e par celui-ci en Isra\u00ebl le 7\u00a0octobre 2023. Celle-ci a entra\u00een\u00e9 la mort de 1.218 personnes c\u00f4t\u00e9 isra\u00e9lien, en majorit\u00e9 des civils, selon un d\u00e9compte fond\u00e9 sur des donn\u00e9es officielles. Plus de 54.772 Palestiniens, majoritairement des civils, ont \u00e9t\u00e9 tu\u00e9s dans la campagne militaire isra\u00e9lienne de repr\u00e9sailles, selon des donn\u00e9es du minist\u00e8re de la Sant\u00e9 du Hamas, jug\u00e9es fiables par l\u2019ONU.<\/p>\n","protected":false},"excerpt":{"rendered":"Madleen ne pourra pas atteindre son objectif. Le bateau humanitaire qui tentait de rallier Gaza \u2013 avec \u00e0&hellip;\n","protected":false},"author":2,"featured_media":162492,"comment_status":"","ping_status":"","sticky":false,"template":"","format":"standard","meta":{"footnotes":""},"categories":[5],"tags":[47,11,16176,3259,1011,27,665,26418,3519,14,664,3081,1023,74,12,15442,3520,133,28],"class_list":{"0":"post-162491","1":"post","2":"type-post","3":"status-publish","4":"format-standard","5":"has-post-thumbnail","7":"category-international","8":"tag-actualite","9":"tag-actualites","10":"tag-aide-humanitaire","11":"tag-conflit-israelo-palestinien","12":"tag-fr","13":"tag-france","14":"tag-gaza","15":"tag-greta-thunberg","16":"tag-hamas","17":"tag-international","18":"tag-israel","19":"tag-jean-luc-melenchon","20":"tag-la-france-insoumise-lfi","21":"tag-monde","22":"tag-news","23":"tag-rima-hassan","24":"tag-tsahal","25":"tag-video","26":"tag-world"},"share_on_mastodon":{"url":"https:\/\/pubeurope.com\/@fr\/114651680219636342","error":""},"_links":{"self":[{"href":"https:\/\/www.europesays.com\/fr\/wp-json\/wp\/v2\/posts\/162491","targetHints":{"allow":["GET"]}}],"collection":[{"href":"https:\/\/www.europesays.com\/fr\/wp-json\/wp\/v2\/posts"}],"about":[{"href":"https:\/\/www.europesays.com\/fr\/wp-json\/wp\/v2\/types\/post"}],"author":[{"embeddable":true,"href":"https:\/\/www.europesays.com\/fr\/wp-json\/wp\/v2\/users\/2"}],"replies":[{"embeddable":true,"href":"https:\/\/www.europesays.com\/fr\/wp-json\/wp\/v2\/comments?post=162491"}],"version-history":[{"count":0,"href":"https:\/\/www.europesays.com\/fr\/wp-json\/wp\/v2\/posts\/162491\/revisions"}],"wp:featuredmedia":[{"embeddable":true,"href":"https:\/\/www.europesays.com\/fr\/wp-json\/wp\/v2\/media\/162492"}],"wp:attachment":[{"href":"https:\/\/www.europesays.com\/fr\/wp-json\/wp\/v2\/media?parent=162491"}],"wp:term":[{"taxonomy":"category","embeddable":true,"href":"https:\/\/www.europesays.com\/fr\/wp-json\/wp\/v2\/categories?post=162491"},{"taxonomy":"post_tag","embeddable":true,"href":"https:\/\/www.europesays.com\/fr\/wp-json\/wp\/v2\/tags?post=162491"}],"curies":[{"name":"wp","href":"https:\/\/api.w.org\/{rel}","templated":true}]}}