{"id":162493,"date":"2025-06-09T05:09:14","date_gmt":"2025-06-09T05:09:14","guid":{"rendered":"https:\/\/www.europesays.com\/fr\/162493\/"},"modified":"2025-06-09T05:09:14","modified_gmt":"2025-06-09T05:09:14","slug":"a-nice-un-sommet-mondial-sur-les-oceans-en-pleine-urgence-ecologique-mediapart","status":"publish","type":"post","link":"https:\/\/www.europesays.com\/fr\/162493\/","title":{"rendered":"\u00c0 Nice, un sommet mondial sur les oc\u00e9ans en pleine urgence \u00e9cologique &#8211; Mediapart"},"content":{"rendered":"<ol>\n<li><a href=\"https:\/\/news.google.com\/rss\/articles\/CBMitgFBVV95cUxPLUlqbVBlOGJzTkJObDJyaW1lMk5MQzdlLUdfUzRYSUJGNVVzcGVQdXJXcjg5djRhTnhWNFhtNXlWOExSUHQ4allPbmFxaDM0SER5Q0tFaEVwNlNkVExIc0F1WVV6dmRFUWpaemwtUFNxb3VaVm53VEFZTkF5TmR0bzdGRTZmNC03bDhOMXdrQ0s4YnN1cWQ4UmcybndxUmduQVgxWnpIUXRIVmJvcmRHYlZ1Z0xZZw?oc=5\" target=\"_blank\" rel=\"nofollow noopener\">\u00c0 Nice, un sommet mondial sur les oc\u00e9ans en pleine urgence \u00e9cologique<\/a>&nbsp;&nbsp;Mediapart<\/li>\n<li><a href=\"https:\/\/news.google.com\/rss\/articles\/CBMi2AFBVV95cUxPT29oVFM4dGJ1VURMNjQzUEZjTnQ3QzcwY2cwVS1YQUNsbENSbDNFMU5zS2QyM3NjQWdmWFNCaWdOd21YMlJma0tIdUo1UGJ2NVVJRmIydEZqLVpWaFhyUlVoS0xGMi03RlF3UVNsYnlnMVp1bFpzWEJBLTk4aXZzTzBKTk1PaUpPZlBKOHFJSDZxbzJuR2NzWlBWYWxGSGx6YTdIUlFaZGc4aXg0UU84d2tzVU9rZzNJc3JYbUM0Ql9JcnRUUnNRa2xhdXNrN1JCN2VYSkR6UXY?oc=5\" target=\"_blank\" rel=\"nofollow noopener\">UNOC : \u00e0 Nice, la communaut\u00e9 internationale au chevet d\u2019un oc\u00e9an en d\u00e9tresse<\/a>&nbsp;&nbsp;Le Monde.fr<\/li>\n<li><a href=\"https:\/\/news.google.com\/rss\/articles\/CBMi1gFBVV95cUxNSURkaGM1TTBnOVMyd1NMMExGaUpOZDE2V0t5WGFTSGJuS1JwNmhyVWwya3phUVhxNnVCc3VhejlfcjRSSXVYRm45M3RXX2ZHRVB3UDBqd2RaRUV5ZVhaSkNWNFEyVDNFM3d0Sk1tYkFCSS1aX2FHUjZKazE1bmtITXp1M0d1Zm95aDZBTUw1Y2Nxdng5aHNfWmZPcTMydUF2cE5EYzllZjdrQl9KTmkydjZTMzNVYU1FUk9uNVV1OU41M19Gb2ZDUkp2R2hvSGw0LWV4cDZn?oc=5\" target=\"_blank\" rel=\"nofollow noopener\">Ressources marines : l&rsquo;exception polyn\u00e9sienne<\/a>&nbsp;&nbsp;Radio France<\/li>\n<li><a href=\"https:\/\/news.google.com\/rss\/articles\/CBMi8gFBVV95cUxQRWJoTHNRbC1jQkd1cU9jLTlocVkzb0tnRnlub243MGw1ajNUWFJQUXlMTWNSUV92UjhGeVd6SWlQR1Q0M0tPc21welo3RjYxYTEzTTBmOElCODJVM0VWU05lWWEwX3MwMjJ4d0cweElFd2o4bGdpU2lMOWpiN0N3dVF6ZGNidHB4VlJ1R09EMWpjNWNSSl8tWlpDYlhxRXRHbkcya0FWVGZsSGc3R1I4SUtGcnVtdHRZcFdocDRuTC1oem9VdDZMQy1MRjd5TFFrXzBwcTZETDlvLTVGU2dMZHg3Mkt2S3JDTi1Kb0JnQ3Zrdw?oc=5\" target=\"_blank\" rel=\"nofollow noopener\">Le navire de Greenpeace en route pour le sommet des oc\u00e9ans \u00e0 Nice, malgr\u00e9 une interdiction d&rsquo;acc\u00e8s au port<\/a>&nbsp;&nbsp;BFMTV<\/li>\n<li><a href=\"https:\/\/news.google.com\/rss\/articles\/CBMiiwJBVV95cUxPNU5DRHFPbDNDVTBldFd6MlNYU3gxQXlxM2RjdHNZc1drV01JY1R0Rkg1aEEyVnl0QlRTbUpBeW82VUd6Vl96RnRfVXZfTTQ0b0VBX1I3elZTbWM0Q1hzNVlGY0VlcHRJTG0xdEZOcUxPRFliVG93VVo5RThnUXdGYlhTZ1ZVcFdrcTlubEFVYkZIT0JJMjg5eTNEQmc2RE9Bd0RkbnNzeFk3TnFwNDJjd1laOHptaE9faWgxUW5zQTFVbzdBRENPWl93VDVldlMyWXBVRWgwRndHeC1lNkFvSy1NS3lrd0tKZ180cFpWMWVKaDQxTk9tQ2hBeWVxUHRsQ1paVlAxVzdSaHM?oc=5\" target=\"_blank\" rel=\"nofollow noopener\">Le Directeur g\u00e9n\u00e9ral de la Gendarmerie nationale aux c\u00f4t\u00e9s des militaires engag\u00e9s dans la s\u00e9curisation de l\u2019UNOC<\/a>&nbsp;&nbsp;Gendarmerie nationale<\/li>\n<\/ol>\n","protected":false},"excerpt":{"rendered":"\u00c0 Nice, un sommet mondial sur les oc\u00e9ans en pleine urgence \u00e9cologique&nbsp;&nbsp;Mediapart UNOC : \u00e0 Nice, la communaut\u00e9&hellip;\n","protected":false},"author":2,"featured_media":162494,"comment_status":"","ping_status":"","sticky":false,"template":"","format":"standard","meta":{"footnotes":""},"categories":[4],"tags":[11,1129,5169,1011,27,29528,12,2401,12687,25,12522],"class_list":{"0":"post-162493","1":"post","2":"type-post","3":"status-publish","4":"format-standard","5":"has-post-thumbnail","7":"category-france","8":"tag-actualites","9":"tag-climat","10":"tag-ecosystemes-et-pollution","11":"tag-fr","12":"tag-france","13":"tag-greenwashing","14":"tag-news","15":"tag-nice","16":"tag-oceans","17":"tag-republique-francaise","18":"tag-unoc"},"share_on_mastodon":{"url":"https:\/\/pubeurope.com\/@fr\/114651684082063958","error":""},"_links":{"self":[{"href":"https:\/\/www.europesays.com\/fr\/wp-json\/wp\/v2\/posts\/162493","targetHints":{"allow":["GET"]}}],"collection":[{"href":"https:\/\/www.europesays.com\/fr\/wp-json\/wp\/v2\/posts"}],"about":[{"href":"https:\/\/www.europesays.com\/fr\/wp-json\/wp\/v2\/types\/post"}],"author":[{"embeddable":true,"href":"https:\/\/www.europesays.com\/fr\/wp-json\/wp\/v2\/users\/2"}],"replies":[{"embeddable":true,"href":"https:\/\/www.europesays.com\/fr\/wp-json\/wp\/v2\/comments?post=162493"}],"version-history":[{"count":0,"href":"https:\/\/www.europesays.com\/fr\/wp-json\/wp\/v2\/posts\/162493\/revisions"}],"wp:featuredmedia":[{"embeddable":true,"href":"https:\/\/www.europesays.com\/fr\/wp-json\/wp\/v2\/media\/162494"}],"wp:attachment":[{"href":"https:\/\/www.europesays.com\/fr\/wp-json\/wp\/v2\/media?parent=162493"}],"wp:term":[{"taxonomy":"category","embeddable":true,"href":"https:\/\/www.europesays.com\/fr\/wp-json\/wp\/v2\/categories?post=162493"},{"taxonomy":"post_tag","embeddable":true,"href":"https:\/\/www.europesays.com\/fr\/wp-json\/wp\/v2\/tags?post=162493"}],"curies":[{"name":"wp","href":"https:\/\/api.w.org\/{rel}","templated":true}]}}